{"id":26377,"date":"2025-03-28T00:02:51","date_gmt":"2025-03-28T07:02:51","guid":{"rendered":"https:\/\/www.regioncuatronoticias.com\/?p=26377"},"modified":"2025-03-28T00:02:54","modified_gmt":"2025-03-28T07:02:54","slug":"que-le-pasa-al-ine","status":"publish","type":"post","link":"https:\/\/www.regioncuatronoticias.com\/index.php\/2025\/03\/28\/que-le-pasa-al-ine\/","title":{"rendered":"\u00bfQu\u00e9 le pasa al INE??"},"content":{"rendered":"\n<p><strong>Columna Encuadre<\/strong><\/p>\n\n\n\n<p><strong>Jos\u00e9 F. Medina<\/strong><\/p>\n\n\n\n<p><strong>&nbsp;\u00bfQu\u00e9 le pasa al INE??<\/strong><\/p>\n\n\n\n<p><strong>Viernes 28 de marzo de 2025<\/strong><\/p>\n\n\n\n<p>Con un p\u00e9simo \u201ctiming\u201d, el Instituto Nacional Electoral (INE) hizo todo, menos ser emp\u00e1tico con las colectivas feministas.<\/p>\n\n\n\n<p>Y es que hace unos d\u00edas, el organismo electoral tuvo la infeliz ocurrencia de notificar a una integrante del colectiva \u201cNi Una M\u00e1s Hermosillo\u201d, un Procedimiento Especial Sancionador (PES) promovido por Nicollino Guiseppe Mariano Cangiamilla Enr\u00edquez, excoordinador general de los Ceresos en Sonora y hoy candidato a Magistrado de Circuito, por presuntas calumnias por parte de la administradora de las redes sociales de dicha colectiva.<\/p>\n\n\n\n<p>\u00a1\u00a1Oh, my God!!<\/p>\n\n\n\n<p>En pleno marzo, mes en que se conmemora el D\u00eda Internacional de la Mujer!!<\/p>\n\n\n\n<p>En qu\u00e9 estaba pensando la autoridad electoral??. En qu\u00e9 estaba pensando Ver\u00f3nica Sandoval, la responsable del INE en la entidad?.<\/p>\n\n\n\n<p>Vamos a suponer usted y yo que estaban cumpliendo con su sacrosanta labor, pero, no pudo tomar una decisi\u00f3n m\u00e1s prudente?.<\/p>\n\n\n\n<p>S\u00ed, s\u00e9 que me van a espetar en pleno rostro que la vocal del INE ya dijo que esta instituci\u00f3n ni acosa ni instiga a colectivas, pero, todo me indica, que es \u201cde dientes pa\u2019 fuera\u201d.<\/p>\n\n\n\n<p>\u00bf\u00bfD\u00f3nde qued\u00f3 la sororidad de la que tanto hablan las autoridades??<\/p>\n\n\n\n<p>Ya lo vimos en la C\u00e1mara de Diputados con el caso de Cuauht\u00e9moc Blanco, y ahora esto. Puro cuento. La sororidad es una palabra bonita para un discurso pol\u00edticamente correcto.<\/p>\n\n\n\n<p>Como dice la chavalada: \u201cno, pos wooow\u201d.<\/p>\n\n\n\n<p>De acuerdo a lo que se sabe, la activista notificada ni tan siquiera tiene vinculaci\u00f3n con la gesti\u00f3n de redes sociales del colectiva, pero eso no fue suficiente para el INE. Ellos quer\u00edan notificar, y lo hicieron. Punto.<\/p>\n\n\n\n<p>Sin duda, un intento de hostigar la labor de denuncia de violencia de g\u00e9nero de esta colectiva.<\/p>\n\n\n\n<p>De hecho, en un comunicado dirigido a la opini\u00f3n p\u00fablica, las integrantes de \u201cNi Una M\u00e1s Hermosillo\u201d, apoyadas por otras colectivas y activistas en lo particular, se\u00f1alaron que el INE, en lugar de investigar a Cangiamilla Enr\u00edquez (quien enfrenta se\u00f1alamientos p\u00fablicos por su presunta responsabilidad en el feminicidio de Paula Josette), destina recursos p\u00fablicos para perseguir a defensoras de derechos humanos.<\/p>\n\n\n\n<p>Qu\u00e9 la Ley General de Acceso de las Mujeres a una Vida Libre de Violencia no protege el derecho a la libre expresi\u00f3n contra la violencia machista??. Argumento suficiente para que la autoridad electoral hubiese desechado la queja del exfuncionario estatal.<\/p>\n\n\n\n<p>Con su actuar, el INE incurre en violencia institucional. Ni m\u00e1s ni menos.<\/p>\n\n\n\n<p><strong>ENCUADRE MUJERIL<\/strong><\/p>\n\n\n\n<p>Pero bueno, no todo est\u00e1 perdido. Desde Etchojoa me informan de un evento con m\u00e1s de 200 mujeres que se reunieron aglutinadas en el Partido Sonorense, como parte de la conmemoraci\u00f3n del D\u00eda Internacional de la Mujer.<\/p>\n\n\n\n<p>Una reuni\u00f3n que tuvo como anfitriona a la regidora Ana Lilia C\u00f3rdova, quien no dej\u00f3 escapar detalle para que todo saliera a pedir de boca.<\/p>\n\n\n\n<p>Por las fotograf\u00edas que circularon, por ah\u00ed pudimos apreciar la presencia de la regidora navojoense Paulina Oma\u00f1a, Perla Astorga y la secretaria general del PS en Navojoa, Cristina Ch\u00e1irez, entre otras.<\/p>\n\n\n\n<p>Sin faltar entre el mujer\u00edo sonorense, Al\u00ed Camacho, dirigente estatal del PS; Fernando Valenzuela, vicepresidente; Marco Aurelio Cuevas, secretario jur\u00eddico; Guillermo \u201cEl Cuate\u201d Ruiz, delegado regional del PS en el sur del Estado, y Julio C\u00e9sar Elizalde, presidente del comit\u00e9 municipal en Navojoa.<\/p>\n\n\n\n<p>\u00a1\u00a1Bien por El Sonorense!!<\/p>\n\n\n\n<p><strong>&nbsp;ENCUADRE PUNZANTE<\/strong><\/p>\n\n\n\n<p><strong>1).<\/strong> Tras semanas de silencio, la dirigente nacional de Morena, Luisa Mar\u00eda Alcalde, en concordancia con la presidenta Sheinbaum, esgrimi\u00f3 su misma t\u00e1ctica: se lanz\u00f3 con todo contra el exfiscal de Morelos, Uriel Carmona, como para tratar de desvirtuar la exoneraci\u00f3n de Cuauht\u00e9moc Blanco en la C\u00e1mara de Diputados, acusado de intento de violaci\u00f3n por una media hermana. Insisto: Carmona podr\u00e1 ser toda una \u201cfichita\u201d, pero eso no debe de impedir una verdadera investigaci\u00f3n del hecho y una postura m\u00e1s coherente en el discurso pro mujer.<\/p>\n\n\n\n<p><strong>2).<\/strong> Y a prop\u00f3sito de f\u00e9minas: la priista Kiki D\u00edaz Brown renunci\u00f3 a su cargo de secretaria de Acci\u00f3n Social del Comit\u00e9 Directivo del PRI en Sonora. M\u00e1s parece empujada por su acendrado beltronismo que por convicci\u00f3n propia. Ciertamente que la falta de tacto pol\u00edtico de Alito Moreno, al venir y \u201ccuachar\u201d a Beltrones en su propio gallinero, puede provocar una desbandada de tricolores sonorenses. Ya veremos.<\/p>\n\n\n\n<p>IN PROXIMUM<\/p>\n\n\n\n<p><strong>&nbsp;Me puedes seguir en FB: Jos\u00e9 Felipe Medina<\/strong><\/p>\n\n\n\n<p><strong>En X: @josefe31, @fm_informativo<\/strong><\/p>\n\n\n\n<p><strong>Correo electr\u00f3nico: josefe31@hotmail.com, josefe31@gmail.com<\/strong><\/p>\n\n\n\n<p><strong>FMINFORMATIVO.COM<\/strong><\/p>\n","protected":false},"excerpt":{"rendered":"<p>Columna Encuadre Jos\u00e9 F. Medina &nbsp;\u00bfQu\u00e9 le pasa al INE?? Viernes 28 de marzo de 2025 Con un p\u00e9simo \u201ctiming\u201d, el Instituto Nacional Electoral (INE) hizo todo, menos ser emp\u00e1tico con las colectivas feministas. Y es que hace unos d\u00edas, el organismo electoral tuvo la infeliz ocurrencia de notificar a una integrante del colectiva \u201cNi [&hellip;]<\/p>\n","protected":false},"author":1,"featured_media":26378,"comment_status":"open","ping_status":"open","sticky":false,"template":"","format":"standard","meta":{"content-type":"","footnotes":""},"categories":[122],"tags":[],"class_list":{"0":"post-26377","1":"post","2":"type-post","3":"status-publish","4":"format-standard","5":"has-post-thumbnail","7":"category-jose-felipe-medina"},"_links":{"self":[{"href":"https:\/\/www.regioncuatronoticias.com\/index.php\/wp-json\/wp\/v2\/posts\/26377","targetHints":{"allow":["GET"]}}],"collection":[{"href":"https:\/\/www.regioncuatronoticias.com\/index.php\/wp-json\/wp\/v2\/posts"}],"about":[{"href":"https:\/\/www.regioncuatronoticias.com\/index.php\/wp-json\/wp\/v2\/types\/post"}],"author":[{"embeddable":true,"href":"https:\/\/www.regioncuatronoticias.com\/index.php\/wp-json\/wp\/v2\/users\/1"}],"replies":[{"embeddable":true,"href":"https:\/\/www.regioncuatronoticias.com\/index.php\/wp-json\/wp\/v2\/comments?post=26377"}],"version-history":[{"count":1,"href":"https:\/\/www.regioncuatronoticias.com\/index.php\/wp-json\/wp\/v2\/posts\/26377\/revisions"}],"predecessor-version":[{"id":26379,"href":"https:\/\/www.regioncuatronoticias.com\/index.php\/wp-json\/wp\/v2\/posts\/26377\/revisions\/26379"}],"wp:featuredmedia":[{"embeddable":true,"href":"https:\/\/www.regioncuatronoticias.com\/index.php\/wp-json\/wp\/v2\/media\/26378"}],"wp:attachment":[{"href":"https:\/\/www.regioncuatronoticias.com\/index.php\/wp-json\/wp\/v2\/media?parent=26377"}],"wp:term":[{"taxonomy":"category","embeddable":true,"href":"https:\/\/www.regioncuatronoticias.com\/index.php\/wp-json\/wp\/v2\/categories?post=26377"},{"taxonomy":"post_tag","embeddable":true,"href":"https:\/\/www.regioncuatronoticias.com\/index.php\/wp-json\/wp\/v2\/tags?post=26377"}],"curies":[{"name":"wp","href":"https:\/\/api.w.org\/{rel}","templated":true}]}}