{"id":26371,"date":"2025-03-27T23:49:34","date_gmt":"2025-03-28T06:49:34","guid":{"rendered":"https:\/\/www.regioncuatronoticias.com\/?p=26371"},"modified":"2025-03-27T23:49:37","modified_gmt":"2025-03-28T06:49:37","slug":"cfe-inicia-operacion-de-termoelectrica-altar-para-temporada-de-maxima-demanda","status":"publish","type":"post","link":"https:\/\/www.regioncuatronoticias.com\/index.php\/2025\/03\/27\/cfe-inicia-operacion-de-termoelectrica-altar-para-temporada-de-maxima-demanda\/","title":{"rendered":"CFE inicia operaci\u00f3n de termoel\u00e9ctrica Altar para temporada de m\u00e1xima demanda"},"content":{"rendered":"\n<p><strong>Por su ubicaci\u00f3n geogr\u00e1fica al noroeste del Gran Desierto de Altar, la energ\u00eda generada est\u00e1 destinada a fortalecer el Sistema El\u00e9ctrico de Baja California.<\/strong><\/p>\n\n\n\n<p>Tomado de El Economista<\/p>\n\n\n\n<p>Karol Garc\u00eda<\/p>\n\n\n\n<p>Jueves 27 de marzo de 2025<\/p>\n\n\n\n<p>La Comisi\u00f3n Federal de Electricidad (CFE) inici\u00f3 el mi\u00e9rcoles la operaci\u00f3n comercial de la Central de Combusti\u00f3n Interna Altar, ubicada en Sonora, que con 22 unidades de generaci\u00f3n y una capacidad total de 202 megawatts participar\u00e1 en la venta de energ\u00eda contratada por grandes usuarios que pueden ser las propias unidades de distribuci\u00f3n de la empresa en el mercado el\u00e9ctrico mayorista (MEM), con precios spot que le dan mayor rentabilidad al negocio.<\/p>\n\n\n\n<p>Esta planta termoel\u00e9ctrica entra en funciones en la temporada de mayor demanda de energ\u00eda. Para apoyar al Centro Nacional de Control de Energ\u00eda (Cenace) en la atenci\u00f3n de la demanda de verano de 2023 y 2024, la Central particip\u00f3 en los Protocolos Correctivos de Verano desde el 1 de junio 2023.<\/p>\n\n\n\n<p>Por su ubicaci\u00f3n geogr\u00e1fica al noroeste del Gran Desierto de Altar, la energ\u00eda generada est\u00e1 destinada a fortalecer el Sistema El\u00e9ctrico de Baja California, explic\u00f3 la estatal en un comunicado.<\/p>\n\n\n\n<p>\u201cEn atenci\u00f3n al principio de beneficio social que rige sus operaciones, la Comisi\u00f3n Federal de Electricidad (CFE) pone en marcha esta nueva infraestructura con el objetivo de garantizar un suministro de energ\u00eda el\u00e9ctrica confiable, seguro y de calidad para los habitantes de la regi\u00f3n\u201d, asegur\u00f3.<\/p>\n\n\n\n<p>La Central Altar est\u00e1 equipada con tecnolog\u00eda y una alta capacidad de respuesta, lo que le permitir\u00e1 aportar mayor estabilidad a la Red Nacional de Transmisi\u00f3n.<\/p>\n\n\n\n<p>Su operaci\u00f3n beneficiar\u00e1 a 660,000 habitantes de Sonora y Baja California, a partir del aumento de la capacidad de generaci\u00f3n, sobre todo para atender la \u00e9poca de verano, considerada de demanda m\u00e1xima por las temperaturas extremas de la regi\u00f3n.<\/p>\n\n\n\n<p>Esta central opera bajo un esquema dual que le permite utilizar gas natural y di\u00e9sel para la generaci\u00f3n de electricidad, lo que la convierte en una instalaci\u00f3n flexible, expuso la empresa p\u00fablica.<\/p>\n\n\n\n<figure class=\"wp-block-embed\"><div class=\"wp-block-embed__wrapper\">\nhttps:\/\/www.eleconomista.com.mx\/empresas\/cfe-inicia-operacion-termoelectrica-altar-temporada-maxima-demanda-20250327-752313.html\n<\/div><\/figure>\n","protected":false},"excerpt":{"rendered":"<p>Por su ubicaci\u00f3n geogr\u00e1fica al noroeste del Gran Desierto de Altar, la energ\u00eda generada est\u00e1 destinada a fortalecer el Sistema El\u00e9ctrico de Baja California. Tomado de El Economista Karol Garc\u00eda Jueves 27 de marzo de 2025 La Comisi\u00f3n Federal de Electricidad (CFE) inici\u00f3 el mi\u00e9rcoles la operaci\u00f3n comercial de la Central de Combusti\u00f3n Interna Altar, [&hellip;]<\/p>\n","protected":false},"author":1,"featured_media":26372,"comment_status":"open","ping_status":"open","sticky":false,"template":"","format":"standard","meta":{"content-type":"","footnotes":""},"categories":[114,105,9],"tags":[],"class_list":{"0":"post-26371","1":"post","2":"type-post","3":"status-publish","4":"format-standard","5":"has-post-thumbnail","7":"category-economia","8":"category-principal","9":"category-sonora"},"_links":{"self":[{"href":"https:\/\/www.regioncuatronoticias.com\/index.php\/wp-json\/wp\/v2\/posts\/26371","targetHints":{"allow":["GET"]}}],"collection":[{"href":"https:\/\/www.regioncuatronoticias.com\/index.php\/wp-json\/wp\/v2\/posts"}],"about":[{"href":"https:\/\/www.regioncuatronoticias.com\/index.php\/wp-json\/wp\/v2\/types\/post"}],"author":[{"embeddable":true,"href":"https:\/\/www.regioncuatronoticias.com\/index.php\/wp-json\/wp\/v2\/users\/1"}],"replies":[{"embeddable":true,"href":"https:\/\/www.regioncuatronoticias.com\/index.php\/wp-json\/wp\/v2\/comments?post=26371"}],"version-history":[{"count":1,"href":"https:\/\/www.regioncuatronoticias.com\/index.php\/wp-json\/wp\/v2\/posts\/26371\/revisions"}],"predecessor-version":[{"id":26373,"href":"https:\/\/www.regioncuatronoticias.com\/index.php\/wp-json\/wp\/v2\/posts\/26371\/revisions\/26373"}],"wp:featuredmedia":[{"embeddable":true,"href":"https:\/\/www.regioncuatronoticias.com\/index.php\/wp-json\/wp\/v2\/media\/26372"}],"wp:attachment":[{"href":"https:\/\/www.regioncuatronoticias.com\/index.php\/wp-json\/wp\/v2\/media?parent=26371"}],"wp:term":[{"taxonomy":"category","embeddable":true,"href":"https:\/\/www.regioncuatronoticias.com\/index.php\/wp-json\/wp\/v2\/categories?post=26371"},{"taxonomy":"post_tag","embeddable":true,"href":"https:\/\/www.regioncuatronoticias.com\/index.php\/wp-json\/wp\/v2\/tags?post=26371"}],"curies":[{"name":"wp","href":"https:\/\/api.w.org\/{rel}","templated":true}]}}