{"id":26353,"date":"2025-03-27T23:35:25","date_gmt":"2025-03-28T06:35:25","guid":{"rendered":"https:\/\/www.regioncuatronoticias.com\/?p=26353"},"modified":"2025-03-27T23:35:27","modified_gmt":"2025-03-28T06:35:27","slug":"vota-el-45-76-por-ciento-de-la-poblacion-universitaria-en-la-eleccion-de-rector-2025-2030","status":"publish","type":"post","link":"https:\/\/www.regioncuatronoticias.com\/index.php\/2025\/03\/27\/vota-el-45-76-por-ciento-de-la-poblacion-universitaria-en-la-eleccion-de-rector-2025-2030\/","title":{"rendered":"Vota el 45.76 por ciento de la poblaci\u00f3n universitaria en la elecci\u00f3n de Rector 2025-2030"},"content":{"rendered":"\n<p><strong>Fueron los alumnos los m\u00e1s ap\u00e1ticos con el apenas el 43 por ciento de participaci\u00f3n en la elecci\u00f3n.<\/strong><\/p>\n\n\n\n<p>Tomado de Dossier Pol\u00edtico<\/p>\n\n\n\n<p>Santiago Garc\u00eda C.<\/p>\n\n\n\n<p>Mi\u00e9rcoles 26 de marzo de 2025<\/p>\n\n\n\n<p>Hermosillo, Sonora.- Al finalizar la votaci\u00f3n electr\u00f3nica para la elecci\u00f3n de Rector o Rectora en la Universidad de Sonora, de acuerdo a los datos dados a conocer por la Comisi\u00f3n Electoral, en esta elecci\u00f3n solo vot\u00f3 el 45.76 por ciento de los universitarios.<\/p>\n\n\n\n<p>El total de la lista electoral para este proceso fue de 38 mil 731 personas, entre maestros, trabajadores y alumnado.<\/p>\n\n\n\n<p>Por sector, los acad\u00e9micos fueron los que tuvieron una mayor participaci\u00f3n en este proceso electoral con el 70.306 por ciento.<\/p>\n\n\n\n<p>En segundo lugar fueron el personal administrativo con el 52.966 por ciento.<\/p>\n\n\n\n<p>Por \u00faltimo, los alumnos, con el porcentaje m\u00e1s bajo, solo el 43.463 por ciento.<\/p>\n\n\n\n<p>Los resultados de esta elecci\u00f3n permanecen en secrec\u00eda por parte de la Comisi\u00f3n Electoral, quien los entregar\u00e1 al Colegiado Permanente de Asuntos Electorales, y este a su vez, lo entregar\u00e1 al Colegio Universitario quien el viernes 28 del presente mes dar\u00e1 a conocer qui\u00e9nes de los 6 candidatos fueron los mejores evaluados, y con base a ello, conformar la TERNA que pasar\u00e1 a la siguiente ronda.<\/p>\n\n\n\n<figure class=\"wp-block-embed is-type-wp-embed is-provider-dossier-pol-tico wp-block-embed-dossier-pol-tico\"><div class=\"wp-block-embed__wrapper\">\n<blockquote class=\"wp-embedded-content\" data-secret=\"50El2kN4i5\"><a href=\"https:\/\/dossierpolitico.com\/2025\/03\/26\/vota-el-45-76-por-ciento-de-la-poblacion-universitaria-en-la-eleccion-de-rector-2025-2030\/\">Vota el 45.76 por ciento de la poblaci\u00f3n universitaria en la elecci\u00f3n de Rector 2025-2030<\/a><\/blockquote><iframe loading=\"lazy\" class=\"wp-embedded-content\" sandbox=\"allow-scripts\" security=\"restricted\" style=\"position: absolute; visibility: hidden;\" title=\"&#8220;Vota el 45.76 por ciento de la poblaci\u00f3n universitaria en la elecci\u00f3n de Rector 2025-2030&#8221; &#8212; Dossier Pol\u00edtico\" src=\"https:\/\/dossierpolitico.com\/2025\/03\/26\/vota-el-45-76-por-ciento-de-la-poblacion-universitaria-en-la-eleccion-de-rector-2025-2030\/embed\/#?secret=V2PpLBgK3D#?secret=50El2kN4i5\" data-secret=\"50El2kN4i5\" width=\"600\" height=\"338\" frameborder=\"0\" marginwidth=\"0\" marginheight=\"0\" scrolling=\"no\"><\/iframe>\n<\/div><\/figure>\n","protected":false},"excerpt":{"rendered":"<p>Fueron los alumnos los m\u00e1s ap\u00e1ticos con el apenas el 43 por ciento de participaci\u00f3n en la elecci\u00f3n. Tomado de Dossier Pol\u00edtico Santiago Garc\u00eda C. Mi\u00e9rcoles 26 de marzo de 2025 Hermosillo, Sonora.- Al finalizar la votaci\u00f3n electr\u00f3nica para la elecci\u00f3n de Rector o Rectora en la Universidad de Sonora, de acuerdo a los datos [&hellip;]<\/p>\n","protected":false},"author":1,"featured_media":26354,"comment_status":"open","ping_status":"open","sticky":false,"template":"","format":"standard","meta":{"content-type":"","footnotes":""},"categories":[115,105,9],"tags":[],"class_list":{"0":"post-26353","1":"post","2":"type-post","3":"status-publish","4":"format-standard","5":"has-post-thumbnail","7":"category-politica","8":"category-principal","9":"category-sonora"},"_links":{"self":[{"href":"https:\/\/www.regioncuatronoticias.com\/index.php\/wp-json\/wp\/v2\/posts\/26353","targetHints":{"allow":["GET"]}}],"collection":[{"href":"https:\/\/www.regioncuatronoticias.com\/index.php\/wp-json\/wp\/v2\/posts"}],"about":[{"href":"https:\/\/www.regioncuatronoticias.com\/index.php\/wp-json\/wp\/v2\/types\/post"}],"author":[{"embeddable":true,"href":"https:\/\/www.regioncuatronoticias.com\/index.php\/wp-json\/wp\/v2\/users\/1"}],"replies":[{"embeddable":true,"href":"https:\/\/www.regioncuatronoticias.com\/index.php\/wp-json\/wp\/v2\/comments?post=26353"}],"version-history":[{"count":1,"href":"https:\/\/www.regioncuatronoticias.com\/index.php\/wp-json\/wp\/v2\/posts\/26353\/revisions"}],"predecessor-version":[{"id":26355,"href":"https:\/\/www.regioncuatronoticias.com\/index.php\/wp-json\/wp\/v2\/posts\/26353\/revisions\/26355"}],"wp:featuredmedia":[{"embeddable":true,"href":"https:\/\/www.regioncuatronoticias.com\/index.php\/wp-json\/wp\/v2\/media\/26354"}],"wp:attachment":[{"href":"https:\/\/www.regioncuatronoticias.com\/index.php\/wp-json\/wp\/v2\/media?parent=26353"}],"wp:term":[{"taxonomy":"category","embeddable":true,"href":"https:\/\/www.regioncuatronoticias.com\/index.php\/wp-json\/wp\/v2\/categories?post=26353"},{"taxonomy":"post_tag","embeddable":true,"href":"https:\/\/www.regioncuatronoticias.com\/index.php\/wp-json\/wp\/v2\/tags?post=26353"}],"curies":[{"name":"wp","href":"https:\/\/api.w.org\/{rel}","templated":true}]}}