{"id":26345,"date":"2025-03-27T23:31:26","date_gmt":"2025-03-28T06:31:26","guid":{"rendered":"https:\/\/www.regioncuatronoticias.com\/?p=26345"},"modified":"2025-03-27T23:31:28","modified_gmt":"2025-03-28T06:31:28","slug":"cumple-tono-astiazaran-con-parque-lineal-lazaro-cardenas-obra-ganadora-del-presupuesto-creces-2024","status":"publish","type":"post","link":"https:\/\/www.regioncuatronoticias.com\/index.php\/2025\/03\/27\/cumple-tono-astiazaran-con-parque-lineal-lazaro-cardenas-obra-ganadora-del-presupuesto-creces-2024\/","title":{"rendered":"Cumple To\u00f1o Astiazar\u00e1n con Parque Lineal L\u00e1zaro C\u00e1rdenas, obra ganadora del presupuesto CRECES 2024"},"content":{"rendered":"\n<p><strong>&#8211; Presenta el proyecto de este espacio seguro, iluminado, arborizado, propicio para la activaci\u00f3n f\u00edsica y esparcimiento familiar<\/strong><\/p>\n\n\n\n<p>Hermosillo, Sonora; 25 de marzo, 2025.- El Parque Lineal L\u00e1zaro C\u00e1rdenas, obra ganadora de proyecto de ciudad en 2024 fue presentado por el presidente municipal Antonio Astiazar\u00e1n Guti\u00e9rrez ante vecinas y vecinos que ser\u00e1n beneficiados de 27 colonias del norponiente de la ciudad.<\/p>\n\n\n\n<p>To\u00f1o Astiazar\u00e1n detall\u00f3 que el Parque Lineal, ganador con 15 mil 15 votos en la pasada edici\u00f3n de Presupuesto CRECES, marcar\u00e1 un antes y un despu\u00e9s para quienes transiten por esta vialidad y sus habitantes, al ser un espacio seguro, iluminado, arborizado, propicio para la activaci\u00f3n f\u00edsica y esparcimiento familiar.<\/p>\n\n\n\n<p>En el andador que ser\u00e1 una realidad en los pr\u00f3ximos meses se invertir\u00e1n 21 millones de pesos en su primera etapa, la cual abarcar\u00e1 1.3 kil\u00f3metros de un total de 3.3 kil\u00f3metros.<\/p>\n\n\n\n<p>To\u00f1o Astiazar\u00e1n describi\u00f3 que el proyecto incluye la rehabilitaci\u00f3n completa de la calle Campillo, as\u00ed como mejoras sustanciales en el canal pluvial L\u00e1zaro C\u00e1rdenas, el cual se revestir\u00e1 con paredes de gaviones y en el exterior se colocar\u00e1 iluminaci\u00f3n, \u00e1rboles, andadores, cruces peatonales y mobiliario similar al del Parque Madero.<\/p>\n\n\n\n<p>La noticia la comparti\u00f3 en la colonia Virreyes, ante residentes y representantes vecinales de las colonias Benito Ju\u00e1rez, Camino Real, Chaparral, CNOP, Floresta, G\u00f3mez Mor\u00edn, Isabeles, Jardines, Ladrilleras, Las Aves, Luis Donaldo Colosio, Machi L\u00f3pez, M\u00e1rtires de Cananea, Miguel Hidalgo, Misioneros, Real del Cardo, Real del Cobre, Norberto Ortega, Nueva Castilla, Nueva Victoria, Sol Aguilar, Solidaridad, Uni\u00f3n de Colonos, Valles del Portal, Villa Sauce y Vi\u00f1edos.<\/p>\n\n\n\n<p>El Presidente Municipal reiter\u00f3 el llamado a las y los hermosillenses a participar en el presupuesto CRECES 2025, que este a\u00f1o tendr\u00e1 una bolsa de 100 millones de pesos, ya que son los mismos residentes de las colonias quienes deciden los proyectos que ser\u00e1n de beneficio comunitario.<\/p>\n\n\n\n<p>\u201cYo les quiero decir que estoy tan comprometido con mis amigas y amigos integrantes de los comit\u00e9s CRECES, pero sobre todo con este poder ciudadano para poder decidir las obras m\u00e1s importantes, no las que decida el To\u00f1o, no la que decida el Presidente, el Ayuntamiento o los funcionarios detr\u00e1s de un escritorio, sino las que ustedes deciden, por eso hoy quiero anunciarles que para el pr\u00f3ximo a\u00f1o, y lo vamos a votar este a\u00f1o, vamos a tener otra bolsa adicional de 100 millones de pesos del Presupuesto CRECES\u201d, destac\u00f3.<\/p>\n\n\n\n<p>Reciben con entusiasmo detalles del Parque Lineal L\u00e1zaro C\u00e1rdenas<\/p>\n\n\n\n<p>\u201cEstoy fascinada, la verdad, porque ah\u00ed era un polvadero, y como vimos en la pantalla que va a quedar, ser\u00e1 espectacular, yo encantad\u00edsima, creo que la mayor\u00eda de la gente vamos a estar encantados con ese andador\u201d, opin\u00f3 la se\u00f1ora Gloria Irma Saucedo Ju\u00e1rez, residente de la colonia Solidaridad Occidental.<\/p>\n\n\n\n<p>\u201cMe parece excelente la idea, yo tengo 30 a\u00f1os viviendo aqu\u00ed y ve\u00eda el canal todo el tiempo lleno de hierba y cuando llov\u00eda se inundaba, y los asaltos y todo, me parece muy bien que el To\u00f1o est\u00e1 trabajando excelente\u201d, expres\u00f3 por su parte Irma Mu\u00f1oz Soto, residente desde hace 30 a\u00f1os de la colonia Solidaridad.<\/p>\n\n\n\n<p>\u201cEs muy importante, todo crecimiento es para mejora de todos nosotros que estamos viviendo aqu\u00ed en Hermosillo Sonora\u201d, afirm\u00f3 a su vez Mar\u00eda Hilda G\u00e1mez G\u00e1lvez, con 34 a\u00f1os viviendo en la colonia Solidaridad.<\/p>\n\n\n\n<p>Estuvo acompa\u00f1ado por Daniel Garc\u00eda Escalante, director de Participaci\u00f3n Ciudadana; Jos\u00e9 Carrillo Atondo, director del Instituto Municipal de Planeaci\u00f3n y del Espacio P\u00fablico (IMPLAN); Astart\u00e9 Corro Ruiz, titular de la Direcci\u00f3n de Desarrollo de Infraestructura (DGDI); Carla Neudert C\u00f3rdova, directora de la Agencia Municipal de Energ\u00eda y Cambio Clim\u00e1tico y la se\u00f1ora Elizabeth Guti\u00e9rrez Mart\u00ednez, representante de los comit\u00e9s vecinales CRECES de la zona.<\/p>\n","protected":false},"excerpt":{"rendered":"<p>&#8211; Presenta el proyecto de este espacio seguro, iluminado, arborizado, propicio para la activaci\u00f3n f\u00edsica y esparcimiento familiar Hermosillo, Sonora; 25 de marzo, 2025.- El Parque Lineal L\u00e1zaro C\u00e1rdenas, obra ganadora de proyecto de ciudad en 2024 fue presentado por el presidente municipal Antonio Astiazar\u00e1n Guti\u00e9rrez ante vecinas y vecinos que ser\u00e1n beneficiados de 27 [&hellip;]<\/p>\n","protected":false},"author":1,"featured_media":26346,"comment_status":"open","ping_status":"open","sticky":false,"template":"","format":"standard","meta":{"content-type":"","footnotes":""},"categories":[8],"tags":[],"class_list":{"0":"post-26345","1":"post","2":"type-post","3":"status-publish","4":"format-standard","5":"has-post-thumbnail","7":"category-hermosillo"},"_links":{"self":[{"href":"https:\/\/www.regioncuatronoticias.com\/index.php\/wp-json\/wp\/v2\/posts\/26345","targetHints":{"allow":["GET"]}}],"collection":[{"href":"https:\/\/www.regioncuatronoticias.com\/index.php\/wp-json\/wp\/v2\/posts"}],"about":[{"href":"https:\/\/www.regioncuatronoticias.com\/index.php\/wp-json\/wp\/v2\/types\/post"}],"author":[{"embeddable":true,"href":"https:\/\/www.regioncuatronoticias.com\/index.php\/wp-json\/wp\/v2\/users\/1"}],"replies":[{"embeddable":true,"href":"https:\/\/www.regioncuatronoticias.com\/index.php\/wp-json\/wp\/v2\/comments?post=26345"}],"version-history":[{"count":1,"href":"https:\/\/www.regioncuatronoticias.com\/index.php\/wp-json\/wp\/v2\/posts\/26345\/revisions"}],"predecessor-version":[{"id":26347,"href":"https:\/\/www.regioncuatronoticias.com\/index.php\/wp-json\/wp\/v2\/posts\/26345\/revisions\/26347"}],"wp:featuredmedia":[{"embeddable":true,"href":"https:\/\/www.regioncuatronoticias.com\/index.php\/wp-json\/wp\/v2\/media\/26346"}],"wp:attachment":[{"href":"https:\/\/www.regioncuatronoticias.com\/index.php\/wp-json\/wp\/v2\/media?parent=26345"}],"wp:term":[{"taxonomy":"category","embeddable":true,"href":"https:\/\/www.regioncuatronoticias.com\/index.php\/wp-json\/wp\/v2\/categories?post=26345"},{"taxonomy":"post_tag","embeddable":true,"href":"https:\/\/www.regioncuatronoticias.com\/index.php\/wp-json\/wp\/v2\/tags?post=26345"}],"curies":[{"name":"wp","href":"https:\/\/api.w.org\/{rel}","templated":true}]}}