{"id":26333,"date":"2025-03-27T23:24:59","date_gmt":"2025-03-28T06:24:59","guid":{"rendered":"https:\/\/www.regioncuatronoticias.com\/?p=26333"},"modified":"2025-03-27T23:25:01","modified_gmt":"2025-03-28T06:25:01","slug":"celebra-tono-astiazaran-exito-de-la-8va-muestra-gastronomica-de-san-pedro","status":"publish","type":"post","link":"https:\/\/www.regioncuatronoticias.com\/index.php\/2025\/03\/27\/celebra-tono-astiazaran-exito-de-la-8va-muestra-gastronomica-de-san-pedro\/","title":{"rendered":"Celebra To\u00f1o Astiazar\u00e1n \u00e9xito de la 8va Muestra Gastron\u00f3mica de San Pedro"},"content":{"rendered":"\n<p><strong>&#8211; Recorri\u00f3 los stands de alimentos acompa\u00f1ado de su esposa Patty Ruibal<\/strong><\/p>\n\n\n\n<p><strong>&#8211; M\u00e1s de 40 negocios ofrecieron lo mejor de sus productos sonorenses durante el tradicional evento<\/strong><\/p>\n\n\n\n<p>Hermosillo, Sonora; 22 de marzo, 2025.- \u201cEsta muestra va mejorando cada edici\u00f3n tanto en n\u00famero de visitantes, derrama econ\u00f3mica y en la riqueza de platillos\u201d, expres\u00f3 Antonio Astiazar\u00e1n junto a su esposa Patricia Ruibal Zaragoza durante el exitoso inicio de la 8va Muestra Gastron\u00f3mica de San Pedro.<\/p>\n\n\n\n<p>El presidente municipal y la presidenta de DIF Hermosillo atestiguaron el \u00e9xito del tradicional evento que fortalece la econom\u00eda local, el cual cuenta con m\u00e1s de 60 stands de servicios, productos y tradicionales platillos que reflejan la identidad de sonorenses.<\/p>\n\n\n\n<p>Desde la cl\u00e1sica carne asada que imprime un sello distintivo al estado, hasta el tradicional plato de cocido desprendieron el aroma t\u00edpico de la cocina sonorense que no solamente ha trascendido generaciones, tambi\u00e9n, ha conquistado el paladar de turistas que visitan la regi\u00f3n.<\/p>\n\n\n\n<p>Acompa\u00f1ados por \u00d3scar Gast\u00e9lum, director de la Agencia Municipal de Desarrollo Econ\u00f3mico (AMDE) y Fernanda Cisneros Rodr\u00edguez, directora de Desarrollo Tur\u00edstico de AMDE entregaron premios a &#8220;El Batarete&#8221; con el Mejor Cocido, &#8220;Los Moreno&#8221; con el Mejor Tamal de Elote y &#8220;Taquer\u00eda V\u00edctor&#8221; con el mejor Burro de Carne Asada.<\/p>\n\n\n\n<p>Aprovech\u00f3 el encuentro con comerciantes para entregar simb\u00f3licamente terminales de pago y credenciales CRECES En Salud que les permitir\u00e1 recibir consultas ilimitadas, odontolog\u00eda, optometr\u00eda y an\u00e1lisis cl\u00ednicos, entre otros beneficios gratuitos.<\/p>\n\n\n\n<p>Se suman nuevos negocios a la Muestra Gastron\u00f3mica<\/p>\n\n\n\n<p>Luis \u00c1ngel Medina Garc\u00eda, propietario de El Batarete que abri\u00f3 sus puertas al p\u00fablico hace un a\u00f1o forma parte de los nuevos negocios que se suman al \u00e9xito de esta muestra gastron\u00f3mica.<\/p>\n\n\n\n<p>&#8220;Excelente evento, nos ha ayudado bastante y como ven esto es un gran \u00e9xito. Agradecemos al Gobierno Municipal por este tipo de actividades, ojal\u00e1 no fuera s\u00f3lo una vez a\u00f1o sino cada seis meses que se hiciera fuera excelente&#8221;, agreg\u00f3 el ganador de Mejor Cocido.<\/p>\n\n\n\n<p>Al igual que El Batarete, Compadre Smoke &amp; Grill y Fuego Cast fueron parte de las nuevas empresas que se sumaron a este tradicional evento que presenta una variedad de platillos y productos a sus asistentes.<\/p>\n\n\n\n<p>La octava edici\u00f3n organizada por el Ayuntamiento de Hermosillo a trav\u00e9s de AMDE y Desarrollo Tur\u00edstico de AMDE invitan a continuar disfrutando este domingo 23 de marzo la variedad de productos sonorenses amenizados con m\u00fasica en vivo, \u00e1rea infantil y actividades que promueven a San Pedro El Saucito como un destino digno de ser visitado.<\/p>\n","protected":false},"excerpt":{"rendered":"<p>&#8211; Recorri\u00f3 los stands de alimentos acompa\u00f1ado de su esposa Patty Ruibal &#8211; M\u00e1s de 40 negocios ofrecieron lo mejor de sus productos sonorenses durante el tradicional evento Hermosillo, Sonora; 22 de marzo, 2025.- \u201cEsta muestra va mejorando cada edici\u00f3n tanto en n\u00famero de visitantes, derrama econ\u00f3mica y en la riqueza de platillos\u201d, expres\u00f3 Antonio [&hellip;]<\/p>\n","protected":false},"author":1,"featured_media":26334,"comment_status":"open","ping_status":"open","sticky":false,"template":"","format":"standard","meta":{"content-type":"","footnotes":""},"categories":[8],"tags":[],"class_list":{"0":"post-26333","1":"post","2":"type-post","3":"status-publish","4":"format-standard","5":"has-post-thumbnail","7":"category-hermosillo"},"_links":{"self":[{"href":"https:\/\/www.regioncuatronoticias.com\/index.php\/wp-json\/wp\/v2\/posts\/26333","targetHints":{"allow":["GET"]}}],"collection":[{"href":"https:\/\/www.regioncuatronoticias.com\/index.php\/wp-json\/wp\/v2\/posts"}],"about":[{"href":"https:\/\/www.regioncuatronoticias.com\/index.php\/wp-json\/wp\/v2\/types\/post"}],"author":[{"embeddable":true,"href":"https:\/\/www.regioncuatronoticias.com\/index.php\/wp-json\/wp\/v2\/users\/1"}],"replies":[{"embeddable":true,"href":"https:\/\/www.regioncuatronoticias.com\/index.php\/wp-json\/wp\/v2\/comments?post=26333"}],"version-history":[{"count":1,"href":"https:\/\/www.regioncuatronoticias.com\/index.php\/wp-json\/wp\/v2\/posts\/26333\/revisions"}],"predecessor-version":[{"id":26335,"href":"https:\/\/www.regioncuatronoticias.com\/index.php\/wp-json\/wp\/v2\/posts\/26333\/revisions\/26335"}],"wp:featuredmedia":[{"embeddable":true,"href":"https:\/\/www.regioncuatronoticias.com\/index.php\/wp-json\/wp\/v2\/media\/26334"}],"wp:attachment":[{"href":"https:\/\/www.regioncuatronoticias.com\/index.php\/wp-json\/wp\/v2\/media?parent=26333"}],"wp:term":[{"taxonomy":"category","embeddable":true,"href":"https:\/\/www.regioncuatronoticias.com\/index.php\/wp-json\/wp\/v2\/categories?post=26333"},{"taxonomy":"post_tag","embeddable":true,"href":"https:\/\/www.regioncuatronoticias.com\/index.php\/wp-json\/wp\/v2\/tags?post=26333"}],"curies":[{"name":"wp","href":"https:\/\/api.w.org\/{rel}","templated":true}]}}