{"id":26330,"date":"2025-03-27T22:03:09","date_gmt":"2025-03-28T05:03:09","guid":{"rendered":"https:\/\/www.regioncuatronoticias.com\/?p=26330"},"modified":"2025-03-27T22:03:11","modified_gmt":"2025-03-28T05:03:11","slug":"el-espiritu-universitario","status":"publish","type":"post","link":"https:\/\/www.regioncuatronoticias.com\/index.php\/2025\/03\/27\/el-espiritu-universitario\/","title":{"rendered":"El esp\u00edritu universitario"},"content":{"rendered":"\n<p><strong>Columna Mensajes<\/strong><\/p>\n\n\n\n<p><strong>Gilberto Armenta Reyes<\/strong><\/p>\n\n\n\n<p><strong>El esp\u00edritu universitario<\/strong><\/p>\n\n\n\n<p><strong>Jueves 27 de marzo de 2025<\/strong><\/p>\n\n\n\n<p>La Universidad de Sonora, en pleno proceso por la renovaci\u00f3n de su rector\u00eda, muestra un evidente rechazo al sindicalismo y una clara oposici\u00f3n al sistema pol\u00edtico.<\/p>\n\n\n\n<p>Los resultados de la votaci\u00f3n por parte de la comunidad universitaria, como primer filtro en esta elecci\u00f3n, as\u00ed lo demuestran, mire usted:<\/p>\n\n\n\n<p>El candidato de los sindicatos, Cuauht\u00e9moc Gonz\u00e1lez, obtiene un 28.7 por ciento de la intenci\u00f3n del voto, y queda en segundo lugar.<\/p>\n\n\n\n<p>Luego, el ex secretario de educaci\u00f3n de Sonora, Aar\u00f3n Grageda, se posiciona en el tercero con apenas un 19.5 de intenci\u00f3n del voto.<\/p>\n\n\n\n<p>La sorpresa la da Dena Camarena, -a quien se le se\u00f1al\u00f3 como el \u201calfil\u201d de Rita Plancarte, actual rectora-, y con un 39.5 de porcentaje, gana esta primera votaci\u00f3n.<\/p>\n\n\n\n<p>Bueno es recordar que estos porcentajes y resultados no son oficiales, ya que apenas el 28 de marzo, la comisi\u00f3n a cargo dar\u00e1 a conocer los resultados oficiales.<\/p>\n\n\n\n<p>Pero, subrayo en este escrito: La comunidad universitaria rechaz\u00f3 al sindicalismo y al sistema pol\u00edtico, ambos representados por sus respectivos candidatos, ya arriba mencionados.<\/p>\n\n\n\n<p>Por otro lado, bueno es recordar tambi\u00e9n que esta votaci\u00f3n no es definitoria, ya que solo sirvi\u00f3 para determinar la terna que ahora deber\u00e1 someterse al Colegio Universitario, integrado por 138 miembros representando a maestros, trabajadores administrativos y alumnos, para que de esos tres aspirantes, escojan a la persona que habr\u00e1 de ocupar la rector\u00eda de la Unison, a partir del 9 de abril pr\u00f3ximo.<\/p>\n\n\n\n<p>En ese sentido, se habla de un supuesto acuerdo entre integrantes de este Colegio Universitario, para escoger a quien haya ganado la votaci\u00f3n universitaria, y avalar as\u00ed ese proceso.<\/p>\n\n\n\n<p>Es decir, si las cosas pasan tal cual, Dena Mar\u00eda Jes\u00fas Camarena G\u00f3mez, ser\u00e1 la nueva rectora de la m\u00e1xima casa de estudios de Sonora.<\/p>\n\n\n\n<p>Pero, hay un detalle.&nbsp;<\/p>\n\n\n\n<p>Este supuesto acuerdo que le menciono, iba en el sentido de que todos esperaban que la votaci\u00f3n la ganara Cuauht\u00e9moc Gonz\u00e1lez o Aar\u00f3n Grageda, no Dena Camarena.<\/p>\n\n\n\n<p>\u00a1Jajaja! El acuerdo no contemplaba que ganara Dena Camarena, a quien se\u00f1alaron como la \u201ccandidata oficial\u201d, y como la \u201ccontinuidad de rector\u00eda\u201d.<\/p>\n\n\n\n<p>\u00bfQu\u00e9 suceder\u00e1 ahora?<\/p>\n\n\n\n<p><strong>1-<\/strong> Se antoja muy dif\u00edcil que el Colegio Universitario no avale el triunfo en la votaci\u00f3n de Dena Camarena. Primero, porque deslegitimar\u00eda un proceso democr\u00e1tico y, segundo, porque afectar\u00eda a una mujer, que le gana a dos hombres de forma transparente y legal.<\/p>\n\n\n\n<p><strong>2-<\/strong> Lo correcto ser\u00eda que los tres sindicatos, mayormente el STAUS, que alberga a los aguerridos acad\u00e9micos, reconozca en calma los resultados de la votaci\u00f3n y la decisi\u00f3n final del Colegio Universitario, y que no pretenda encabezar represalias en contra de la nueva rector\u00eda.<\/p>\n\n\n\n<p>Recordemos que hay un emplazamiento a huelga vigente por parte del STAUS y el STEUS.<\/p>\n\n\n\n<p><strong>3-<\/strong> El proceso que viene, el del Colegio Universitario, podr\u00eda descomponerse por las posibles presiones que intenten imponer quienes apoyan a Cuauht\u00e9moc, o a Aar\u00f3n. \u00a1Vaya dilema!<\/p>\n\n\n\n<p>Finalmente y resumiendo:<\/p>\n\n\n\n<p>-Dena Camarena da la sorpresa y gana la votaci\u00f3n de la comunidad universitaria, el Colegio Universitario tiene ahora la responsabilidad de avalar ese triunfo.<\/p>\n\n\n\n<p>-El STAUS y el STEUS est\u00e1n frente a la disyuntiva de demostrar que son congruentes, capaces de aceptar triunfos y reconocer derrotas, y que no representan intereses de grupo, escondidos detr\u00e1s de derechos laborales.<\/p>\n\n\n\n<p>Por \u00faltimo, el Colegio Universitario deber\u00e1 mostrar car\u00e1cter, y no dejarse presionar por fuerzas externas.<\/p>\n\n\n\n<p>\u00a1El saber de mis hijos har\u00e1 mi grandeza! \u00bfSer\u00e1?<\/p>\n","protected":false},"excerpt":{"rendered":"<p>Columna Mensajes Gilberto Armenta Reyes El esp\u00edritu universitario Jueves 27 de marzo de 2025 La Universidad de Sonora, en pleno proceso por la renovaci\u00f3n de su rector\u00eda, muestra un evidente rechazo al sindicalismo y una clara oposici\u00f3n al sistema pol\u00edtico. Los resultados de la votaci\u00f3n por parte de la comunidad universitaria, como primer filtro en [&hellip;]<\/p>\n","protected":false},"author":1,"featured_media":26331,"comment_status":"open","ping_status":"open","sticky":false,"template":"","format":"standard","meta":{"content-type":"","footnotes":""},"categories":[110],"tags":[],"class_list":{"0":"post-26330","1":"post","2":"type-post","3":"status-publish","4":"format-standard","5":"has-post-thumbnail","7":"category-gilberto-armenta-reyes"},"_links":{"self":[{"href":"https:\/\/www.regioncuatronoticias.com\/index.php\/wp-json\/wp\/v2\/posts\/26330","targetHints":{"allow":["GET"]}}],"collection":[{"href":"https:\/\/www.regioncuatronoticias.com\/index.php\/wp-json\/wp\/v2\/posts"}],"about":[{"href":"https:\/\/www.regioncuatronoticias.com\/index.php\/wp-json\/wp\/v2\/types\/post"}],"author":[{"embeddable":true,"href":"https:\/\/www.regioncuatronoticias.com\/index.php\/wp-json\/wp\/v2\/users\/1"}],"replies":[{"embeddable":true,"href":"https:\/\/www.regioncuatronoticias.com\/index.php\/wp-json\/wp\/v2\/comments?post=26330"}],"version-history":[{"count":1,"href":"https:\/\/www.regioncuatronoticias.com\/index.php\/wp-json\/wp\/v2\/posts\/26330\/revisions"}],"predecessor-version":[{"id":26332,"href":"https:\/\/www.regioncuatronoticias.com\/index.php\/wp-json\/wp\/v2\/posts\/26330\/revisions\/26332"}],"wp:featuredmedia":[{"embeddable":true,"href":"https:\/\/www.regioncuatronoticias.com\/index.php\/wp-json\/wp\/v2\/media\/26331"}],"wp:attachment":[{"href":"https:\/\/www.regioncuatronoticias.com\/index.php\/wp-json\/wp\/v2\/media?parent=26330"}],"wp:term":[{"taxonomy":"category","embeddable":true,"href":"https:\/\/www.regioncuatronoticias.com\/index.php\/wp-json\/wp\/v2\/categories?post=26330"},{"taxonomy":"post_tag","embeddable":true,"href":"https:\/\/www.regioncuatronoticias.com\/index.php\/wp-json\/wp\/v2\/tags?post=26330"}],"curies":[{"name":"wp","href":"https:\/\/api.w.org\/{rel}","templated":true}]}}