{"id":26321,"date":"2025-03-27T21:32:17","date_gmt":"2025-03-28T04:32:17","guid":{"rendered":"https:\/\/www.regioncuatronoticias.com\/?p=26321"},"modified":"2025-03-27T21:32:20","modified_gmt":"2025-03-28T04:32:20","slug":"la-a-de-presidenta-se-quedo-en-el-discurso","status":"publish","type":"post","link":"https:\/\/www.regioncuatronoticias.com\/index.php\/2025\/03\/27\/la-a-de-presidenta-se-quedo-en-el-discurso\/","title":{"rendered":"La &#8216;A&#8217; de presidenta se qued\u00f3 en el discurso"},"content":{"rendered":"\n<p><strong>Columna Olor A Dinero<\/strong><\/p>\n\n\n\n<p><strong>Feliciano J. Espriella<\/strong><\/p>\n\n\n\n<p><strong>La &#8216;A&#8217; de presidenta se qued\u00f3 en el discurso<\/strong><\/p>\n\n\n\n<p><strong>Viernes 28 de marzo de 2025<\/strong><\/p>\n\n\n\n<p>El discurso de Claudia Sheinbaum al asumir la presidencia subray\u00f3 la importancia &nbsp;de la inclusi\u00f3n femenina en la pol\u00edtica. Sin embargo, la reciente votaci\u00f3n en la C\u00e1mara de Diputados, encabezada por Morena, traicion\u00f3 ese mensaje al proteger a un presunto agresor en lugar de respaldar a las mujeres.<\/p>\n\n\n\n<p>Al asumir el cargo para dirigir los destinos del pa\u00eds, Claudia Sheinbaum pidi\u00f3 en su discurso de investidura que la llamen presidenta, con A al final, porque, seg\u00fan dijo, \u201cs\u00f3lo lo que se nombra existe\u201d. M\u00e1s adelante, agreg\u00f3 textualmente: \u201cPor primera vez, no en 200 a\u00f1os, por lo menos en 503 a\u00f1os, no hab\u00eda habido una mujer presidenta de M\u00e9xico. Y como siempre decimos, no llego sola, llegamos todas las mujeres de M\u00e9xico\u201d.<\/p>\n\n\n\n<p>Sin embargo, las y, sobre todo, los diputados de Morena en la C\u00e1mara de Diputados hicieron caso omiso de su mensaje. Con su voto, le abollaron el discurso feminista que ha querido imprimirle a su gobierno al proteger a Cuauht\u00e9moc Blanco, un impresentable m\u00e1s de la fauna pol\u00edtica que ha recolectado el partido en el poder. Lejos de dignificarlos, su militancia en Morena los hunde a\u00fan m\u00e1s.<\/p>\n\n\n\n<p>Lo parad\u00f3jico es que el desafuero del exgobernador de Morelos representaba una oportunidad inmejorable para demostrar que en M\u00e9xico ha comenzado, en serio, la reivindicaci\u00f3n de los derechos de las mujeres. Los legisladores pudieron enviar un mensaje claro de que, por encima de intereses partidistas, la protecci\u00f3n de las v\u00edctimas es una prioridad nacional. Pero no lo hicieron.<\/p>\n\n\n\n<p>Recurriendo al argot deportivo y a la jerga de los narradores de f\u00fatbol, podr\u00edamos decir que Morena tuvo la porter\u00eda vac\u00eda y el portero vencido, pero aun as\u00ed, mand\u00f3 el bal\u00f3n a la tribuna.<\/p>\n\n\n\n<p>Al no tomar una postura firme desde el inicio, Morena desperdici\u00f3 la oportunidad de demostrar su compromiso con la lucha contra la corrupci\u00f3n y la defensa de los derechos de las mujeres. Tambi\u00e9n perdi\u00f3 la ocasi\u00f3n de alinearse con una posible directriz presidencial y de fortalecer la credibilidad de su discurso. Pero prefiri\u00f3 otra ruta: arriesgar el capital pol\u00edtico de Sheinbaum para proteger a un truhan.<\/p>\n\n\n\n<p>Un golpe a la narrativa presidencial y una traici\u00f3n a la causa que dicen defender.<\/p>\n\n\n\n<p>El resultado de la votaci\u00f3n del martes no solo es un esc\u00e1ndalo pol\u00edtico, sino una agresi\u00f3n directa contra las mujeres. Es una contradicci\u00f3n flagrante que, mientras el sistema de prisi\u00f3n preventiva permite encarcelar a cualquier persona en tanto se determina su responsabilidad, en este caso se haya ignorado el testimonio de la mujer que denunci\u00f3 haber sido agredida por un legislador. Si su testimonio hubiera sido tomado en cuenta con el peso que merece, el legislador habr\u00eda perdido el fuero de inmediato, permitiendo as\u00ed que la autoridad judicial lo investigara sin trabas.<\/p>\n\n\n\n<p>Pero en lugar de priorizar la justicia, la mayor\u00eda morenista\u2014encabezada en su mayor\u00eda por mujeres\u2014se aline\u00f3 con el PRI para proteger a Cuauht\u00e9moc Blanco. Lo acompa\u00f1aron hasta la tribuna de San L\u00e1zaro y, en un acto grotesco, le gritaron a coro: \u201cNo est\u00e1s solo\u201d. Una escena vergonzosa donde la solidaridad con las v\u00edctimas brill\u00f3 por su ausencia y la perspectiva de g\u00e9nero fue pisoteada con j\u00fabilo.<\/p>\n\n\n\n<p>Para rematar, Blanco tom\u00f3 la tribuna de manera inopinada, sin objeciones de su bancada, y pidi\u00f3 que confiaran en \u00e9l porque &#8220;tiene valores&#8221;. Un ex deportista ca\u00eddo en desgracia, convertido en pol\u00edtico corrupto, pretendiendo que su sola palabra es suficiente para disipar acusaciones.<\/p>\n\n\n\n<p>Por otro lado, la presidenta se meti\u00f3 en un laberinto del que dif\u00edcilmente saldr\u00e1 bien librada. En lugar de solidarizarse con la presunta v\u00edctima, sorprendi\u00f3 al se\u00f1alar que las acusaciones deben hacerse con pruebas. Ciertamente, el debido proceso es fundamental, pero su declaraci\u00f3n pareci\u00f3 m\u00e1s un intento de matizar la situaci\u00f3n que un respaldo contundente a la causa de las mujeres. As\u00ed, su tan defendida A de presidenta qued\u00f3 reducida a un mero artificio ret\u00f3rico.<\/p>\n\n\n\n<p>Este affaire no solo exhibe la fractura dentro de Morena y las alianzas pragm\u00e1ticas con el PRI, sino que tambi\u00e9n evidencia la falta de integridad en el proceso de desafuero y deja mal parada a la presidenta ante las mujeres del pa\u00eds.<\/p>\n\n\n\n<p>Cuando lleg\u00f3 el momento de demostrar que llegamos todas, qued\u00f3 claro que, para muchos, esa consigna es solo una frase bonita en un discurso.<\/p>\n\n\n\n<p>Por hoy fue todo. Gracias por su tolerancia y hasta la pr\u00f3xima.<\/p>\n\n\n\n<p><strong>Twitter: @fjespriella<\/strong><\/p>\n\n\n\n<p><strong>Correo: felicianoespriella@gmail.com<\/strong><\/p>\n","protected":false},"excerpt":{"rendered":"<p>Columna Olor A Dinero Feliciano J. Espriella La &#8216;A&#8217; de presidenta se qued\u00f3 en el discurso Viernes 28 de marzo de 2025 El discurso de Claudia Sheinbaum al asumir la presidencia subray\u00f3 la importancia &nbsp;de la inclusi\u00f3n femenina en la pol\u00edtica. Sin embargo, la reciente votaci\u00f3n en la C\u00e1mara de Diputados, encabezada por Morena, traicion\u00f3 [&hellip;]<\/p>\n","protected":false},"author":1,"featured_media":26322,"comment_status":"open","ping_status":"open","sticky":false,"template":"","format":"standard","meta":{"content-type":"","footnotes":""},"categories":[127],"tags":[],"class_list":{"0":"post-26321","1":"post","2":"type-post","3":"status-publish","4":"format-standard","5":"has-post-thumbnail","7":"category-olor-a-dinero"},"_links":{"self":[{"href":"https:\/\/www.regioncuatronoticias.com\/index.php\/wp-json\/wp\/v2\/posts\/26321","targetHints":{"allow":["GET"]}}],"collection":[{"href":"https:\/\/www.regioncuatronoticias.com\/index.php\/wp-json\/wp\/v2\/posts"}],"about":[{"href":"https:\/\/www.regioncuatronoticias.com\/index.php\/wp-json\/wp\/v2\/types\/post"}],"author":[{"embeddable":true,"href":"https:\/\/www.regioncuatronoticias.com\/index.php\/wp-json\/wp\/v2\/users\/1"}],"replies":[{"embeddable":true,"href":"https:\/\/www.regioncuatronoticias.com\/index.php\/wp-json\/wp\/v2\/comments?post=26321"}],"version-history":[{"count":1,"href":"https:\/\/www.regioncuatronoticias.com\/index.php\/wp-json\/wp\/v2\/posts\/26321\/revisions"}],"predecessor-version":[{"id":26323,"href":"https:\/\/www.regioncuatronoticias.com\/index.php\/wp-json\/wp\/v2\/posts\/26321\/revisions\/26323"}],"wp:featuredmedia":[{"embeddable":true,"href":"https:\/\/www.regioncuatronoticias.com\/index.php\/wp-json\/wp\/v2\/media\/26322"}],"wp:attachment":[{"href":"https:\/\/www.regioncuatronoticias.com\/index.php\/wp-json\/wp\/v2\/media?parent=26321"}],"wp:term":[{"taxonomy":"category","embeddable":true,"href":"https:\/\/www.regioncuatronoticias.com\/index.php\/wp-json\/wp\/v2\/categories?post=26321"},{"taxonomy":"post_tag","embeddable":true,"href":"https:\/\/www.regioncuatronoticias.com\/index.php\/wp-json\/wp\/v2\/tags?post=26321"}],"curies":[{"name":"wp","href":"https:\/\/api.w.org\/{rel}","templated":true}]}}