{"id":26315,"date":"2025-03-26T23:31:36","date_gmt":"2025-03-27T06:31:36","guid":{"rendered":"https:\/\/www.regioncuatronoticias.com\/?p=26315"},"modified":"2025-03-26T23:31:41","modified_gmt":"2025-03-27T06:31:41","slug":"ponen-en-aprieto-a-la-presidenta","status":"publish","type":"post","link":"https:\/\/www.regioncuatronoticias.com\/index.php\/2025\/03\/26\/ponen-en-aprieto-a-la-presidenta\/","title":{"rendered":"Ponen en aprieto a la presidenta"},"content":{"rendered":"\n<p><strong>Columna Encuadre<\/strong><\/p>\n\n\n\n<p><strong>Jos\u00e9 F. Medina<\/strong><\/p>\n\n\n\n<p><strong>&nbsp;Ponen en aprieto a la presidenta<\/strong><\/p>\n\n\n\n<p><strong>Jueves 27 de marzo de 2025<\/strong><\/p>\n\n\n\n<p>Ya en el Encuadre de ayer le adelantaba que los morenistas y aliados se iban a agarrar de cualquier cosa para tratar de justificar la protecci\u00f3n que brindaron sus diputadas y diputados al exfutbolista, exgobernador y hoy legislador, Cuauht\u00e9moc Blanco.<\/p>\n\n\n\n<p>En un ataque de victimismo, los morenos iniciaron una campa\u00f1a de defensa del Cuau, adoptando el papel de v\u00edctima, culpando a otros de su conducta y buscando la compasi\u00f3n de terceros como defensa a supuestos ataques.<\/p>\n\n\n\n<p>Muy al estilo de YSQ.<\/p>\n\n\n\n<p>Y mire Usted: Una de las primeras en \u201cbrincar\u201d no fue cualquier morenista.<\/p>\n\n\n\n<p>Desde la m\u00e1s alta tribuna medi\u00e1tica del pa\u00eds, La Ma\u00f1anera del Pueblo, la presidenta Sheinbaum se lanz\u00f3 a una titubeante y no muy convencida defensa de Blanco, acusado por su media hermana de intento de violaci\u00f3n.<\/p>\n\n\n\n<p>Tal como era previsible, se le fue encima al exfiscal de Morelos, Uriel Carmona, como el responsable de la investigaci\u00f3n que dio origen a la solicitud de desafuero del diputado morenista, quien por cierto enfrenta adem\u00e1s varias denuncias por malversaci\u00f3n de recursos p\u00fablicos.<\/p>\n\n\n\n<p>En su presentaci\u00f3n ante la prensa, y al no contar con otros elementos de prueba para dar su opini\u00f3n, seg\u00fan confes\u00f3, le bast\u00f3 recordar el \u201cpasado\u201d del exfiscal como presunto encubridor de feminicidio y corrupto.<\/p>\n\n\n\n<p>De acuerdo a una nota de la colega Dalila Escobar, reportera de proceso.com.mx, al abordar este tema, la mandataria busc\u00f3 encaminar la respuesta de los reporteros presentes en La Ma\u00f1anera.<\/p>\n\n\n\n<p>\u201c\u00bfQui\u00e9n pone esta denuncia? \u00bfDe d\u00f3nde viene la denuncia que le hacen al exgobernador? \u00bfQui\u00e9n la hizo?\u201d, lanz\u00f3 al aire la Presidenta.<\/p>\n\n\n\n<p>Algunos periodistas le recordaron que fue la media hermana del exfutbolista, pero la mandataria fue reiterativa en su provocadora pregunta:<\/p>\n\n\n\n<p>-\u201cNo, pero, \u00bfqu\u00e9 fiscal\u00eda?<\/p>\n\n\n\n<p>\u00bfEse fiscal de Morelos qu\u00e9 caracter\u00edstica ten\u00eda?\u201d<\/p>\n\n\n\n<p>Encubridor de feminicidios, con muchos casos de corrupci\u00f3n, desaforado por la C\u00e1mara de Diputados y por el congreso local, se respondi\u00f3 ella misma.<\/p>\n\n\n\n<p>Al margen de que Uriel Carmona pudiese ser una \u201cfichita\u201d, todo este sainete medi\u00e1tico sirvi\u00f3 para desviar la atenci\u00f3n y tratar de justificar la decisi\u00f3n de las y los diputados aliancistas que evitaron el desafuero de Blanco para enfrentar a la justicia, y que seguramente no ha de tener muy contenta a los colectivos de mujeres que han luchado siempre para erradicar la violencia contra sus pares.<\/p>\n\n\n\n<p>Insisto: no prejuzgamos si Cuauht\u00e9moc Blanco es o no culpable, lo que se\u00f1alamos es que las y los diputados ten\u00edan la obligaci\u00f3n de allanar el camino para que la investigaci\u00f3n se hubiese realizado con todas la de la ley, en busca de esclarecer fehacientemente los hechos.<\/p>\n\n\n\n<p>Una decisi\u00f3n jur\u00eddica, no pol\u00edtica.<\/p>\n\n\n\n<p>Lo que hicieron fue exactamente al rev\u00e9s: privilegiaron el amiguismo y la pol\u00edtica.<\/p>\n\n\n\n<p>Por cierto, las y los diputados federales sonorenses han hecho \u201cmutis\u201d en torno a este vergonzante asunto.<\/p>\n\n\n\n<p><strong>&nbsp;ENCUADRE VOTANTE<\/strong><\/p>\n\n\n\n<p>Tal como se pronostic\u00f3, Dena Camarena, Cuauht\u00e9moc Gonz\u00e1lez y Aar\u00f3n Grageda ser\u00e1n los candidatos que integren la terna para continuar en el proceso de elecci\u00f3n de rector (a) en la Universidad de Sonora.<\/p>\n\n\n\n<p>Los n\u00fameros, dados a conocer la noche de este martes, as\u00ed lo indican.<\/p>\n\n\n\n<p>De acuerdo a Jes\u00fas Quiroz, presidente de la Comisi\u00f3n Electoral, se emitieron 17 mil 722 votos, de los cuales resultaron 491 nulos.<\/p>\n\n\n\n<p>Del total, Dena Camarena obtuvo el 39.55 por ciento ponderado; Cuauht\u00e9moc Gonz\u00e1lez el 28.70 y Aar\u00f3n Grageda el 19.56.<\/p>\n\n\n\n<p>Fuera de la competici\u00f3n quedaron Ezequiel Rodr\u00edguez con el 6.20 por ciento; Judith T\u00e1nori con el 4.05, y Mar\u00eda Elena Robles con 1.92.<\/p>\n\n\n\n<p>Para ser la primera vez que se lleva a cabo una elecci\u00f3n de rector (a) al amparo de la nueva Ley 169 Org\u00e1nica de la m\u00e1xima casa de estudios, coincido con quienes consideran como buen resultado el porcentaje del 45.76 de asistentes a la urna cibern\u00e9tica.<\/p>\n\n\n\n<p>De acuerdo a los datos finales de este proceso de votaci\u00f3n, los maestros fueron los m\u00e1s participativos con el 70.31 por ciento, seguido del personal administrativo con 52.97 y luego los estudiantes con 43.42 por ciento, de un padr\u00f3n de 38 mil 731 votantes.<\/p>\n\n\n\n<p>Nos reportan una jornada sin mayores incidentes ni contratiempos. Bien por los universitarios.<\/p>\n\n\n\n<p>&nbsp;<strong>ENCUADRE PUNZANTE<\/strong><\/p>\n\n\n\n<p>A prop\u00f3sito de mujeres violentadas, todav\u00eda latente en la imaginaria colectiva el caso de Paula Josette, a un a\u00f1o y dos meses que se registrara su sospechoso deceso despu\u00e9s de haber estado con un \u201camigo\u201d en visita conyugal en el Cereso II de Hermosillo, en un hecho plagado de irregularidades.<\/p>\n\n\n\n<p>Fue en la administraci\u00f3n de Nicollino Giuseppe Mariano Cangiamilla Enr\u00edquez como coordinador general de los Ceresos, cuando se suscit\u00f3 la muerte de esta jovencita, conmoviendo a la sociedad sonorense.<\/p>\n\n\n\n<p>Hoy, Nicollino quiere ser magistrado de circuito del Poder Judicial Federal.<\/p>\n\n\n\n<p>Cosas veredes.<\/p>\n\n\n\n<p>&nbsp;<strong>ENCUADRE FUNERARIO<\/strong><\/p>\n\n\n\n<p>Lamentable la muerte del conocido ganadero caborquense Juan Ariel Valencia Monreal. Le conoc\u00ed hace algunos a\u00f1os, cuando este servidor fung\u00eda como asesor de Comunicaci\u00f3n y Relaciones P\u00fablicas en la administraci\u00f3n del ingeniero Luis Sierra Maldonado al frente de la Uni\u00f3n Ganadera Regional de Sonora. El Juan\u00f3n Valencia se desempe\u00f1aba como consejero de la misma UGRS. Un tipo simp\u00e1tico, bromista, bronco como \u00e9l solo, llevadero. Buen amigo. Desde estos p\u00e1rrafos vaya un abrazo fuerte y solidario a familiares y amigos. DEP!!<\/p>\n\n\n\n<p>IN PROXIMUM<\/p>\n\n\n\n<p><strong>&nbsp;Me puedes seguir en FB: Jos\u00e9 Felipe Medina<\/strong><\/p>\n\n\n\n<p><strong>En X: @josefe31, @fm_informativo<\/strong><\/p>\n\n\n\n<p><strong>Correo electr\u00f3nico: josefe31@hotmail.com, josefe31@gmail.com<\/strong><\/p>\n\n\n\n<p><strong>FMINFORMATIVO.COM<\/strong><\/p>\n","protected":false},"excerpt":{"rendered":"<p>Columna Encuadre Jos\u00e9 F. Medina &nbsp;Ponen en aprieto a la presidenta Jueves 27 de marzo de 2025 Ya en el Encuadre de ayer le adelantaba que los morenistas y aliados se iban a agarrar de cualquier cosa para tratar de justificar la protecci\u00f3n que brindaron sus diputadas y diputados al exfutbolista, exgobernador y hoy legislador, [&hellip;]<\/p>\n","protected":false},"author":1,"featured_media":26316,"comment_status":"open","ping_status":"open","sticky":false,"template":"","format":"standard","meta":{"content-type":"","footnotes":""},"categories":[122],"tags":[],"class_list":{"0":"post-26315","1":"post","2":"type-post","3":"status-publish","4":"format-standard","5":"has-post-thumbnail","7":"category-jose-felipe-medina"},"_links":{"self":[{"href":"https:\/\/www.regioncuatronoticias.com\/index.php\/wp-json\/wp\/v2\/posts\/26315","targetHints":{"allow":["GET"]}}],"collection":[{"href":"https:\/\/www.regioncuatronoticias.com\/index.php\/wp-json\/wp\/v2\/posts"}],"about":[{"href":"https:\/\/www.regioncuatronoticias.com\/index.php\/wp-json\/wp\/v2\/types\/post"}],"author":[{"embeddable":true,"href":"https:\/\/www.regioncuatronoticias.com\/index.php\/wp-json\/wp\/v2\/users\/1"}],"replies":[{"embeddable":true,"href":"https:\/\/www.regioncuatronoticias.com\/index.php\/wp-json\/wp\/v2\/comments?post=26315"}],"version-history":[{"count":1,"href":"https:\/\/www.regioncuatronoticias.com\/index.php\/wp-json\/wp\/v2\/posts\/26315\/revisions"}],"predecessor-version":[{"id":26317,"href":"https:\/\/www.regioncuatronoticias.com\/index.php\/wp-json\/wp\/v2\/posts\/26315\/revisions\/26317"}],"wp:featuredmedia":[{"embeddable":true,"href":"https:\/\/www.regioncuatronoticias.com\/index.php\/wp-json\/wp\/v2\/media\/26316"}],"wp:attachment":[{"href":"https:\/\/www.regioncuatronoticias.com\/index.php\/wp-json\/wp\/v2\/media?parent=26315"}],"wp:term":[{"taxonomy":"category","embeddable":true,"href":"https:\/\/www.regioncuatronoticias.com\/index.php\/wp-json\/wp\/v2\/categories?post=26315"},{"taxonomy":"post_tag","embeddable":true,"href":"https:\/\/www.regioncuatronoticias.com\/index.php\/wp-json\/wp\/v2\/tags?post=26315"}],"curies":[{"name":"wp","href":"https:\/\/api.w.org\/{rel}","templated":true}]}}