{"id":26309,"date":"2025-03-26T20:41:27","date_gmt":"2025-03-27T03:41:27","guid":{"rendered":"https:\/\/www.regioncuatronoticias.com\/?p=26309"},"modified":"2025-03-26T20:41:30","modified_gmt":"2025-03-27T03:41:30","slug":"la-crisis-en-la-oposicion","status":"publish","type":"post","link":"https:\/\/www.regioncuatronoticias.com\/index.php\/2025\/03\/26\/la-crisis-en-la-oposicion\/","title":{"rendered":"La crisis en la oposici\u00f3n"},"content":{"rendered":"\n<p><strong>Columna Mensajes<\/strong><\/p>\n\n\n\n<p><strong>Gilberto Armenta Reyes<\/strong><\/p>\n\n\n\n<p><strong>La crisis en la oposici\u00f3n<\/strong><\/p>\n\n\n\n<p><strong>Martes 25 de marzo de 2025<\/strong><\/p>\n\n\n\n<p>La oposici\u00f3n en Sonora est\u00e1 deshecha. Y no lo est\u00e1 respecto a Morena, como partido preponderante en el estado, sino al interior de los partidos pol\u00edticos que la componen. Mire usted:<\/p>\n\n\n\n<p>El Movimiento Ciudadano tiene vestigios de ser, al menos, una voz discordante en el Congreso Local, aunque sin resultados tangibles en eso.<\/p>\n\n\n\n<p>Pero ya es un secreto a voces que entre ellos se est\u00e1n mostrando dientes y garras, en pelea por los liderazgos locales.<\/p>\n\n\n\n<p>Ya es muy frecuente que unos hablen mal de los otros, y que compitan para demostrar qui\u00e9n es m\u00e1s \u201cnaranja\u201d que el de enfrente. Se distancian tanto, que los que est\u00e1n en Hermosillo, no est\u00e1n bien identificados en la lucha pol\u00edtica con los de Nogales, o con los de Cajeme, o viceversa.<\/p>\n\n\n\n<p>\u00a1Cada quien est\u00e1 en lo suyo!<\/p>\n\n\n\n<p>El Partido Sonorense, de reciente creaci\u00f3n, est\u00e1 tan mal enfocado, que digiri\u00f3 mal unos excepcionales resultados en la elecci\u00f3n del 2024, &#8211; en la que alcanz\u00f3 una diputaci\u00f3n local plurinominal, alcald\u00edas y regidurias -.<\/p>\n\n\n\n<p>Por eso, su dirigencia estatal est\u00e1 segura que en alianza con al menos otro partido, el MC por ejemplo, puede ganar la gubernatura de Sonora en el 2027.<\/p>\n\n\n\n<p>\u00a1Disfrutan creando controversia con esto!<\/p>\n\n\n\n<p>El PRD anda \u201checho giras\u201d en una feroz batalla por determinar quien se queda con la dirigencia estatal, y no les importa ni consideran el costo de esta.<\/p>\n\n\n\n<p>Piensan que pueden encabezar una coalici\u00f3n en el 2027, y en ese sentido est\u00e1n ofertando sus momios electorales ante aspirantes y partidos pol\u00edticos.<\/p>\n\n\n\n<p>\u00a1Aseguran ser el partido pol\u00edtico del momento!<\/p>\n\n\n\n<p><strong>El PAN<\/strong> le tiene apostado todo a un solo candidato, y entre superar sus crisis internas por desacuerdos respecto a su dirigencia estatal, y avanzar en \u201crecuperar la confianza del elector\u201d, se les est\u00e1 yendo el tiempo.<\/p>\n\n\n\n<p>Hablan de una posible alianza con el PRI, pero lo hacen con el garrote en la mano, porque aunque es sabido que ese \u00fanico candidato que placean, gan\u00f3 en su momento gracias al partido tricolor, insisten en controlar los acuerdos rumbo a la elecci\u00f3n en ciernes, y en repartirse desde ya (antes de competir y ganar) secretar\u00edas y direcciones generales del organigrama estatal.<\/p>\n\n\n\n<p>\u00a1Solo piensan en ganar la gubernatura, lo dem\u00e1s, como sea!<\/p>\n\n\n\n<p>El PRI est\u00e1 igual.<\/p>\n\n\n\n<p>La dirigencia estatal lucha tenazmente por evitar el naufragio, por meter orden entre \u201cbeltronistas\u201d y sus opositores, y por recuperar sus tiempos de gloria, cuando la atenci\u00f3n medi\u00e1tica y ciudadana eran una absoluta garant\u00eda.<\/p>\n\n\n\n<p>Pero cada vez que \u201csacan la cabeza\u201d para anunciar su esfuerzo, algo les sale mal, y luego ya no encuentran donde meterla de regreso.<\/p>\n\n\n\n<p>\u00a1Se organizan para mantener el registro al menos como partido local!<\/p>\n\n\n\n<p>Esa oposici\u00f3n, integrada por el PRI, el PAN, el PRD, y tambi\u00e9n por el MC y el PS, tienen \u00e9stos en com\u00fan que no han encontrado la forma correcta de encabezar los grandes temas, con los que podr\u00edan fortalecerse.<\/p>\n\n\n\n<p>No hablan de seguridad ni de salud, tampoco de econom\u00eda ni de educaci\u00f3n, menos de desarrollo sustentable ni de energ\u00edas renovables.<\/p>\n\n\n\n<p>Esos temas, y otros igual o m\u00e1s importantes, los controla a la perfecci\u00f3n Morena, y estos partidos de oposici\u00f3n y arriba mencionados, no encuentran la forma de arrebatar esa agenda.<\/p>\n\n\n\n<p>Las disputas internas, las diferencias contra sus dirigencias estatales y municipales, los desacuerdos respecto a estatutos, el enojo, la animadversi\u00f3n, sumados todos estos aspectos a la frustraci\u00f3n y a los traumas pol\u00edticos-electorales de derrotas pasadas, los hunden cada vez m\u00e1s en esa arena movediza de la que no han podido sacar ni los tobillos.<\/p>\n\n\n\n<p>Y miren que en MoReNa, en el PT y PVEM, adem\u00e1s del PANAL y el PES, las cosas no andan muy bien que digamos; pero estos \u00faltimos tienen dos ventajas: est\u00e1n en el poder y el rival sigue sin calzarse la navaja en el espol\u00f3n.<\/p>\n\n\n\n<p>Pero, este es tema de otro mensaje.<\/p>\n\n\n\n<p>Por lo pronto, vamos a ver c\u00f3mo siguen avanzando las cosas con la oposici\u00f3n en Sonora.<\/p>\n\n\n\n<p>\u00a1Cierren las puertas, se\u00f1ores!<\/p>\n","protected":false},"excerpt":{"rendered":"<p>Columna Mensajes Gilberto Armenta Reyes La crisis en la oposici\u00f3n Martes 25 de marzo de 2025 La oposici\u00f3n en Sonora est\u00e1 deshecha. Y no lo est\u00e1 respecto a Morena, como partido preponderante en el estado, sino al interior de los partidos pol\u00edticos que la componen. Mire usted: El Movimiento Ciudadano tiene vestigios de ser, al [&hellip;]<\/p>\n","protected":false},"author":1,"featured_media":26310,"comment_status":"open","ping_status":"open","sticky":false,"template":"","format":"standard","meta":{"content-type":"","footnotes":""},"categories":[110],"tags":[],"class_list":{"0":"post-26309","1":"post","2":"type-post","3":"status-publish","4":"format-standard","5":"has-post-thumbnail","7":"category-gilberto-armenta-reyes"},"_links":{"self":[{"href":"https:\/\/www.regioncuatronoticias.com\/index.php\/wp-json\/wp\/v2\/posts\/26309","targetHints":{"allow":["GET"]}}],"collection":[{"href":"https:\/\/www.regioncuatronoticias.com\/index.php\/wp-json\/wp\/v2\/posts"}],"about":[{"href":"https:\/\/www.regioncuatronoticias.com\/index.php\/wp-json\/wp\/v2\/types\/post"}],"author":[{"embeddable":true,"href":"https:\/\/www.regioncuatronoticias.com\/index.php\/wp-json\/wp\/v2\/users\/1"}],"replies":[{"embeddable":true,"href":"https:\/\/www.regioncuatronoticias.com\/index.php\/wp-json\/wp\/v2\/comments?post=26309"}],"version-history":[{"count":1,"href":"https:\/\/www.regioncuatronoticias.com\/index.php\/wp-json\/wp\/v2\/posts\/26309\/revisions"}],"predecessor-version":[{"id":26311,"href":"https:\/\/www.regioncuatronoticias.com\/index.php\/wp-json\/wp\/v2\/posts\/26309\/revisions\/26311"}],"wp:featuredmedia":[{"embeddable":true,"href":"https:\/\/www.regioncuatronoticias.com\/index.php\/wp-json\/wp\/v2\/media\/26310"}],"wp:attachment":[{"href":"https:\/\/www.regioncuatronoticias.com\/index.php\/wp-json\/wp\/v2\/media?parent=26309"}],"wp:term":[{"taxonomy":"category","embeddable":true,"href":"https:\/\/www.regioncuatronoticias.com\/index.php\/wp-json\/wp\/v2\/categories?post=26309"},{"taxonomy":"post_tag","embeddable":true,"href":"https:\/\/www.regioncuatronoticias.com\/index.php\/wp-json\/wp\/v2\/tags?post=26309"}],"curies":[{"name":"wp","href":"https:\/\/api.w.org\/{rel}","templated":true}]}}