{"id":26306,"date":"2025-03-26T20:32:41","date_gmt":"2025-03-27T03:32:41","guid":{"rendered":"https:\/\/www.regioncuatronoticias.com\/?p=26306"},"modified":"2025-03-26T20:32:43","modified_gmt":"2025-03-27T03:32:43","slug":"la-sauceda-mas-que-un-bosque-urbano","status":"publish","type":"post","link":"https:\/\/www.regioncuatronoticias.com\/index.php\/2025\/03\/26\/la-sauceda-mas-que-un-bosque-urbano\/","title":{"rendered":"La Sauceda, m\u00e1s que un bosque urbano"},"content":{"rendered":"\n<p><strong>Columna Mensajes<\/strong><\/p>\n\n\n\n<p><strong>Gilberto Armenta Reyes<\/strong><\/p>\n\n\n\n<p><strong>La Sauceda, m\u00e1s que un bosque urbano<\/strong><\/p>\n\n\n\n<p><strong>Lunes 24 de marzo de 2025<\/strong><\/p>\n\n\n\n<p>La reapertura del parque La Sauceda, en Hermosillo capital de Sonora, tiene varios simbolismos interesantes.<\/p>\n\n\n\n<p>Primero, es la muestra de que Alfonso Durazo, el gobernador sonorense, tiene una tenacidad pol\u00edtica a toda prueba, que le permite cumplir lo que promete.<\/p>\n\n\n\n<p>Es importante recordar que&nbsp; la apertura de La Sauceda fue en 1994, durante el sexenio de Manlio Fabio Beltrones, tiempo en el que inici\u00f3 tambi\u00e9n su declive por falta de buenas administraciones y programas de mantenimiento progresivo.<\/p>\n\n\n\n<p>Ya en las administraciones de Armando L\u00f3pez Nogales y Eduardo Bours Castelo, su deterioro fue evidente, para llegar a su cierre definitivo en la de Guillermo Padr\u00e9s.<\/p>\n\n\n\n<p>Durante este sexenio padrecista, decenas de aspirantes pol\u00edticos del PRI y del PAN, enarbolaron la recuperaci\u00f3n de La Sauceda como bandera pol\u00edtica\/electoral, y en la era de Claudia Pavlovich, convirtieron esta recuperaci\u00f3n en una promesa de campa\u00f1a, que al final de varias elecciones, absolutamente nadie cumpli\u00f3.<\/p>\n\n\n\n<p>Y aqu\u00ed volvemos con la tenacidad pol\u00edtica de Alfonso Durazo Monta\u00f1o, quien tambi\u00e9n hizo suya la recuperaci\u00f3n de La Sauceda en ese sentido, con la diferencia de que \u00e9l s\u00ed la cumpli\u00f3.<\/p>\n\n\n\n<p>Y justo aqu\u00ed tenemos el segundo simbolismo: el oficio para saber ajustar las pol\u00edticas p\u00fablicas a las nuevas necesidades.<\/p>\n\n\n\n<p>Y es que, cuando muchos pensaban que la re apertura de la multi mencionada sauceda ser\u00eda con el proyecto acu\u00e1tico que la caracteriz\u00f3, esta dio un giro para convertirla en un proyecto de Bosque Urbano.<\/p>\n\n\n\n<p>Y es que, mire, el tema h\u00eddrico actual no da, al menos en Hermosillo, como para arrancar proyectos de albercas, r\u00edos lentos y toboganes, que demandan altos vol\u00famenes de agua, cuando la urgencia ahora es garantizar el abasto de este recurso para consumo humano.<\/p>\n\n\n\n<p>Ah\u00ed, bien el gobernador Durazo que, sin miedo, decide transformar una \u00e1rea como esta, en un bosque que las siguientes generaciones van a disfrutar.<\/p>\n\n\n\n<p>Para la nostalgia quedar\u00e1 ver las instalaciones y estructuras acu\u00e1ticas, que formar\u00e1n parte de la escenograf\u00eda visual de este Bosque Urbano, como mudo recordatorio de la importancia de cuidar el agua en los a\u00f1os por venir.<\/p>\n\n\n\n<p>El tercer simbolismo es gobernar con visi\u00f3n a mediano y largo plazo.<\/p>\n\n\n\n<p>Y eso se entiende al conocer los detalles de la segunda y tercera etapa. La segunda concluye seg\u00fan dijo el propio Alfonso Durazo, en enero del 2026, y es la arborizaci\u00f3n integral de lo que en el pasado fue una especie de laguna (donde a quien escribe le toc\u00f3 pasear a su familia en las bici\/lanchas), para ahora convertir esa \u00e1rea, seca a la vista pero h\u00fameda por debajo, en una zona totalmente arborizada, con puentes peatonales, senderos para caminantes, y \u00e1reas de esparcimiento familiar.<\/p>\n\n\n\n<p>La tercera etapa incluye al Cerro de la Cementera, una amplia zona de cantera caliza que incluir\u00e1 senderismo, rapel, ciclismo y hasta campamentos, con el espect\u00e1culo de vistas panor\u00e1micas y postales que esto representar\u00e1.<\/p>\n\n\n\n<p>Invertirle a un proyecto tan ambicioso, sin pensar en egos personales, menos pol\u00edticos o de partido, habla de un gobernador responsable en su visi\u00f3n ciudadana, que piensa en el bienestar de las futuras generaciones.<\/p>\n\n\n\n<p>Un \u00faltimo simbolismo, fue el de acabar justamente con simbolismos del pasado, y de la oposici\u00f3n.<\/p>\n\n\n\n<p>Y es que la re apertura de La Sauceda, como Bosque Urbano, se da en el aniversario luctuoso de Luis Donaldo Colosio, que, sin ning\u00fan menosprecio, pas\u00f3 ya a segundo t\u00e9rmino.<\/p>\n\n\n\n<p>Cansados estamos ya, como sociedad sonorense, de atender cada 23 de marzo una fecha que es exclusiva de los Colosio, y que por lo mismo, ya est\u00e1 desgastada y atiborrada para los dem\u00e1s, y fuera del radar de las nuevas generaciones.<\/p>\n\n\n\n<p>Romper con ese esquema, recordar la fecha con un sentido mensaje en redes sociales, mostrar respeto a la familia deuda, y seguir adelante con las agendas que le importan al sonorense, fue un acto hartamente responsable y comprometido del gobernador Alfonso Durazo.<\/p>\n\n\n\n<p>\u00a1Vuelta a la p\u00e1gina!<\/p>\n","protected":false},"excerpt":{"rendered":"<p>Columna Mensajes Gilberto Armenta Reyes La Sauceda, m\u00e1s que un bosque urbano Lunes 24 de marzo de 2025 La reapertura del parque La Sauceda, en Hermosillo capital de Sonora, tiene varios simbolismos interesantes. Primero, es la muestra de que Alfonso Durazo, el gobernador sonorense, tiene una tenacidad pol\u00edtica a toda prueba, que le permite cumplir [&hellip;]<\/p>\n","protected":false},"author":1,"featured_media":26307,"comment_status":"open","ping_status":"open","sticky":false,"template":"","format":"standard","meta":{"content-type":"","footnotes":""},"categories":[110],"tags":[],"class_list":{"0":"post-26306","1":"post","2":"type-post","3":"status-publish","4":"format-standard","5":"has-post-thumbnail","7":"category-gilberto-armenta-reyes"},"_links":{"self":[{"href":"https:\/\/www.regioncuatronoticias.com\/index.php\/wp-json\/wp\/v2\/posts\/26306","targetHints":{"allow":["GET"]}}],"collection":[{"href":"https:\/\/www.regioncuatronoticias.com\/index.php\/wp-json\/wp\/v2\/posts"}],"about":[{"href":"https:\/\/www.regioncuatronoticias.com\/index.php\/wp-json\/wp\/v2\/types\/post"}],"author":[{"embeddable":true,"href":"https:\/\/www.regioncuatronoticias.com\/index.php\/wp-json\/wp\/v2\/users\/1"}],"replies":[{"embeddable":true,"href":"https:\/\/www.regioncuatronoticias.com\/index.php\/wp-json\/wp\/v2\/comments?post=26306"}],"version-history":[{"count":1,"href":"https:\/\/www.regioncuatronoticias.com\/index.php\/wp-json\/wp\/v2\/posts\/26306\/revisions"}],"predecessor-version":[{"id":26308,"href":"https:\/\/www.regioncuatronoticias.com\/index.php\/wp-json\/wp\/v2\/posts\/26306\/revisions\/26308"}],"wp:featuredmedia":[{"embeddable":true,"href":"https:\/\/www.regioncuatronoticias.com\/index.php\/wp-json\/wp\/v2\/media\/26307"}],"wp:attachment":[{"href":"https:\/\/www.regioncuatronoticias.com\/index.php\/wp-json\/wp\/v2\/media?parent=26306"}],"wp:term":[{"taxonomy":"category","embeddable":true,"href":"https:\/\/www.regioncuatronoticias.com\/index.php\/wp-json\/wp\/v2\/categories?post=26306"},{"taxonomy":"post_tag","embeddable":true,"href":"https:\/\/www.regioncuatronoticias.com\/index.php\/wp-json\/wp\/v2\/tags?post=26306"}],"curies":[{"name":"wp","href":"https:\/\/api.w.org\/{rel}","templated":true}]}}