{"id":26300,"date":"2025-03-26T20:24:36","date_gmt":"2025-03-27T03:24:36","guid":{"rendered":"https:\/\/www.regioncuatronoticias.com\/?p=26300"},"modified":"2025-03-26T20:24:38","modified_gmt":"2025-03-27T03:24:38","slug":"no-estas-solo-no-estas-solo","status":"publish","type":"post","link":"https:\/\/www.regioncuatronoticias.com\/index.php\/2025\/03\/26\/no-estas-solo-no-estas-solo\/","title":{"rendered":"\u201c\u00a1No est\u00e1s solo, no est\u00e1s solo!\u201d"},"content":{"rendered":"\n<p><strong>Columna Corren Rumores<\/strong><\/p>\n\n\n\n<p><strong>Hilario Olea<\/strong><\/p>\n\n\n\n<p><strong>&nbsp;\u201c\u00a1No est\u00e1s solo, no est\u00e1s solo!\u201d<\/strong><\/p>\n\n\n\n<p><strong>Mi\u00e9rcoles 26 de marzo de 2027<\/strong><\/p>\n\n\n\n<p><strong>QUEDAN MAL LAS MUJERES\u2026<\/strong>Tal y como se esperaba, las mujeres diputadas de Morena y de los partidos paleros, prefirieron alinearse para mantener el hueso, y en su mayor\u00eda votaron a favor de proteger a Cuauht\u00e9moc Blanco, acusado de intento de violaci\u00f3n de su propia media hermana.&nbsp; Muchos creyeron que sostendr\u00eda sus supuestas convicciones de defender los derechos de las mujeres, pero a la hora buena se alinearon. Con esto queda claro que la corriente feminista del oficialismo es puro rollo, porque se les olvidan los principios cuando les truenan los dedos. Qu\u00e9 l\u00e1stima de papel que jugaron las legisladoras. Y todav\u00eda hasta corearon porras a favor del exfutbolista gritando: \u201c\u00a1No est\u00e1s solo, no est\u00e1s solo!\u201d Bueno, pues en este caso perdieron las damas y ganaron los varones que mandan en pol\u00edtica.&nbsp; Ahora ya se dieron cuenta que las mujeres de Morena y partidos aliados se alinear\u00e1n en lo que les manden. Esperemos que esto no lo vean como violencia pol\u00edtica. La realidad&nbsp; se oye fea, porque est\u00e1 fea.&nbsp;<\/p>\n\n\n\n<p><strong>LA SEQU\u00cdA YA LLEG\u00d3\u2026 <\/strong>Caray, que noticia tan alarmante el reporte que hacen de que el nivel de almacenamiento de las 10 principales presa del estado no &nbsp;llegan ni al 13%.&nbsp; Este volumen es menor al que hab\u00eda el a\u00f1o pasado. Y lo m\u00e1s grave es que est\u00e1 llegando una ola de calor que provocar\u00e1 m\u00e1s evaporaci\u00f3n y menos agua en las presas. &nbsp;Y a esto hay que sumar que en los pr\u00f3ximos tres meses el pron\u00f3stico del clima advierte que hay muy pocas posibilidades de lluvias. Ante esta no queda otra m\u00e1s que sumarnos todos a las campa\u00f1as que se est\u00e1n implementando para tomar conciencia del cuidado del agua, porque si seguimos como vamos, la cosa se va a poner dif\u00edcil. Ah\u00ed est\u00e1n los reportes y no mienten, por eso debemos empezar desde hoy a cuidar el agua, porque para junio ser\u00e1 muy tarde querer comenzar con ahorros de agua. Porque simplemente no habr\u00e1 que ahorrar.<\/p>\n\n\n\n<p><strong>LO VEN COMO CHANTAJE\u2026 <\/strong>Pol\u00edticamente les fue bien a los maestros de la CNTE porque doblaron al gobierno federal. Con su manifestaciones y protestas, Incluso obligaron a la presidenta Sheinbaum que retirara le Ley del ISSSTE.&nbsp; Pero si bien es cierto&nbsp; que le ganaron al gobierno la perdieron ante la gente, porque tanto desastre afect\u00f3 a poblaci\u00f3n. Por eso el an\u00e1lisis que hizo en redes sociales la firma Question Mark mostr\u00f3 que el 63% de los usuarios de redes consideran&nbsp; que no fue una protesta leg\u00edtima sino la califican de chantaje.&nbsp; Pero no creo que eso le quite el sue\u00f1o a la Coordinadora ni toda la ola de cr\u00edticas, porque saben que ya encontraron un caminito para seguir pegados a la ubre.&nbsp; Pero poco a poco se est\u00e1n acabando su capital pol\u00edtico y un buen d\u00eda como le pas\u00f3 al PRI y al PAN, se dar\u00e1n cuenta que la gente les dio la espalda.&nbsp; Al tiempo.<\/p>\n\n\n\n<p><strong>SE EST\u00c1N DANDO LAS CIRCUNSTANCIAS\u2026. <\/strong>El provoc\u00f3 risas fue el alcalde de Cajeme, Javier Lamarque, porque en una de esas tantas entrevistas alguien le pregunt\u00f3 sobre si todav\u00eda tiene inter\u00e9s en buscar la buena para el 2027, dijo algo as\u00ed como que se est\u00e1n dando las circunstancias para ser candidato a la gubernatura.&nbsp; Obvio que a todos los que escucharon de inmediato se preguntaron a qu\u00e9 circunstancias se refiere.&nbsp; A lo mejor hasta \u00e9l se cree que ha transformado a Cd. Obreg\u00f3n y por eso el gober y la presidenta ya lo tiene en la lista de los punteros. Lo interesante ser\u00e1 conocer en cualquier chico rato eso de las \u201ccircunstancias\u201d. Pudieran ser esa encuestas mandas a hacer a la medida y que en lugar de provocar curiosidad provocan risa.&nbsp; Pero bueno, la esperanza se pierde al \u00faltimo y en pol\u00edtica todo puede suceder.<\/p>\n\n\n\n<p><strong>A PROPOSITO DE ILUSIONES\u2026 <\/strong>Ya que andamos por la calle de las Ilusiones y mejores Intenciones,&nbsp; otro que se vol\u00f3 la barda con sus declaraciones fue el presidente del Instituto Estatal Electoral, Nery Ruiz Arvizu, quien vaticina que habr\u00e1 una participaci\u00f3n del 50% de votantes. Caray, eso en Sonora no se logra ni en la elecci\u00f3n presidencial.&nbsp; Los analistas realistas consideran que si se llega a un 10% del padr\u00f3n electoral ser\u00e1 mucho, pero pensar que la mitad de la poblaci\u00f3n con credencial se har\u00e1n presentes en las urnas suena a jalada. Incluso, si se gastan millones en acarreos y llevados a votar de manera forzada no es posible que les alcance, sobre todo cuando los que participan son aut\u00e9nticos desconocidos y la estructura electoral es menor. Ya ni la\u2026 Pero, bueno, se valen las jaladas.<\/p>\n\n\n\n<p><strong>Por eso recuerden lo que dec\u00eda el Bicho G\u00f3mez, dime de qu\u00e9 presumes y luego ense\u00f1a el presupuesto. Sale.<\/strong><\/p>\n\n\n\n<p><strong>S\u00edganos en la cuenta de X o Twitter @hilarioolea.<\/strong><\/p>\n\n\n\n<p><strong>Pueden vernos de lunes a viernes de 8 a 9 de la noche en nuestro canal de YouTube \u201cEntre Todos Digital\u201d.<\/strong><\/p>\n\n\n\n<p><strong>Sigan nuestras redes sociales<\/strong><\/p>\n","protected":false},"excerpt":{"rendered":"<p>Columna Corren Rumores Hilario Olea &nbsp;\u201c\u00a1No est\u00e1s solo, no est\u00e1s solo!\u201d Mi\u00e9rcoles 26 de marzo de 2027 QUEDAN MAL LAS MUJERES\u2026Tal y como se esperaba, las mujeres diputadas de Morena y de los partidos paleros, prefirieron alinearse para mantener el hueso, y en su mayor\u00eda votaron a favor de proteger a Cuauht\u00e9moc Blanco, acusado de [&hellip;]<\/p>\n","protected":false},"author":1,"featured_media":26301,"comment_status":"open","ping_status":"open","sticky":false,"template":"","format":"standard","meta":{"content-type":"","footnotes":""},"categories":[121],"tags":[],"class_list":{"0":"post-26300","1":"post","2":"type-post","3":"status-publish","4":"format-standard","5":"has-post-thumbnail","7":"category-hilarioolea"},"_links":{"self":[{"href":"https:\/\/www.regioncuatronoticias.com\/index.php\/wp-json\/wp\/v2\/posts\/26300","targetHints":{"allow":["GET"]}}],"collection":[{"href":"https:\/\/www.regioncuatronoticias.com\/index.php\/wp-json\/wp\/v2\/posts"}],"about":[{"href":"https:\/\/www.regioncuatronoticias.com\/index.php\/wp-json\/wp\/v2\/types\/post"}],"author":[{"embeddable":true,"href":"https:\/\/www.regioncuatronoticias.com\/index.php\/wp-json\/wp\/v2\/users\/1"}],"replies":[{"embeddable":true,"href":"https:\/\/www.regioncuatronoticias.com\/index.php\/wp-json\/wp\/v2\/comments?post=26300"}],"version-history":[{"count":1,"href":"https:\/\/www.regioncuatronoticias.com\/index.php\/wp-json\/wp\/v2\/posts\/26300\/revisions"}],"predecessor-version":[{"id":26302,"href":"https:\/\/www.regioncuatronoticias.com\/index.php\/wp-json\/wp\/v2\/posts\/26300\/revisions\/26302"}],"wp:featuredmedia":[{"embeddable":true,"href":"https:\/\/www.regioncuatronoticias.com\/index.php\/wp-json\/wp\/v2\/media\/26301"}],"wp:attachment":[{"href":"https:\/\/www.regioncuatronoticias.com\/index.php\/wp-json\/wp\/v2\/media?parent=26300"}],"wp:term":[{"taxonomy":"category","embeddable":true,"href":"https:\/\/www.regioncuatronoticias.com\/index.php\/wp-json\/wp\/v2\/categories?post=26300"},{"taxonomy":"post_tag","embeddable":true,"href":"https:\/\/www.regioncuatronoticias.com\/index.php\/wp-json\/wp\/v2\/tags?post=26300"}],"curies":[{"name":"wp","href":"https:\/\/api.w.org\/{rel}","templated":true}]}}