{"id":26296,"date":"2025-03-26T20:11:31","date_gmt":"2025-03-27T03:11:31","guid":{"rendered":"https:\/\/www.regioncuatronoticias.com\/?p=26296"},"modified":"2025-03-26T20:11:34","modified_gmt":"2025-03-27T03:11:34","slug":"una-decision-de-trump-que-golpeara-directamente-a-sonora","status":"publish","type":"post","link":"https:\/\/www.regioncuatronoticias.com\/index.php\/2025\/03\/26\/una-decision-de-trump-que-golpeara-directamente-a-sonora\/","title":{"rendered":"Una decisi\u00f3n de Trump que golpear\u00e1 directamente a Sonora"},"content":{"rendered":"\n<p><strong>Columna De Primera Mano<\/strong><\/p>\n\n\n\n<p><strong>Francisco Javier Ruiz Quirr\u00edn<\/strong><\/p>\n\n\n\n<p><strong>Una decisi\u00f3n de Trump que golpear\u00e1 directamente a Sonora<\/strong><\/p>\n\n\n\n<p><strong>Jueves 27 de marzo de 2025<\/strong><\/p>\n\n\n\n<p><strong>LA PLANTA <\/strong>ensambladora de Ford en Hermosillo es uno de los pilares en los que descansa nuestra econom\u00eda regional.<\/p>\n\n\n\n<p>En los primeros a\u00f1os de la d\u00e9cada de los ochenta, su llegada nuestro Estado marc\u00f3 un antes y un despu\u00e9s en nuestra historia. Es probable, que al mismo tiempo haya comenzado a desarrollarse nuestra vocaci\u00f3n industrial y romper con la tradici\u00f3n centenaria de solo depender de la agricultura y la ganader\u00eda.<\/p>\n\n\n\n<p>Bueno, ayer el presidente de los Estados Unidos, Donald Trump, anunci\u00f3 la imposici\u00f3n de aranceles de un 25 por ciento a la exportaci\u00f3n de autom\u00f3viles no fabricados en su pa\u00eds pero que ingresan como importaciones.<\/p>\n\n\n\n<p>El prop\u00f3sito, sin duda, es obligar a todas esas armadoras distribuidas por el mundo, regresar la instalaci\u00f3n de sus f\u00e1bricas en suelo estadounidense. Para quien decida hacerlo, esos famosos aranceles desaparecer\u00e1n.<\/p>\n\n\n\n<p>Trump tom\u00f3 esa decisi\u00f3n a pesar de que los propietarios de grandes compa\u00f1\u00edas como Ford Motor Company y General Motors, le pidieron no hacerlo, porque tal medida incluir\u00eda una elevaci\u00f3n de la inflaci\u00f3n ante el aumento de los precios de las unidades para el consumidor, lo que desencadenar\u00eda un efecto domin\u00f3 en todos los dem\u00e1s productos, incluidos los de primera necesidad.<\/p>\n\n\n\n<p>Desde luego, el temor de que Ford retire su planta de Hermosillo, fue lo primero que reflej\u00f3 el temor para cientos de proveedores sonorenses de esa gran compa\u00f1\u00eda.<\/p>\n\n\n\n<p>Horas despu\u00e9s del anuncio, tambi\u00e9n se dio el trascendido de que, en el caso de M\u00e9xico, si la fabricaci\u00f3n de autom\u00f3viles est\u00e1 dentro de los acuerdos del Tratado de Libre Comercio de Am\u00e9rica del Norte, entonces no se aplicar\u00eda ese impuesto.<\/p>\n\n\n\n<p>Es un respiro. Sin embargo, es dif\u00edcil no pensar en que Donald Trump buscar\u00e1 golpear a M\u00e9xico durante la etapa de revisi\u00f3n del T-MEC en unos meses m\u00e1s. Incluso, no descarta \u2013lo ha manifestado- cancelar o salirse de dicho tratado.<\/p>\n\n\n\n<p>En ese caso la econom\u00eda sonorense entrar\u00eda en una zona peligrosa ante el riesgo de perder Ford y otras compa\u00f1\u00edas estadounidenses que operan en nuestra tierra.<\/p>\n\n\n\n<p><strong>DICE EL<\/strong> empresario V\u00edctor Cuevas que por m\u00e1s esfuerzos que hizo no pudo sostener a sus Mayos de Navojoa en Navojoa, porque de plano, no hubo apoyo de los aficionados ni del gobierno y a partir de la pr\u00f3xima temporada de la Liga Mexicana del Pac\u00edfico esa franquicia se trasladar\u00e1 a Tucson\u2026 Dir\u00e1 adi\u00f3s pues, al estadio de sus amores, Manuel \u201cCicl\u00f3n\u201d Echeverr\u00eda y su nueva casa ser\u00e1 el Kino Sports Complex de aquella bonita ciudad de Arizona\u2026 Quiz\u00e1 los aficionados beisboleros del \u201cMayo\u201d disfrutan mucho m\u00e1s los juegos de las Grandes Ligas, pero en lo que respecta al apoyo gubernamental, que sepamos, no existe una ayuda especial para estas plazas, excepci\u00f3n de Hermosillo y Ciudad Obreg\u00f3n\u2026 En estos lugares, con dinero de nuestros impuestos se construyeron los estadios de b\u00e9isbol por parte del Gobierno del Estado, para despu\u00e9s concesionarlos a particulares y obligarnos a pagar y consumir por el espect\u00e1culo\u2026 Como quien dice, los privilegios han sido solo para unos cuantos.<\/p>\n\n\n\n<p><strong>POR VEZ<\/strong> primera la comunidad universitaria emiti\u00f3 ayer mi\u00e9rcoles su voto para elegir nueva rectora o nuevo rector de la Universidad de Sonora\u2026 La participaci\u00f3n fue relativa, pero se estaba haciendo historia porque a diferencia del pasado, no llegar\u00e1 un rector o rectora impuesta desde las alturas o por la fuerza de un grupo, sino que habr\u00e1 de ponderarse la voluntad de estudiantes, maestros y trabajadores de la Alma Mater\u2026 Se esperaba que los tres aspirantes que pasar\u00e1n de la comisi\u00f3n electoral al consejo universitario donde se tomar\u00e1 la decisi\u00f3n final, de acuerdo con encuesta de salida y de acuerdo a la mayor cantidad de votos, son Cuauht\u00e9moc Gonz\u00e1lez, Dena Camarena y Aar\u00f3n Grageda\u2026<\/p>\n\n\n\n<p><strong>SIGUIENDO<\/strong> con su costumbre de entregar una obra p\u00fablica pr\u00e1cticamente todos los d\u00edas, el alcalde Antonio \u201cTo\u00f1o\u201d Astiazar\u00e1n present\u00f3 ayer el llamado \u201cParque Lineal\u201d (la obra ganadora del proyecto de ciudad 2024), para beneficio de 27 colonias del norponiente de Hermosillo\u2026 Dicho parque construido con recursos del programa CRECES, contemplar\u00e1 un andador en el que se invertir\u00e1n 21 millones de pesos en una primera etapa, en una extensi\u00f3n de 1.3 kil\u00f3metros y faltar\u00e1n dos kil\u00f3metros m\u00e1s para completar el proyecto con espacios iluminados, seguros, arborizados, ideal para el ejercicio y el esparcimiento familiar.<\/p>\n","protected":false},"excerpt":{"rendered":"<p>Columna De Primera Mano Francisco Javier Ruiz Quirr\u00edn Una decisi\u00f3n de Trump que golpear\u00e1 directamente a Sonora Jueves 27 de marzo de 2025 LA PLANTA ensambladora de Ford en Hermosillo es uno de los pilares en los que descansa nuestra econom\u00eda regional. En los primeros a\u00f1os de la d\u00e9cada de los ochenta, su llegada nuestro [&hellip;]<\/p>\n","protected":false},"author":1,"featured_media":26297,"comment_status":"open","ping_status":"open","sticky":false,"template":"","format":"standard","meta":{"content-type":"","footnotes":""},"categories":[124],"tags":[],"class_list":{"0":"post-26296","1":"post","2":"type-post","3":"status-publish","4":"format-standard","5":"has-post-thumbnail","7":"category-francisco-javier-ruiz-quirrin"},"_links":{"self":[{"href":"https:\/\/www.regioncuatronoticias.com\/index.php\/wp-json\/wp\/v2\/posts\/26296","targetHints":{"allow":["GET"]}}],"collection":[{"href":"https:\/\/www.regioncuatronoticias.com\/index.php\/wp-json\/wp\/v2\/posts"}],"about":[{"href":"https:\/\/www.regioncuatronoticias.com\/index.php\/wp-json\/wp\/v2\/types\/post"}],"author":[{"embeddable":true,"href":"https:\/\/www.regioncuatronoticias.com\/index.php\/wp-json\/wp\/v2\/users\/1"}],"replies":[{"embeddable":true,"href":"https:\/\/www.regioncuatronoticias.com\/index.php\/wp-json\/wp\/v2\/comments?post=26296"}],"version-history":[{"count":1,"href":"https:\/\/www.regioncuatronoticias.com\/index.php\/wp-json\/wp\/v2\/posts\/26296\/revisions"}],"predecessor-version":[{"id":26298,"href":"https:\/\/www.regioncuatronoticias.com\/index.php\/wp-json\/wp\/v2\/posts\/26296\/revisions\/26298"}],"wp:featuredmedia":[{"embeddable":true,"href":"https:\/\/www.regioncuatronoticias.com\/index.php\/wp-json\/wp\/v2\/media\/26297"}],"wp:attachment":[{"href":"https:\/\/www.regioncuatronoticias.com\/index.php\/wp-json\/wp\/v2\/media?parent=26296"}],"wp:term":[{"taxonomy":"category","embeddable":true,"href":"https:\/\/www.regioncuatronoticias.com\/index.php\/wp-json\/wp\/v2\/categories?post=26296"},{"taxonomy":"post_tag","embeddable":true,"href":"https:\/\/www.regioncuatronoticias.com\/index.php\/wp-json\/wp\/v2\/tags?post=26296"}],"curies":[{"name":"wp","href":"https:\/\/api.w.org\/{rel}","templated":true}]}}