{"id":26289,"date":"2025-03-26T19:57:49","date_gmt":"2025-03-27T02:57:49","guid":{"rendered":"https:\/\/www.regioncuatronoticias.com\/?p=26289"},"modified":"2025-03-26T19:57:51","modified_gmt":"2025-03-27T02:57:51","slug":"amiguismo-mata-sororidad","status":"publish","type":"post","link":"https:\/\/www.regioncuatronoticias.com\/index.php\/2025\/03\/26\/amiguismo-mata-sororidad\/","title":{"rendered":"Amiguismo mata sororidad"},"content":{"rendered":"\n<p><strong>Columna Encuadre<\/strong><\/p>\n\n\n\n<p><strong>Jos\u00e9 F. Medina<\/strong><\/p>\n\n\n\n<p><strong>&nbsp;Amiguismo mata sororidad<\/strong><\/p>\n\n\n\n<p><strong>Mi\u00e9rcoles 26 de marzo de 2025<\/strong><\/p>\n\n\n\n<p>Con harto pesar, les notifico que ya me invadi\u00f3 la certeza de que este pa\u00eds no &nbsp;tiene remedio.<\/p>\n\n\n\n<p>Lo le\u00eddo, visto u o\u00eddo en torno al rechazo de los diputados de Morena y aliados, y del mism\u00edsimo PRI (s\u00ed, del PRI!!!) para desaforar a Cuauht\u00e9moc Blanco y dar paso a una demanda por intento de violaci\u00f3n en contra de su medio hermana, provoc\u00f3 que mis \u00e1nimos de recuperar la confianza en nuestras instituciones se fueran \u201cal traste\u201d.<\/p>\n\n\n\n<p>De aquel leg\u00edtimo grito entre pares de \u201cno est\u00e1s sola\u201d, las morenistas pasaron ahora al oprobioso grito de \u201cno est\u00e1s solo\u201d. Qu\u00e9 verg\u00fcenza y aberrante decepci\u00f3n. \u00bfCuesti\u00f3n de g\u00e9nero? Pamplinas. Cuesti\u00f3n de interese$.<\/p>\n\n\n\n<p>\u00bfD\u00f3nde qued\u00f3 el \u201c\u00a1Yo s\u00ed te creo, hermana!?\u201d \u00bfD\u00f3nde?<\/p>\n\n\n\n<p>A este punto, no podr\u00eda saber que estar\u00e1n pensando Sheila Hern\u00e1ndez, secretaria de la Mujer en Sonora, y la propia dirigente estatal de Morena, Judith Armenta, activ\u00edsimas f\u00e9minas universitarias en contra de la violencia y el abuso sexual contra mujeres, ante la actuaci\u00f3n de sus correligionarios y correligionarias durante la ca\u00f3tica sesi\u00f3n en la C\u00e1mara de Diputados.<\/p>\n\n\n\n<p>Es m\u00e1s: no sabr\u00eda que estar\u00e1 pensando la propia Lupita Soto, dirigente estatal del PRI y las miles de mujeres priistas en el pa\u00eds, sobre este mismo tema.<\/p>\n\n\n\n<p>S\u00ed, ya s\u00e9 que me van a decir que la Comisi\u00f3n Instructora de la C\u00e1mara de Diputados encargada de analizar el caso, presidida por el diputado morenista Hugo Eric Flores, desech\u00f3 el dictamen porque la investigaci\u00f3n de la Fiscal\u00eda de Morelos fue defectuosa, incompleta y violatoria a derechos humanos. S\u00ed, ya s\u00e9 que ese fue el pretexto.<\/p>\n\n\n\n<p>Tres argumentos que, con verdadera voluntad de llegar al fondo del asunto, pudiesen haber repuesto. Pero no. Lo mejor fue no moverle y proteger \u201ca uno de los nuestros\u201d, al costo que sea.<\/p>\n\n\n\n<p>La aplanadora aliancista, junto a los convenencieros priistas, arras\u00f3. 291 votos a favor fueron suficientes para no retirar el fuero constitucional al Cuau, un sujeto cuya \u00fanica gracia fue hacer maravillas con el bal\u00f3n de futbol en los pies, y andar de esc\u00e1ndalo en esc\u00e1ndalo durante su paso por la gubernatura de Morelos. \u00bfQu\u00e9 esperaban con su evidente escasa preparaci\u00f3n y falta de valores?<\/p>\n\n\n\n<p>Por lo dem\u00e1s, qu\u00e9 mal est\u00e1n haciendo ver a la presidenta Sheinbaum quienes supuestamente tendr\u00edan la obligaci\u00f3n de protegerla con sus acciones!.<\/p>\n\n\n\n<p>D\u00f3nde esconder la cara, cuando sus mismos diputados y diputadas le dan la espalda a una mujer, que con valent\u00eda, denunci\u00f3 un intento de violaci\u00f3n?.<\/p>\n\n\n\n<p>C\u00f3mo sostener un discurso de \u201cllegamos todas\u201d (a la Presidencia)?.<\/p>\n\n\n\n<p>No pretendo de ninguna manera erigirme en el gran inquisidor c\u00f3modamente sentado en mi elegante mirador, pero s\u00ed se\u00f1alar la falta de voluntad pol\u00edtica de la ahora tristemente famosa Comisi\u00f3n Instructora para, repito, llegar al fondo del asunto.<\/p>\n\n\n\n<p>A otro perro con ese hueso de que \u201cno fue una decisi\u00f3n pol\u00edtica, sino jur\u00eddica\u201d.<\/p>\n\n\n\n<p>Doble contra sencillo que para \u201clavar la cara\u201d de sus diputadas (os), ahora los morenistas culpar\u00e1n totalmente a la Fiscal\u00eda de Morelos por \u201chacer mal su trabajo\u201d. T\u00edpico.<\/p>\n\n\n\n<p>Qu\u00e9 pena.<\/p>\n\n\n\n<p><strong>&nbsp;ENCUADRE RADIAL<\/strong><\/p>\n\n\n\n<p>Desde el punto de vista de la comunicaci\u00f3n institucional, un gran logro alcanz\u00f3 el alcalde hermosillense Antonio \u201cTo\u00f1o\u201d Astiazar\u00e1n al obtener la primera concesi\u00f3n p\u00fablica de una radio.<\/p>\n\n\n\n<p>La documentaci\u00f3n respectiva le fue entregada por el comisionado presidente del Instituto Federal de Telecomunicaciones, Javier Ju\u00e1rez Mojica, y seguramente jugar\u00e1 un papel importante en la difusi\u00f3n de las acciones del ayuntamiento en materia de salud, educaci\u00f3n, seguridad p\u00fablica, prevenci\u00f3n de adicciones, deporte, turismo, entre otras.<\/p>\n\n\n\n<p>A trav\u00e9s de la frecuencia modulada 89.3, Radio H podr\u00e1 fortalecer su cercan\u00eda con la poblaci\u00f3n, con un enfoque social, seg\u00fan reza el comunicado de prensa respectivo.<\/p>\n\n\n\n<p>La concesi\u00f3n radial tendr\u00e1 una vigencia de 15 a\u00f1os y tambi\u00e9n permitir\u00e1 extender los servicios de internet gratuitos a m\u00e1s rincones de Hermosillo. Adem\u00e1s, sin duda, se convertir\u00e1 en un buen veh\u00edculo propagand\u00edstico para lo que se pueda ofrecer en un futuro cercano.<\/p>\n\n\n\n<p>Bien por nuestra ciudad capital.<\/p>\n\n\n\n<p><strong>&nbsp;ENCUADRE \u201cMACHETERO\u201d<\/strong><\/p>\n\n\n\n<p>No deja de sorprender el grado de violencia presente en nuestra sociedad.<\/p>\n\n\n\n<p>La detenci\u00f3n de unos morritos macheteros que hac\u00edan de las suyas por rumbos del fraccionamiento Pueblitos, en Hermosillo, fue tema de conversaci\u00f3n digital.<\/p>\n\n\n\n<p>Lo mismo con un par de adolescentes que en Privada del Real fueron aprehendidos al asaltar con pistola, cuchillo y machete en mano, a una persona.<\/p>\n\n\n\n<p>\u00bfY los padres?? Tambi\u00e9n deber\u00edan recibir su castigo.<\/p>\n\n\n\n<p><strong>&nbsp;ENCUADRE PUNZANTE<\/strong><\/p>\n\n\n\n<p>No s\u00e9 con qu\u00e9 intenciones, pero recientemente un interesado hizo circular el nombre de Alfonso El\u00edas Serrano como un posible aspirante a la alcald\u00eda de Hermosillo, quiero creer que por el PRI.<\/p>\n\n\n\n<p>No alboroten, por favor, a quien no ganar\u00eda ni para Rey Feo en un carnaval de Arizpe, su tierra.<\/p>\n\n\n\n<p>Sean serios.<\/p>\n\n\n\n<p>IN PROXIMUM<\/p>\n\n\n\n<p><strong>Me puedes seguir en FB: Jos\u00e9 Felipe Medina<\/strong><\/p>\n\n\n\n<p><strong>En X: @josefe31, @fm_informativo<\/strong><\/p>\n\n\n\n<p><strong>Correo electr\u00f3nico: josefe31@hotmail.com, josefe31@gmail.com<\/strong><\/p>\n\n\n\n<p><strong>FMINFORMATIVO.COM<\/strong><\/p>\n","protected":false},"excerpt":{"rendered":"<p>Columna Encuadre Jos\u00e9 F. Medina &nbsp;Amiguismo mata sororidad Mi\u00e9rcoles 26 de marzo de 2025 Con harto pesar, les notifico que ya me invadi\u00f3 la certeza de que este pa\u00eds no &nbsp;tiene remedio. Lo le\u00eddo, visto u o\u00eddo en torno al rechazo de los diputados de Morena y aliados, y del mism\u00edsimo PRI (s\u00ed, del PRI!!!) [&hellip;]<\/p>\n","protected":false},"author":1,"featured_media":26290,"comment_status":"open","ping_status":"open","sticky":false,"template":"","format":"standard","meta":{"content-type":"","footnotes":""},"categories":[122],"tags":[],"class_list":{"0":"post-26289","1":"post","2":"type-post","3":"status-publish","4":"format-standard","5":"has-post-thumbnail","7":"category-jose-felipe-medina"},"_links":{"self":[{"href":"https:\/\/www.regioncuatronoticias.com\/index.php\/wp-json\/wp\/v2\/posts\/26289","targetHints":{"allow":["GET"]}}],"collection":[{"href":"https:\/\/www.regioncuatronoticias.com\/index.php\/wp-json\/wp\/v2\/posts"}],"about":[{"href":"https:\/\/www.regioncuatronoticias.com\/index.php\/wp-json\/wp\/v2\/types\/post"}],"author":[{"embeddable":true,"href":"https:\/\/www.regioncuatronoticias.com\/index.php\/wp-json\/wp\/v2\/users\/1"}],"replies":[{"embeddable":true,"href":"https:\/\/www.regioncuatronoticias.com\/index.php\/wp-json\/wp\/v2\/comments?post=26289"}],"version-history":[{"count":1,"href":"https:\/\/www.regioncuatronoticias.com\/index.php\/wp-json\/wp\/v2\/posts\/26289\/revisions"}],"predecessor-version":[{"id":26291,"href":"https:\/\/www.regioncuatronoticias.com\/index.php\/wp-json\/wp\/v2\/posts\/26289\/revisions\/26291"}],"wp:featuredmedia":[{"embeddable":true,"href":"https:\/\/www.regioncuatronoticias.com\/index.php\/wp-json\/wp\/v2\/media\/26290"}],"wp:attachment":[{"href":"https:\/\/www.regioncuatronoticias.com\/index.php\/wp-json\/wp\/v2\/media?parent=26289"}],"wp:term":[{"taxonomy":"category","embeddable":true,"href":"https:\/\/www.regioncuatronoticias.com\/index.php\/wp-json\/wp\/v2\/categories?post=26289"},{"taxonomy":"post_tag","embeddable":true,"href":"https:\/\/www.regioncuatronoticias.com\/index.php\/wp-json\/wp\/v2\/tags?post=26289"}],"curies":[{"name":"wp","href":"https:\/\/api.w.org\/{rel}","templated":true}]}}