{"id":26286,"date":"2025-03-26T19:56:25","date_gmt":"2025-03-27T02:56:25","guid":{"rendered":"https:\/\/www.regioncuatronoticias.com\/?p=26286"},"modified":"2025-03-26T19:56:28","modified_gmt":"2025-03-27T02:56:28","slug":"la-violencia-como-la-materia-solo-se-transforma","status":"publish","type":"post","link":"https:\/\/www.regioncuatronoticias.com\/index.php\/2025\/03\/26\/la-violencia-como-la-materia-solo-se-transforma\/","title":{"rendered":"La violencia, como la materia, solo se transforma"},"content":{"rendered":"\n<p><strong>Columna Encuadre<\/strong><\/p>\n\n\n\n<p><strong>Jos\u00e9 F. Medina<\/strong><\/p>\n\n\n\n<p><strong>La violencia, como la materia, solo se transforma<\/strong><\/p>\n\n\n\n<p><strong>Martes 25 de marzo de 2025<\/strong><\/p>\n\n\n\n<p>De acuerdo al secretariado ejecutivo del Sistema Nacional de Seguridad P\u00fablica, &nbsp;este fin de semana a Sonora no le fue nada bien en el tema de homicidios.<\/p>\n\n\n\n<p>Seg\u00fan sus n\u00fameros, la entidad registr\u00f3 14 asesinatos del viernes 21 al domingo 23, ubic\u00e1ndose en tercer lugar en el pa\u00eds con m\u00e1s cr\u00edmenes de esta naturaleza, de un total de 198.<\/p>\n\n\n\n<p>En esta ocasi\u00f3n, Guerrero se ubic\u00f3 como la entidad con mayor violencia letal durante esos tres d\u00edas, con 20 personas asesinadas; seguido de Nuevo Le\u00f3n con 15 casos, y Sonora con 14 homicidios dolosos, mismo n\u00famero que Baja California, seguidos del Estado de M\u00e9xico y Sinaloa con 13.<\/p>\n\n\n\n<p>Y es que pese a los esfuerzos de las fuerzas de seguridad por poner orden en M\u00e9xico, la violencia no cede. Igual en Sonora.<\/p>\n\n\n\n<p>Para que se d\u00e9 Usted una idea de lo que digo: tan solo en este mes fueron asesinadas mil 491 personas en el pa\u00eds, esto es, un promedio de 64.8 por d\u00eda (cifras hasta el domingo 23 marzo).<\/p>\n\n\n\n<p>S\u00ed, ya s\u00e9 que me van a decir que la polic\u00eda no descansa y que hacen su chamba, porque todos los d\u00edas reportan aseguramiento de droga, armas, veh\u00edculos, equipo t\u00e1ctico y detenciones de facinerosos, pero los n\u00fameros indican que el fen\u00f3meno se mantiene, y en algunos Estados, los rebasa.<\/p>\n\n\n\n<p>Y si de polic\u00edas hablamos, de acuerdo a la organizaci\u00f3n Causa en Com\u00fan, durante los primeros dos meses de este 2025, murieron 70 elementos a manos del crimen organizado, equivalente a un promedio de 1.4 casos cada d\u00eda.<\/p>\n\n\n\n<p>Ya en el sexenio de la presidenta Sheinbaum, dicha organizaci\u00f3n registr\u00f3 al menos 164 asesinatos de polic\u00edas desde el 1 de octubre de 2024 hasta el 20 de febrero de este a\u00f1o.<\/p>\n\n\n\n<p>Como puede verse, las cifras nos indican a todas luces que el horno no est\u00e1 para bollos.<\/p>\n\n\n\n<p>Y a estos n\u00fameros habr\u00eda que agregarles la de las personas desaparecidas.<\/p>\n\n\n\n<p>El panorama se torna a\u00fan m\u00e1s rojo sangre en entidades como Sinaloa, Guanajuato, Michoac\u00e1n y Tabasco, por citar solo unos cu\u00e1ntos ejemplos, por una cruenta guerra entre c\u00e1rteles, donde salpican a polic\u00edas y muchas veces a gente inocente.<\/p>\n\n\n\n<p>A pesar de los esfuerzos que dicen las autoridades que hacen, las cosas no andan bien, nada bien, de hecho.<\/p>\n\n\n\n<p>Otro ejemplo: este lunes por la ma\u00f1ana, a eso de las 6:30 am, un agente de Tr\u00e1nsito en Hermosillo le hizo la parada a dos sujetos a bordo de una motociclista por conducir a exceso de velocidad por calles del norte de la ciudad, y uno de ellos, sin m\u00e1s ni m\u00e1s, le dispar\u00f3 con un arma 9 mil\u00edmetros. Por fortuna, el polic\u00eda solo result\u00f3 herido y los agresores detenidos.<\/p>\n\n\n\n<p>As\u00ed las cosas con la violencia.<\/p>\n\n\n\n<p><strong>&nbsp;VEDA EN LA UNISON<\/strong><\/p>\n\n\n\n<p>De acuerdo al cronograma del proceso electivo para Rector (a) de la Universidad de Sonora, este martes ser\u00e1 d\u00eda de veda para los candidatos, es decir, no podr\u00e1n hacer ning\u00fan tipo de manifestaci\u00f3n propagandista.<\/p>\n\n\n\n<p>Y si las cosas van conforme al calendario, este mi\u00e9rcoles 26, a partir de las 8 de la ma\u00f1ana hasta las 7 de la noche, habr\u00e1 de realizarse la consulta a la comunidad universitaria mediante votaci\u00f3n electr\u00f3nica, universal, directa, libre y secreta, a fin de elegir a los tres candidatos que participar\u00e1n en el proceso final de elecci\u00f3n.<\/p>\n\n\n\n<p>Quiz\u00e1 para las 8 de la noche, ya sabremos el resultado de la votaci\u00f3n.<\/p>\n\n\n\n<p>Y si no hay sorpresas, la terna estar\u00e1 integrada por Cuauht\u00e9moc Gonz\u00e1lez, Dena Camarena y Aar\u00f3n Grageda.<\/p>\n\n\n\n<p>Posteriormente, los tres finalistas entregar\u00e1n, a m\u00e1s tardar el 31 de marzo, un documento con la ampliaci\u00f3n de su propuesta del Plan de Desarrollo Institucional,<\/p>\n\n\n\n<p>Ser\u00e1 el 8 de abril cuando el Colegio Universitario se instale en sesi\u00f3n permanente para recibir a los candidatos de la terna, y proceder a la elecci\u00f3n del pr\u00f3ximo ocupante de Rector\u00eda de nuestra alma mater, para el per\u00edodo 2025-2030.<\/p>\n\n\n\n<p><strong>&nbsp;DE CAMPA\u00d1ITAS\u2026<\/strong><\/p>\n\n\n\n<p>De p\u00e9simo gusto la campa\u00f1a negra emprendida en contra del navojoense Guillermo \u201cEl Cuate\u201d Ruiz, delegado especial para el sur de Sonora por el Partido Sonorense. Bien a bien no se sabe de d\u00f3nde viene, pero todo hace indicar que el origen es de Palacio Municipal, l\u00e9ase, Jorge El\u00edas Retes.<\/p>\n\n\n\n<p>\u201cEl Cuate\u201d Ruiz ha sido uno de los principales promotores de las manifestaciones realizadas en protesta por el alt\u00edsimo incremento del impuesto predial y de la tarifa de agua potable en la experla del Mayo, situaci\u00f3n que trae al borde de un ataque de nervios, de p\u00e1nico y de encabronamiento, al mun\u00edcipe.<\/p>\n\n\n\n<p>Pero como bien dicen por ah\u00ed: \u201cveneno que no mata, fortalece\u201d, y creo que ese ser\u00e1 el caso de \u201cEl Cuate\u201d.<\/p>\n\n\n\n<p>Por lo pronto, bien har\u00eda El\u00edas Retes en serenarse y buscarle una salida decorosa al tema del predial.<\/p>\n\n\n\n<p>IN PROXIMUM<\/p>\n\n\n\n<p><strong>&nbsp;Me puedes seguir en FB: Jos\u00e9 Felipe Medina<\/strong><\/p>\n\n\n\n<p><strong>En X: @josefe31, @fm_informativo.com<\/strong><\/p>\n\n\n\n<p><strong>Correo electr\u00f3nico: josefe31@hotmail.com, josefe31@gmail.com<\/strong><\/p>\n\n\n\n<p><strong>FMINFORMATIVO.COM<\/strong><\/p>\n","protected":false},"excerpt":{"rendered":"<p>Columna Encuadre Jos\u00e9 F. Medina La violencia, como la materia, solo se transforma Martes 25 de marzo de 2025 De acuerdo al secretariado ejecutivo del Sistema Nacional de Seguridad P\u00fablica, &nbsp;este fin de semana a Sonora no le fue nada bien en el tema de homicidios. Seg\u00fan sus n\u00fameros, la entidad registr\u00f3 14 asesinatos del [&hellip;]<\/p>\n","protected":false},"author":1,"featured_media":26287,"comment_status":"open","ping_status":"open","sticky":false,"template":"","format":"standard","meta":{"content-type":"","footnotes":""},"categories":[122],"tags":[],"class_list":{"0":"post-26286","1":"post","2":"type-post","3":"status-publish","4":"format-standard","5":"has-post-thumbnail","7":"category-jose-felipe-medina"},"_links":{"self":[{"href":"https:\/\/www.regioncuatronoticias.com\/index.php\/wp-json\/wp\/v2\/posts\/26286","targetHints":{"allow":["GET"]}}],"collection":[{"href":"https:\/\/www.regioncuatronoticias.com\/index.php\/wp-json\/wp\/v2\/posts"}],"about":[{"href":"https:\/\/www.regioncuatronoticias.com\/index.php\/wp-json\/wp\/v2\/types\/post"}],"author":[{"embeddable":true,"href":"https:\/\/www.regioncuatronoticias.com\/index.php\/wp-json\/wp\/v2\/users\/1"}],"replies":[{"embeddable":true,"href":"https:\/\/www.regioncuatronoticias.com\/index.php\/wp-json\/wp\/v2\/comments?post=26286"}],"version-history":[{"count":1,"href":"https:\/\/www.regioncuatronoticias.com\/index.php\/wp-json\/wp\/v2\/posts\/26286\/revisions"}],"predecessor-version":[{"id":26288,"href":"https:\/\/www.regioncuatronoticias.com\/index.php\/wp-json\/wp\/v2\/posts\/26286\/revisions\/26288"}],"wp:featuredmedia":[{"embeddable":true,"href":"https:\/\/www.regioncuatronoticias.com\/index.php\/wp-json\/wp\/v2\/media\/26287"}],"wp:attachment":[{"href":"https:\/\/www.regioncuatronoticias.com\/index.php\/wp-json\/wp\/v2\/media?parent=26286"}],"wp:term":[{"taxonomy":"category","embeddable":true,"href":"https:\/\/www.regioncuatronoticias.com\/index.php\/wp-json\/wp\/v2\/categories?post=26286"},{"taxonomy":"post_tag","embeddable":true,"href":"https:\/\/www.regioncuatronoticias.com\/index.php\/wp-json\/wp\/v2\/tags?post=26286"}],"curies":[{"name":"wp","href":"https:\/\/api.w.org\/{rel}","templated":true}]}}