{"id":26283,"date":"2025-03-26T19:41:08","date_gmt":"2025-03-27T02:41:08","guid":{"rendered":"https:\/\/www.regioncuatronoticias.com\/?p=26283"},"modified":"2025-03-26T19:41:10","modified_gmt":"2025-03-27T02:41:10","slug":"escala-la-lucha-cetemista-por-jornada-de-40-horas","status":"publish","type":"post","link":"https:\/\/www.regioncuatronoticias.com\/index.php\/2025\/03\/26\/escala-la-lucha-cetemista-por-jornada-de-40-horas\/","title":{"rendered":"Escala la lucha cetemista por jornada de 40 horas"},"content":{"rendered":"\n<p><strong>Columna El Zancudo<\/strong><\/p>\n\n\n\n<p><strong>Arturo Soto Mungu\u00eda<\/strong><\/p>\n\n\n\n<p><strong>Escala la lucha cetemista por jornada de 40 horas<\/strong><\/p>\n\n\n\n<p><strong>Mi\u00e9rcoles 26 de marzo de 2025<\/strong><\/p>\n\n\n\n<p><strong>\u00bfOtra padrecista al TEE? Parece que los piden por cat\u00e1logo&nbsp;<\/strong><\/p>\n\n\n\n<p>Acaban de pasar las movilizaciones magisteriales por la derogaci\u00f3n de la Ley del Issste y desde ya se est\u00e1n preparando nuevas jornadas de reivindicaciones laborales que tienen en perspectiva la simb\u00f3lica fecha del Primero de Mayo.<\/p>\n\n\n\n<p>&nbsp;Y es que aunque ya se dictamin\u00f3 la reforma laboral que establece la disminuci\u00f3n de 48 a 40 horas por jornada de trabajo, los diputados federales le han estado dando largas y despu\u00e9s de algunos meses no la han \u2018bajado\u2019 al pleno de San L\u00e1zaro para discutirla y en su caso aprobarla.<\/p>\n\n\n\n<p>&nbsp;El diputado local \u00d3scar Ortiz Arvayo, dirigente municipal de la CTM en Hermosillo sostiene que no han quitado el dedo del rengl\u00f3n y en la reciente reuni\u00f3n interparlamentaria en la que participaron legisladores locales y federales, y en la que estuvo presente el senador Heriberto Grijalva, el tema fue puesto sobre la mesa de nueva cuenta, para urgir a que el dictamen respectivo \u2018baje\u2019 al pleno.<\/p>\n\n\n\n<p>&nbsp;La jornada de movilizaciones del Primero de Mayo ser\u00e1 el marco ideal para levantar de nuevo esa bandera y se har\u00e1 en todo el pa\u00eds. En Hermosillo, m\u00e1s de 14 mil cetemistas se concentrar\u00e1n en el CUM ese d\u00eda y tambi\u00e9n participar\u00e1n en la marcha del Consejo Sindical Permanente. La clase obrera volver\u00e1 a tomar las calles y hacer o\u00edr su voz.<\/p>\n\n\n\n<p>&nbsp;Se tiene que entender que M\u00e9xico est\u00e1 muy rezagado en esta materia; formamos parte de un tratado comercial con Estados Unidos y Canad\u00e1, donde desde hace m\u00e1s de 80 a\u00f1os la jornada laboral es de 40 horas y es momento de que en M\u00e9xico se avance en ese sentido, sostuvo.<\/p>\n\n\n\n<p>&nbsp;Se dijo optimista de que la iniciativa proceda toda vez que la misma presidenta de la Rep\u00fablica, Claudia Sheinbaum ya se ha manifestado a favor de la misma, y aunque todav\u00eda hay resistencias de parte del sector patronal, no todos los empresarios est\u00e1n en contra; de hecho hay propuestas interesantes de la c\u00fapula empresarial para que la reforma se aplique de manera gradual, un matiz con el que la CTM tiene coincidencias.<\/p>\n\n\n\n<p>&nbsp;Contrario a lo que se piensa, la reducci\u00f3n de la jornada laboral no tendr\u00e1 efectos negativos en el rendimiento y productividad de los trabajadores; al contrario, estos tendr\u00e1n una mayor motivaci\u00f3n y compromiso y al mejorar la concentraci\u00f3n y eficiencia mejorando los entornos laborales.<\/p>\n\n\n\n<p>&nbsp;El pr\u00f3ximo Primero de Mayo volver\u00e1 a sonar en todas las calles del pa\u00eds la consigna de la reducci\u00f3n de la jornada laboral a 40 horas, y suceder\u00e1 en un buen tiempo pol\u00edtico, considerando que por ejemplo el magisterio acaba de lograr tambi\u00e9n por la v\u00eda de la movilizaci\u00f3n, echar atr\u00e1s la reforma a la Ley del Issste.<\/p>\n\n\n\n<p>&nbsp;Estaremos pendientes.<\/p>\n\n\n\n<p><strong>&nbsp;II<\/strong><\/p>\n\n\n\n<p>Parece que los piden por cat\u00e1logo\u2026<\/p>\n\n\n\n<p>&nbsp;A inicios de la semana les informamos que en el Senado de la Rep\u00fablica se tiene el expediente del abogado Octavio Grijalva V\u00e1zquez, que busca ser candidato a magistrado del Tribunal Estatal Electoral de Sonora. Obviamente, tal expediente no incluye el largo listado de litigios pol\u00e9micos en los que se ha visto envuelto este padrecista, incluyendo aquel conflicto de inter\u00e9s cuando siendo visitador de la CEDH tambi\u00e9n litigaba mediante su despacho en la defensa de un ciudadano indio que asesin\u00f3 salvajemente a la joven Priscilla Hern\u00e1ndez.<\/p>\n\n\n\n<p>&nbsp;Pues apenas \u00edbamos saliendo de esa sorpresa, cuando nos enteramos que hay otra sonorense que busca ser candidata a magistrada del TEE, y no trae muy buenas cartas credenciales, aunque s\u00ed la \u2018bendici\u00f3n\u2019 de su exjefe, el tambi\u00e9n padrecista Sergio Guti\u00e9rrez Luna, que \u2018dej\u00f3 temblando\u2019 el Nuevo Sistema de Justicia Penal iniciado en el sexenio de Guillermo Padr\u00e9s, donde de acuerdo a la organizaci\u00f3n civil Sonora SOS se \u2018esfumaron\u2019 algo as\u00ed como 180 millones de pesos.<\/p>\n\n\n\n<p>&nbsp;Se trata de Ana Maribel Salcido Jashimoto, que en 2011 fue nombrada por Guti\u00e9rrez Luna como directora de Gesti\u00f3n del NSJP; posteriormente fue nombrada con el poder del padrecismo en el gobierno, como consejera del IEE, donde recibi\u00f3 fuertes se\u00f1alamientos por el uso faccioso de su encargo a favor del padrecismo.<\/p>\n\n\n\n<p>La Comisi\u00f3n de Justicia del Senado deber\u00e1 entrevistar en estos d\u00edas a todos los aspirantes, pero por lo pronto tiene en este par, sendos casos que merecen ser analizados a conciencia, porque con esos perfiles la reforma judicial estar\u00eda condenada a ser un proceso en el que se salte de la sart\u00e9n a la lumbre.<\/p>\n\n\n\n<p>&nbsp;A partir del 7 de abril el pleno del Senado deber\u00e1 votar por las propuestas de la Comisi\u00f3n de Justicia. Qu\u00e9 nervios\u2026<\/p>\n\n\n\n<p><strong>&nbsp;III<\/strong><\/p>\n\n\n\n<p>Qu\u00e9 fuerte la denuncia difundida por el colega y amigo Rafael Cano Franco en sus redes sociales, a prop\u00f3sito de lo que ocurre en Navojoa, y concretamente con el ex s\u00edndico durante la pol\u00e9mica administraci\u00f3n de Rosario Quintero, Guillermo Ruiz Campoy, mejor conocido como \u201cEl Cuate\u201d, hoy por hoy un activo del Partido Sonorense.<\/p>\n\n\n\n<p>&nbsp;El Cuate, que se ha sumado a las luchas que en la Perla del Mayo se han suscitado a ra\u00edz de la aplicaci\u00f3n de la Ley de Ingresos aprobada por el Congreso del Estado, no puede, dice el colega, pregonar ejemplos de civismo cuando actualmente enfrenta un litigio como deudor alimenticio, lo que de suyo es grave, pero pol\u00edticamente es peor porque esa condici\u00f3n lo inhabilitar\u00eda autom\u00e1ticamente como eventual candidato a alg\u00fan cargo de elecci\u00f3n, algo que tiene en la mira.<\/p>\n\n\n\n<p>&nbsp;Conocimos al \u2018Cuate\u2019 recientemente y nos pareci\u00f3 un buen tipo, desenfadado y dicharachero, pero el asunto en que se le involucra ser\u00eda letal para su carrera pol\u00edtica, que ciertamente, como dice Cano Franco, ha sido muy vers\u00e1til, pasando de uno a otro partido pol\u00edtico con frescura. En realidad, el colega lo llam\u00f3 \u2018Chapul\u00edn de la pol\u00edtica\u201d, pero el t\u00e9rmino me parece peyorativo, sobre todo en estos tiempos de normalizaci\u00f3n de tanta movilidad de la clase pol\u00edtica.<\/p>\n\n\n\n<p>&nbsp;Veremos si en los pr\u00f3ximos d\u00edas \u201cEl Cuate\u201d sale a aclarar esos se\u00f1alamientos.<\/p>\n\n\n\n<p><strong>&nbsp;IV<\/strong><\/p>\n\n\n\n<p>Bueno, pues el To\u00f1o Astiazar\u00e1n ya se meti\u00f3 a la competencia en el cuadrante radiof\u00f3nico al conseguir una concesi\u00f3n de radio p\u00fablica que comenzar\u00e1 a operar el gobierno municipal en la frecuencia 89.3 de FM.<\/p>\n\n\n\n<p>&nbsp;Esta concesi\u00f3n es la primera en su tipo que opera un gobierno municipal en Sonora, fue otorgada por el Instituto Federal de Telecomunicaciones y le permitir\u00e1 al Ayuntamiento ampliar el espectro de comunicaci\u00f3n con la comunidad para la promoci\u00f3n de sus campa\u00f1as de salud, educaci\u00f3n, seguridad p\u00fablica, prevenci\u00f3n de adicciones y en general, para la difusi\u00f3n de avisos, convocatorias, programas culturales y dem\u00e1s.<\/p>\n\n\n\n<p><strong>&nbsp;V<\/strong><\/p>\n\n\n\n<p>Y el que sigue con la promoci\u00f3n del Plan Sonora de Energ\u00edas Sostenibles es el gobernador Alfonso Durazo, que acaba de firmar un acuerdo con la UNAM para fortalecer la innovaci\u00f3n cient\u00edfica y tecnol\u00f3gica en el estado.<\/p>\n\n\n\n<p>&nbsp;El primer paso ser\u00e1 instalar un laboratorio especializado en Geolog\u00eda, Energ\u00edas Renovables y Ecolog\u00eda con enfoque en estudios de tierras, elementos estrat\u00e9gicos para la transici\u00f3n energ\u00e9tica, electromovilidad y semiconductores.<\/p>\n\n\n\n<p>&nbsp;Este acuerdo permitir\u00e1 la instalaci\u00f3n de centros de investigaci\u00f3n en Sonora, con el objetivo de fortalecer la formaci\u00f3n acad\u00e9mica, la innovaci\u00f3n tecnol\u00f3gica y la preparaci\u00f3n profesional.<\/p>\n\n\n\n<p>&nbsp;<strong>Tambi\u00e9n me puedes seguir en X: @Chaposoto<\/strong><\/p>\n\n\n\n<p><strong>Visita www.elzancudo.com.mx<\/strong><\/p>\n","protected":false},"excerpt":{"rendered":"<p>Columna El Zancudo Arturo Soto Mungu\u00eda Escala la lucha cetemista por jornada de 40 horas Mi\u00e9rcoles 26 de marzo de 2025 \u00bfOtra padrecista al TEE? Parece que los piden por cat\u00e1logo&nbsp; Acaban de pasar las movilizaciones magisteriales por la derogaci\u00f3n de la Ley del Issste y desde ya se est\u00e1n preparando nuevas jornadas de reivindicaciones [&hellip;]<\/p>\n","protected":false},"author":1,"featured_media":26284,"comment_status":"open","ping_status":"open","sticky":false,"template":"","format":"standard","meta":{"content-type":"","footnotes":""},"categories":[125],"tags":[],"class_list":{"0":"post-26283","1":"post","2":"type-post","3":"status-publish","4":"format-standard","5":"has-post-thumbnail","7":"category-arturo-soto-munguia"},"_links":{"self":[{"href":"https:\/\/www.regioncuatronoticias.com\/index.php\/wp-json\/wp\/v2\/posts\/26283","targetHints":{"allow":["GET"]}}],"collection":[{"href":"https:\/\/www.regioncuatronoticias.com\/index.php\/wp-json\/wp\/v2\/posts"}],"about":[{"href":"https:\/\/www.regioncuatronoticias.com\/index.php\/wp-json\/wp\/v2\/types\/post"}],"author":[{"embeddable":true,"href":"https:\/\/www.regioncuatronoticias.com\/index.php\/wp-json\/wp\/v2\/users\/1"}],"replies":[{"embeddable":true,"href":"https:\/\/www.regioncuatronoticias.com\/index.php\/wp-json\/wp\/v2\/comments?post=26283"}],"version-history":[{"count":1,"href":"https:\/\/www.regioncuatronoticias.com\/index.php\/wp-json\/wp\/v2\/posts\/26283\/revisions"}],"predecessor-version":[{"id":26285,"href":"https:\/\/www.regioncuatronoticias.com\/index.php\/wp-json\/wp\/v2\/posts\/26283\/revisions\/26285"}],"wp:featuredmedia":[{"embeddable":true,"href":"https:\/\/www.regioncuatronoticias.com\/index.php\/wp-json\/wp\/v2\/media\/26284"}],"wp:attachment":[{"href":"https:\/\/www.regioncuatronoticias.com\/index.php\/wp-json\/wp\/v2\/media?parent=26283"}],"wp:term":[{"taxonomy":"category","embeddable":true,"href":"https:\/\/www.regioncuatronoticias.com\/index.php\/wp-json\/wp\/v2\/categories?post=26283"},{"taxonomy":"post_tag","embeddable":true,"href":"https:\/\/www.regioncuatronoticias.com\/index.php\/wp-json\/wp\/v2\/tags?post=26283"}],"curies":[{"name":"wp","href":"https:\/\/api.w.org\/{rel}","templated":true}]}}