{"id":26280,"date":"2025-03-26T19:35:52","date_gmt":"2025-03-27T02:35:52","guid":{"rendered":"https:\/\/www.regioncuatronoticias.com\/?p=26280"},"modified":"2025-03-26T19:35:55","modified_gmt":"2025-03-27T02:35:55","slug":"el-grillar-de-mis-hijos-hara-mi-grandeza","status":"publish","type":"post","link":"https:\/\/www.regioncuatronoticias.com\/index.php\/2025\/03\/26\/el-grillar-de-mis-hijos-hara-mi-grandeza\/","title":{"rendered":"El grillar de mis hijos har\u00e1 mi grandeza\u2026"},"content":{"rendered":"\n<p><strong>Columna El Zancudo<\/strong><\/p>\n\n\n\n<p><strong>Arturo Soto Mungu\u00eda<\/strong><\/p>\n\n\n\n<p><strong>El grillar de mis hijos har\u00e1 mi grandeza\u2026<\/strong><\/p>\n\n\n\n<p><strong>Martes 25 de marzo de 2025<\/strong><\/p>\n\n\n\n<p>Ayer concluyeron las campa\u00f1as de los y las candidatas a la rector\u00eda de la Universidad de Sonora y no lo hicieron de la mejor forma. En el \u00faltimo d\u00eda apareci\u00f3 en redes sociales una campa\u00f1a negra que \u2018refritea\u2019 versiones sobre el presunto dispendio y corrupci\u00f3n en los que habr\u00eda incurrido uno de los aspirantes, Aar\u00f3n Grageda durante su gesti\u00f3n como secretario de Educaci\u00f3n y Cultura en la primera parte de la actual administraci\u00f3n estatal.<\/p>\n\n\n\n<p>&nbsp;En la proclividad de opinocracia local por el \u2018conspiracionismo\u2019, tal campa\u00f1a tiene varias lecturas, una de ellas en el sentido de que Aar\u00f3n logr\u00f3 un buen posicionamiento en la comunidad universitaria y lo quieren descarrilar a la mala; otra va en el sentido de que Grageda a quien ubican como un candidato impulsado por el secretario de Gobierno, Adolfo Salazar Razo, es depositario natural del mismo \u2018hate\u2019 que le prodigan al funcionario en redes sociales.<\/p>\n\n\n\n<p>&nbsp;Lo cierto es que la tal campa\u00f1a tendr\u00eda poco impacto en el resultado final de este proceso debido al m\u00e9todo con que se elegir\u00e1 al nuevo rector o rectora. Ma\u00f1ana mi\u00e9rcoles se llevar\u00e1 a cabo la consulta a la comunidad universitaria, de la que surgir\u00e1 una terna con las tres personas m\u00e1s votadas. Esto carece de misterio porque en los hechos solo son tres los aspirantes: Dena Mar\u00eda Camarena, a la que ubican como la candidata oficial de Rector\u00eda; el citado Aar\u00f3n Grageda y Cuauht\u00e9moc Gonz\u00e1lez cuya principal fuente de apoyo viene del sindicato de acad\u00e9micos, y que est\u00e1 a la cabeza de un frente al que se sumaron las otras dos candidatas: Judith T\u00e1nori y Mar\u00eda Elena Robles.<\/p>\n\n\n\n<p>&nbsp;La decisi\u00f3n final recaer\u00e1 en el Colegio Universitario, el m\u00e1ximo \u00f3rgano de gobierno de la Unison, integrado por 138 maestros, estudiantes y trabajadores. Estas personas tienen, qui\u00e9n m\u00e1s, qui\u00e9n menos, experiencia y conocimiento de la vida universitaria; podr\u00eda decirse que a estas alturas la mayor\u00eda tiene decidido su voto y eso no lo cambiar\u00e1 una campa\u00f1a negra.<\/p>\n\n\n\n<p>&nbsp;El m\u00e9todo de elecci\u00f3n establece que habr\u00e1 una primera ronda de votaci\u00f3n en ese \u00f3rgano y si alguien resulta ganador de las dos terceras partes ser\u00e1 electo(a) titular de Rector\u00eda, pero eso se antoja un escenario poco probable. Lo m\u00e1s seguro es que se vayan a la segunda ronda donde la persona titular de Rector\u00eda ser\u00e1 quien obtenga la mitad m\u00e1s uno de los votos.<\/p>\n\n\n\n<p>El punto es que la tal campa\u00f1ita no solo ten\u00eda la intenci\u00f3n de da\u00f1ar a uno de los aspirantes, sino que puede dar pie a impugnaciones durante el periodo que para tal efecto contempla el reglamento de elecciones y eso seguro meter\u00eda ruido extra en la Comisi\u00f3n Electoral del Colegio Universitario.<\/p>\n\n\n\n<p>&nbsp;En fin, eso se sabr\u00e1 en los pr\u00f3ximos d\u00edas.<\/p>\n\n\n\n<p><strong>&nbsp;II<\/strong><\/p>\n\n\n\n<p>Hac\u00eda rato que no ten\u00edamos noticias de los hermanos yaquis, pero ayer el gobernador Alfonso Durazo estuvo territorio de la etnia para dar seguimiento a las acciones del Plan de Justicia Yaqui junto a las autoridades tradicionales.<\/p>\n\n\n\n<p>&nbsp;En concreto, se trat\u00f3 de un encuentro para fortalecer la infraestructura h\u00eddrica de los ocho pueblos y las acciones en materia de suministro de agua donde sobresale el acueducto que viene de la presa El Oviachic en Cajeme, las redes de distribuci\u00f3n y el distrito de riego 018, que ya registra un 94 por ciento de avance f\u00edsico, lo que asegura el abasto de agua para la producci\u00f3n agr\u00edcola y el bienestar de las comunidades.<\/p>\n\n\n\n<p>&nbsp;Durante su m\u00e1s reciente visita a Sonora, la presidenta Claudia Sheinbaum asumi\u00f3 el compromiso de darle continuidad a todas las acciones del Plan de Justicia, y junto al gobernador est\u00e1n trabajando en ello.<\/p>\n\n\n\n<p>&nbsp;Pero donde las cosas no se quieren componer es en territorio seri. El hist\u00f3rico y c\u00edclico conflicto que a\u00f1o con a\u00f1o genera la venta de permisos de cacer\u00eda y la disputa por los millonarios recursos que de ello se deriva ya volvi\u00f3 a entrar en la ruta de la confrontaci\u00f3n entre personajes que pelean por el gobierno tradicional de la etnia.<\/p>\n\n\n\n<p>&nbsp;Con un agregado: el reciente descubrimiento de un invernadero de mariguana localizado en la principal comunidad, Punta Chueca vino a atizar la confrontaci\u00f3n entre Enrique Robles, presidente del Consejo de Ancianos, y Jes\u00fas F\u00e9lix, gobernador tradicional, dos de las figuras principales de autoridad en el conflicto que, sin embargo se desconocen mutuamente.<\/p>\n\n\n\n<p>&nbsp;El problema es serio y de ambas partes han publicado en sus redes sociales denuncias en las que advierten que han recibido amenazas de muerte, aunque no especifican su autor\u00eda; se presume que en el conflicto ya entr\u00f3 un tercer actor que es el crimen organizado, por cierto con documentada presencia en aquel territorio desde hace d\u00e9cadas.<\/p>\n\n\n\n<p>&nbsp;Recordemos que hace un par de a\u00f1os, Enrique Robles junto con otras personas fue \u2018levantado\u2019 por desconocidos en el marco de ese mismo conflicto que se renueva cada temporada de caza. Fue localizado un d\u00eda despu\u00e9s caminando a la orilla de una carretera, golpeado y deshidratado.<\/p>\n\n\n\n<p>&nbsp;Esta vez, Jes\u00fas F\u00e9lix es el que difundi\u00f3 un mensaje advirtiendo de amenazas de muerte, raz\u00f3n por la cual suponemos hoy est\u00e1 custodiado por varios agentes de la polic\u00eda estatal que lo cuidan en su casa y en cualquier trayecto que haga.<\/p>\n\n\n\n<p><strong>&nbsp;Ojo all\u00ed.<\/strong><\/p>\n\n\n\n<p><strong>III<\/strong><\/p>\n\n\n\n<p>Sigue ocupando espacios en la agenda medi\u00e1tica la exitosa inauguraci\u00f3n del bosque urbano La Sauceda, un espacio que permaneci\u00f3 olvidado por d\u00e9cadas y que la actual administraci\u00f3n estatal decidi\u00f3 rescatar para el solaz y esparcimiento de los hermosillenses y los visitantes a la ciudad.<\/p>\n\n\n\n<p>&nbsp;De lo que no se habl\u00f3 mucho fue del papel estelar que en este proceso desempe\u00f1\u00f3 la Jefa de la Oficina del Ejecutivo, Paulina Oca\u00f1a, a quien el gobernador encarg\u00f3 personalmente sacar adelante, lo que pudo cumplir en tiempo y forma.<\/p>\n\n\n\n<p>&nbsp;\u201cTe lo dejamos como reto, Paulina\u201d, le dijo el mandatario en una rueda de prensa celebrada un par de meses atr\u00e1s, y la joven funcionaria se puso al frente del seguimiento de este proyecto cuya primera etapa fue entregada el domingo, quedando pendientes otras dos, en las que seguramente la veremos activa en esas tareas, como lo ha estado por cierto en otras obras, por ejemplo la remodelaci\u00f3n y modernizaci\u00f3n del Mercado Municipal en Hermosillo.<\/p>\n\n\n\n<p>&nbsp;La suspicaz lectora, el perspicaz lector ya detectaron que la hiperactividad de la joven Paulina le est\u00e1 generando mucha exposici\u00f3n medi\u00e1tica no solo en Hermosillo. Y hay hasta quien dice que eso le puede servir para su posicionamiento con vistas a una eventual candidatura. Dicen.<\/p>\n\n\n\n<p><strong>&nbsp;Tambi\u00e9n me puedes seguir en X: @Chaposoto<\/strong><\/p>\n\n\n\n<p><strong>Visita www.elzancudo.com.mx<\/strong><\/p>\n","protected":false},"excerpt":{"rendered":"<p>Columna El Zancudo Arturo Soto Mungu\u00eda El grillar de mis hijos har\u00e1 mi grandeza\u2026 Martes 25 de marzo de 2025 Ayer concluyeron las campa\u00f1as de los y las candidatas a la rector\u00eda de la Universidad de Sonora y no lo hicieron de la mejor forma. En el \u00faltimo d\u00eda apareci\u00f3 en redes sociales una campa\u00f1a [&hellip;]<\/p>\n","protected":false},"author":1,"featured_media":26281,"comment_status":"open","ping_status":"open","sticky":false,"template":"","format":"standard","meta":{"content-type":"","footnotes":""},"categories":[125],"tags":[],"class_list":{"0":"post-26280","1":"post","2":"type-post","3":"status-publish","4":"format-standard","5":"has-post-thumbnail","7":"category-arturo-soto-munguia"},"_links":{"self":[{"href":"https:\/\/www.regioncuatronoticias.com\/index.php\/wp-json\/wp\/v2\/posts\/26280","targetHints":{"allow":["GET"]}}],"collection":[{"href":"https:\/\/www.regioncuatronoticias.com\/index.php\/wp-json\/wp\/v2\/posts"}],"about":[{"href":"https:\/\/www.regioncuatronoticias.com\/index.php\/wp-json\/wp\/v2\/types\/post"}],"author":[{"embeddable":true,"href":"https:\/\/www.regioncuatronoticias.com\/index.php\/wp-json\/wp\/v2\/users\/1"}],"replies":[{"embeddable":true,"href":"https:\/\/www.regioncuatronoticias.com\/index.php\/wp-json\/wp\/v2\/comments?post=26280"}],"version-history":[{"count":1,"href":"https:\/\/www.regioncuatronoticias.com\/index.php\/wp-json\/wp\/v2\/posts\/26280\/revisions"}],"predecessor-version":[{"id":26282,"href":"https:\/\/www.regioncuatronoticias.com\/index.php\/wp-json\/wp\/v2\/posts\/26280\/revisions\/26282"}],"wp:featuredmedia":[{"embeddable":true,"href":"https:\/\/www.regioncuatronoticias.com\/index.php\/wp-json\/wp\/v2\/media\/26281"}],"wp:attachment":[{"href":"https:\/\/www.regioncuatronoticias.com\/index.php\/wp-json\/wp\/v2\/media?parent=26280"}],"wp:term":[{"taxonomy":"category","embeddable":true,"href":"https:\/\/www.regioncuatronoticias.com\/index.php\/wp-json\/wp\/v2\/categories?post=26280"},{"taxonomy":"post_tag","embeddable":true,"href":"https:\/\/www.regioncuatronoticias.com\/index.php\/wp-json\/wp\/v2\/tags?post=26280"}],"curies":[{"name":"wp","href":"https:\/\/api.w.org\/{rel}","templated":true}]}}