{"id":26256,"date":"2025-03-24T22:02:02","date_gmt":"2025-03-25T05:02:02","guid":{"rendered":"https:\/\/www.regioncuatronoticias.com\/?p=26256"},"modified":"2025-03-24T22:02:04","modified_gmt":"2025-03-25T05:02:04","slug":"la-sauceda-rescate-de-nostalgias-y-alimento-de-esperanzas","status":"publish","type":"post","link":"https:\/\/www.regioncuatronoticias.com\/index.php\/2025\/03\/24\/la-sauceda-rescate-de-nostalgias-y-alimento-de-esperanzas\/","title":{"rendered":"La Sauceda: rescate de nostalgias y alimento de esperanzas"},"content":{"rendered":"\n<p>Columna El Zancudo<\/p>\n\n\n\n<p>Arturo Soto Mungu\u00eda<\/p>\n\n\n\n<p>La Sauceda: rescate de nostalgias y alimento de esperanzas<\/p>\n\n\n\n<p>&nbsp;Lunes 24 de marzo de 2025<\/p>\n\n\n\n<p>Perladas de sudor las frentes, comenzaron a llegar de uno en uno, en parejas, familias enteras hasta ser miles bajo el sol quemante, ese que por d\u00e9cadas sec\u00f3 estanques y pastizales hasta convertir aquello que en su tiempo fue la principal atracci\u00f3n tur\u00edstica de Hermosillo en un agreste paraje lleno de ruinas y olvidos.<\/p>\n\n\n\n<p>&nbsp;M\u00e1s da\u00f1o que el implacable clima hicieron la corrupci\u00f3n y la negligencia gubernamentales durante al menos un par de d\u00e9cadas acabaron con el parque recreativo La Sauceda, que hoy comienza a levantarse de entre las ruinas con un nuevo concepto, m\u00e1s acorde a las nuevas realidades, se\u00f1aladamente la que mueve a la urgencia de optimizar el agua, potenciar la reforestaci\u00f3n y aprovechar los espacios para la recreaci\u00f3n, el entretenimiento, el deporte y la cultura.<\/p>\n\n\n\n<p>&nbsp;Para las tres de la tarde ya hab\u00eda un bullicio de plebes correteando en las nuevas zonas arboladas, retando a la suerte en los juegos infantiles y dejando volar la gre\u00f1a en los \u2018go karts\u2019 o divirti\u00e9ndose en las cajas de bateo y el mini golf. J\u00f3venes y adultos prefer\u00edan las sombras de las palapas o el recorrido por la zona de food trucks donde se ofrece una amplia variedad de alimentos y bebidas\u2026<\/p>\n\n\n\n<p>&nbsp;La Sauceda volvi\u00f3 a ser, ayer domingo sede del encuentro de miles de familias, muchas de ellas integradas por padres y madres que volvieron para recrear las nostalgias de sus infancias de aventuras que hoy les cuentan a sus hijos, haciendo su propia cr\u00f3nica de lo que significa el rescate de lo que est\u00e1 tomando forma nuevamente como el principal pulm\u00f3n de la ciudad, y un espacio que la capital y sus habitantes merecen.<\/p>\n\n\n\n<p>&nbsp;Para las cinco ya el clima comenzaba a ponerse c\u00f3mplice. Un vientecillo fresco hizo m\u00e1s amable la estancia y los grupos convocados para amenizar la tarde ambientaban la fiesta en el Teatro al Aire Libre, un foro ampl\u00edsimo que fue completamente remodelado y habilitado con miles de sillas donde la gente esperaba la llegada del \u00eddolo del momento, Car\u00edn Le\u00f3n, invitado especial a la inauguraci\u00f3n.<\/p>\n\n\n\n<p>&nbsp;Lleg\u00f3 acompa\u00f1ado del gobernador Alfonso Durazo que brevemente hizo el recuento de las acciones: 200 millones de pesos invertidos en la primera etapa; el inicio de la segunda y la promesa de que la tercera incluir\u00e1 la incorporaci\u00f3n de 160 hect\u00e1reas del Cerro de la Cementera donde se tiene proyectado un ambicioso programa de reforestaci\u00f3n. Y una g\u00f3ndola que bajar\u00e1 desde el cerro m\u00e1s alto hasta el nuevo bosque urbano. Este fue un anuncio nuevo que arranc\u00f3 un nutrido aplauso.<\/p>\n\n\n\n<p>&nbsp;Lo dem\u00e1s fue disfrutar la tarde del domingo y anticipar lo que seguramente se volver\u00e1 costumbre en la capital: los d\u00edas de diversi\u00f3n en este espacio rescatado al olvido y a la negligencia para el goce gratuito de la gente que ayer tuvo su probadita con el concierto de Kakalo, Natalia Aguilar, D\u00e1maris B\u00f3jor, Pata de Palo, Buena Vibra Social Sound, Isaac Montijo, entre otros artistas, destacando desde luego Car\u00edn Le\u00f3n que con cuatro canciones confirm\u00f3 su vigencia como el cantante sonorense m\u00e1s cotizado en el gusto popular.<\/p>\n\n\n\n<p><strong>&nbsp;II<\/strong><\/p>\n\n\n\n<p>Y si de fiestas y celebraciones hablamos, un d\u00eda antes el alcalde de Hermosillo, Antonio Astiazar\u00e1n inaugur\u00f3 la Octava Muestra Gastron\u00f3mica de San Pedro, un evento que la pandemia de Covid 19 cancel\u00f3 en 2020, y que su administraci\u00f3n retom\u00f3 en 2022 y que relanz\u00f3 su primera administraci\u00f3n para posicionarlo como referencia anual en la zona rural oriente de esta capital.<\/p>\n\n\n\n<p>&nbsp;Y es que San Pedro no solo es el buc\u00f3lico paisaje de la puerta de entrada a la sierra sonorense; tambi\u00e9n es, por definici\u00f3n, el espacio donde se conservan las tradiciones culinarias regionales; donde el carb\u00f3n y la le\u00f1a de mezquite se convierten en un ingrediente m\u00e1s en el saz\u00f3n de los platillos que le han dado fama y gloria a las fusiones gastron\u00f3micas de los pueblos originarios con la cocina europea, resultando en un agasajo de paladares que nadie quiere perderse.<\/p>\n\n\n\n<p>&nbsp;La Muestra es adem\u00e1s una actividad que se realiza ahora durante dos d\u00edas y que esta vez tuvo una derrama econ\u00f3mica superior a los 20 millones de pesos, significativa para el comercio y los servicios locales, en un ambiente familiar de reencuentro con el gusto por la gastronom\u00eda sierre\u00f1a.<\/p>\n\n\n\n<p>&nbsp;La verdad es que no hab\u00eda ni para d\u00f3nde voltear: ac\u00e1 la carne con chile colorado, all\u00e1 los tamales de carne y de elote; m\u00e1s all\u00e1 la riqu\u00edsima variedad de dulces regionales; por ah\u00ed el cocido y la gallina pinta, la carne asada, el chicharr\u00f3n prensado, los frijolitos maneados o refritos y por ac\u00e1 lo que a mi ver se llev\u00f3 la tarde del s\u00e1bado: un cochito \u2018a la vuelta y vuelta\u2019 que, si no lo han visto y probado, d\u00e9jenme decirles que ha perdido lastimosamente buena parte de sus vidas.<\/p>\n\n\n\n<p>&nbsp;Exitazo, esta octava edici\u00f3n de la muestra.<\/p>\n\n\n\n<p><strong>&nbsp;III<\/strong><\/p>\n\n\n\n<p>Y bueno, como no todo es jolgorio y placeres, tambi\u00e9n hubo grilla trepidante este fin de semana. Alito Moreno, el dirigente nacional del PRI lleg\u00f3 para alborotar la bitachera al edificio de Kennedy y Colosio, un cruce de calles que siempre me ha parecido un memorial al magnicidio, sobre todo porque toca al Parque Madero, que recuerda a otro personaje vilmente asesinado en sendos episodios tr\u00e1gicos de la pol\u00edtica, en diferente lugar, en diferente momento.<\/p>\n\n\n\n<p>&nbsp;Alito vino a tomar protesta a Lupita Soto y On\u00e9simo Aguilera como dirigentes estatales del tricolor, pero ese evento qued\u00f3 a la sombra del esc\u00e1ndalo desatado por las declaraciones del exgobernador de Campeche, que en rueda de prensa previa le preguntaron sobre quien a todas luces es hoy su archirrival: Manlio Fabio Beltrones.<\/p>\n\n\n\n<p>Y el campechano, campechanamente se fue hasta la cocina: aprovech\u00f3 la pregunta para hacer cera y pabilo del exgobernador sonorense, de quien record\u00f3 todos los se\u00f1alamientos que hay en su contra: por las cuentas en Andorra, por la Operaci\u00f3n Safiro, por el asesinato de Luis Donaldo Colosio, por sus v\u00ednculos con el narcotr\u00e1fico y hasta por el nepotismo electoral que lo llev\u00f3 a hacer senadora y luego diputada federal plurinominal a su hija Sylvana.<\/p>\n\n\n\n<p>&nbsp;Y mentiras no dijo.<\/p>\n\n\n\n<p>O sea, me vino a la mente la an\u00e9cdota que cuenta el perredista Carlos Navarro de aquella vez cuando un militante le fue con el chisme a un alcalde: \u201cOiga mi presidente, andan diciendo que usted es un corrupto, un ratero y un baquet\u00f3n\u201d.<\/p>\n\n\n\n<p>&nbsp;-\u00bfY t\u00fa qu\u00e9 piensas al respecto?, pregunt\u00f3 el aludido.<\/p>\n\n\n\n<p>&nbsp;\u201cPues que es cierto\u201d, le respondi\u00f3 el acomedido.<\/p>\n\n\n\n<p>&nbsp;-\u00a1C\u00f3mo que es cierto!, reaccion\u00f3 el alcalde en cuesti\u00f3n.<\/p>\n\n\n\n<p>&nbsp;\u201cPos es cierto que andan diciendo\u201d, dijo t\u00edmidamente el mensajero.<\/p>\n\n\n\n<p>&nbsp;As\u00ed Alito Moreno. No dijo nada que no se haya dicho antes sobre Manlio, independientemente de que haya pruebas o no las haya.<\/p>\n\n\n\n<p>&nbsp;Notable, eso s\u00ed, que los priistas all\u00ed presentes, que apenas en la campa\u00f1a del a\u00f1o pasado acompa\u00f1aban festivos al entonces candidato al Senado, aplaudieran con entusiasmo la encarnizada cr\u00edtica del campechano a Beltrones. Tiempos traen tiempos, no cabe duda.<\/p>\n\n\n\n<p>&nbsp;Total que aquello fue un esc\u00e1ndalo y a estas horas mucha gente est\u00e1 esperando la respuesta de Beltrones, que entre tiene entre sus frases lapidarias aquella que a la letra reza: \u201cno soy rencoroso, pero tengo buena memoria\u201d.<\/p>\n\n\n\n<p>&nbsp;De la gira del campechano por Hermosillo conviene regresar con m\u00e1s calma sobre la declaraci\u00f3n que hizo aludiendo al alcalde de Hermosillo, Antonio Astiazar\u00e1n, como uno de los posibles candidatos a la gubernatura por una eventual alianza PRI-PAN. Porque de entrada sugiri\u00f3 que esos partidos no ganar\u00edan si van cada uno por su lado, pero tambi\u00e9n dijo que el PRI tiene cuadros competitivos (mencion\u00f3 al Borrego G\u00e1ndara, a Alfonso El\u00edas Serrano y hasta a Lupita Soto), aunque matiz\u00f3 diciendo que si el To\u00f1o Astiazar\u00e1n resulta el mejor posicionado, el PRI se sumar\u00eda a esa candidatura.<\/p>\n\n\n\n<p>&nbsp;Y el To\u00f1o, presente en la primera fila del auditorio donde se llev\u00f3 a cabo la toma de protesta de los nuevos dirigentes y donde se dieron cita la vieja y la no tan vieja guardia tricolor, nom\u00e1s se dejaba querer y tuvo que levantarse en un par de ocasiones para agradecer los aplausos.<\/p>\n\n\n\n<p>&nbsp;Por cierto, y nom\u00e1s como dato random o mensaje subliminal. Al To\u00f1o Astiazar\u00e1n lo acompa\u00f1aron al evento con priistas algunos de sus m\u00e1s cercanos colaboradores: Flor Ayala Robles Linares, Carla Neudert, Sergio Pavlovich y Daniel Garc\u00eda. A su lado estaba \u201cEl Vaquero\u201d Alfonso El\u00edas Serrano.<\/p>\n\n\n\n<p>&nbsp;Digan que se los dijo un loco, pero Flor Ayala y \u201cEl Vaquero\u201d comenzar\u00e1n a sonar como aspirantes a la alcald\u00eda de Hermosillo por la alianza opositora, y los otros tres como aspirantes a una diputaci\u00f3n local. Guarden este tuit.<\/p>\n\n\n\n<p><strong>&nbsp;IV<\/strong><\/p>\n\n\n\n<p>Y en asuntos no menos candentes sobre los que la grill\u00edsima lectora, el perspicaz lector deber\u00eda poner la lupa, anoten las intenciones de sobrevivencia pol\u00edtica de &nbsp;ciertos personajes del padrecismo rampante que buscan regresar a la palestra en diferentes posiciones.<\/p>\n\n\n\n<p>&nbsp;El bizarro proceso electoral para renovar al Poder Judicial, incluidos los tribunales electorales ya se contamin\u00f3 en Sonora con varios nombres que deber\u00edan estar apuntados en la lista de personas juzgadas y no en la de personas juzgadoras.<\/p>\n\n\n\n<p>&nbsp;Uno de ellos es el de Octavio Grijalva V\u00e1zquez. S\u00ed, aquel padrecista que ocup\u00f3 el cargo de visitador itinerante de la CEDH, pero cuyo nombre cobr\u00f3 relevancia como defensor de Sing Siddharth, aquel hombre de nacionalidad india que asesin\u00f3 salvajemente a la joven hermosillense Priscilla Hern\u00e1ndez, en un caso que sacudi\u00f3 a la sociedad sonorense.<\/p>\n\n\n\n<p>&nbsp;Pues resulta que el Senado mexicano tiene en su lista de aspirantes al se\u00f1or Grijalva V\u00e1zquez, que gracias a sus relaciones pol\u00edticas se desempe\u00f1a hoy como jefe de la Oficina de la presidenta del INE, Guadalupe Taddei Zavala, de quien se dice, lo est\u00e1 impulsando para el cargo de magistrado del Tribunal Estatal Electoral.<\/p>\n\n\n\n<p>&nbsp;Ojo aqu\u00ed, pues el tambi\u00e9n exconsejero electoral en Sonora, trae un abultado cat\u00e1logo de procesos legales mercantiles, civiles y penales.<\/p>\n\n\n\n<p>&nbsp;Entre ellos se cuentan expedientes como el amparo indirecto 665\/2021 contra la Subdirecci\u00f3n de Servicios M\u00e9dicos del Isssteson; el 71\/2020 contra el subdirector de Prestaciones Econ\u00f3micas y Sociales de ese mismo instituto; el 416\/2002 contra el magistrado&nbsp; del Tribunal Unitario Agrario en Mexicali, BC; el 298\/2010 relativas a demandas presentadas contra el Congreso de Sonora, entre otros.<\/p>\n\n\n\n<p>&nbsp;El Senado tiene la palabra.<\/p>\n\n\n\n<p><strong>&nbsp;Tambi\u00e9n me puedes seguir en X: @Chaposoto<\/strong><strong>Visita www.elzancudo.com.mx<\/strong><\/p>\n","protected":false},"excerpt":{"rendered":"<p>Columna El Zancudo Arturo Soto Mungu\u00eda La Sauceda: rescate de nostalgias y alimento de esperanzas &nbsp;Lunes 24 de marzo de 2025 Perladas de sudor las frentes, comenzaron a llegar de uno en uno, en parejas, familias enteras hasta ser miles bajo el sol quemante, ese que por d\u00e9cadas sec\u00f3 estanques y pastizales hasta convertir aquello [&hellip;]<\/p>\n","protected":false},"author":1,"featured_media":26257,"comment_status":"open","ping_status":"open","sticky":false,"template":"","format":"standard","meta":{"content-type":"","footnotes":""},"categories":[125],"tags":[],"class_list":{"0":"post-26256","1":"post","2":"type-post","3":"status-publish","4":"format-standard","5":"has-post-thumbnail","7":"category-arturo-soto-munguia"},"_links":{"self":[{"href":"https:\/\/www.regioncuatronoticias.com\/index.php\/wp-json\/wp\/v2\/posts\/26256","targetHints":{"allow":["GET"]}}],"collection":[{"href":"https:\/\/www.regioncuatronoticias.com\/index.php\/wp-json\/wp\/v2\/posts"}],"about":[{"href":"https:\/\/www.regioncuatronoticias.com\/index.php\/wp-json\/wp\/v2\/types\/post"}],"author":[{"embeddable":true,"href":"https:\/\/www.regioncuatronoticias.com\/index.php\/wp-json\/wp\/v2\/users\/1"}],"replies":[{"embeddable":true,"href":"https:\/\/www.regioncuatronoticias.com\/index.php\/wp-json\/wp\/v2\/comments?post=26256"}],"version-history":[{"count":1,"href":"https:\/\/www.regioncuatronoticias.com\/index.php\/wp-json\/wp\/v2\/posts\/26256\/revisions"}],"predecessor-version":[{"id":26258,"href":"https:\/\/www.regioncuatronoticias.com\/index.php\/wp-json\/wp\/v2\/posts\/26256\/revisions\/26258"}],"wp:featuredmedia":[{"embeddable":true,"href":"https:\/\/www.regioncuatronoticias.com\/index.php\/wp-json\/wp\/v2\/media\/26257"}],"wp:attachment":[{"href":"https:\/\/www.regioncuatronoticias.com\/index.php\/wp-json\/wp\/v2\/media?parent=26256"}],"wp:term":[{"taxonomy":"category","embeddable":true,"href":"https:\/\/www.regioncuatronoticias.com\/index.php\/wp-json\/wp\/v2\/categories?post=26256"},{"taxonomy":"post_tag","embeddable":true,"href":"https:\/\/www.regioncuatronoticias.com\/index.php\/wp-json\/wp\/v2\/tags?post=26256"}],"curies":[{"name":"wp","href":"https:\/\/api.w.org\/{rel}","templated":true}]}}