{"id":26247,"date":"2025-03-24T19:43:23","date_gmt":"2025-03-25T02:43:23","guid":{"rendered":"https:\/\/www.regioncuatronoticias.com\/?p=26247"},"modified":"2025-03-24T19:43:27","modified_gmt":"2025-03-25T02:43:27","slug":"se-constituye-legalmente-la-empresa-constructora-del-infonavit-a-estas-personas-beneficiara","status":"publish","type":"post","link":"https:\/\/www.regioncuatronoticias.com\/index.php\/2025\/03\/24\/se-constituye-legalmente-la-empresa-constructora-del-infonavit-a-estas-personas-beneficiara\/","title":{"rendered":"Se constituye legalmente la empresa constructora del Infonavit: A estas personas beneficiar\u00e1"},"content":{"rendered":"\n<p><strong>-El Infonavit constituy\u00f3 legalmente su empresa filial Infonavit Constructora SA de CV, con el objetivo de edificar 500,000 viviendas para trabajadores de bajos ingresos (1-2 salarios m\u00ednimos).<\/strong><\/p>\n\n\n\n<p><strong>-La nueva Constructora del Infonavit comenzar\u00e1 en abril la edificaci\u00f3n de viviendas sociales en 153 predios (470+ hect\u00e1reas), priorizando zonas con servicios y empleo.<\/strong><\/p>\n\n\n\n<p>Tomado de El Imparcial<\/p>\n\n\n\n<p>Pablo Rubio&nbsp;<\/p>\n\n\n\n<p>Lunes 24 de marzo de 2025<\/p>\n\n\n\n<p>CIDUAD DE M\u00c9XICO.-El Instituto del Fondo Nacional de la Vivienda para los Trabajadores (Infonavit), bajo la direcci\u00f3n del ingeniero Octavio Romero Oropeza, formaliz\u00f3 la creaci\u00f3n de su empresa filial Infonavit Constructora SA de CV, mediante la firma de su acta constitutiva ante notario p\u00fablico. Esta iniciativa forma parte del programa \u201cVivienda para el Bienestar\u201d, cuyo objetivo es construir al menos 500,000 viviendas destinadas a trabajadores con ingresos de 1 a 2 salarios m\u00ednimos, un sector hist\u00f3ricamente excluido del acceso a la vivienda digna, seg\u00fan dijo la presidenta Claudia Sheinbaum.<\/p>\n\n\n\n<p><strong>Fundamento legal y objetivos<\/strong><\/p>\n\n\n\n<p>La creaci\u00f3n de esta empresa se realiza en cumplimiento del art\u00edculo 3\u00b0 de la Ley del Infonavit, reformado y publicado el 21 de febrero de 2025, el cual faculta al Instituto para constituir empresas subsidiarias bajo la legislaci\u00f3n mercantil. Entre sus principios rectores destacan:<\/p>\n\n\n\n<p><strong>-Legalidad, transparencia y combate a la corrupci\u00f3n.<\/strong><\/p>\n\n\n\n<p><strong>-Eficiencia y austeridad en el uso de recursos.<\/strong><\/p>\n\n\n\n<p><strong>-Atenci\u00f3n prioritaria a trabajadores de bajos ingresos.<\/strong><\/p>\n\n\n\n<p><strong>-Avances y metas para 2025<\/strong><\/p>\n\n\n\n<p>La empresa iniciar\u00e1 operaciones en abril de 2025, con las siguientes acciones espec\u00edficas:<\/p>\n\n\n\n<p><strong>Terrenos identificados:<\/strong><\/p>\n\n\n\n<p>Se cuenta con 153 predios (m\u00e1s de 470 hect\u00e1reas) en 29 entidades federativas.<\/p>\n\n\n\n<p>En abril, comenzar\u00e1 la construcci\u00f3n de 13,500 viviendas, con estudios de suelo y factibilidades ya realizados.<\/p>\n\n\n\n<p>La meta para 2025 es edificar 73,780 viviendas (89% de lo programado).<\/p>\n\n\n\n<p><strong>Criterios de ubicaci\u00f3n:<\/strong><\/p>\n\n\n\n<p>Los terrenos fueron seleccionados en zonas cercanas a centros de trabajo, infraestructura y servicios b\u00e1sicos.<\/p>\n\n\n\n<p>Se descartaron 247 predios por lejan\u00eda o falta de viabilidad.<\/p>\n\n\n\n<p><strong>Colaboraci\u00f3n con desarrolladores privados:<\/strong><\/p>\n\n\n\n<p>El Infonavit ha sostenido reuniones con constructores y desarrolladores para sumar esfuerzos, garantizando que las viviendas cumplan con calidad, dimensiones y precios accesibles.<\/p>\n\n\n\n<p><strong>Beneficios adicionales para derechohabientes<\/strong><\/p>\n\n\n\n<p>Adem\u00e1s de la construcci\u00f3n de nuevas viviendas, el Infonavit dijo que implement\u00f3 medidas de alivio financiero para cr\u00e9ditos hipotecarios:<\/p>\n\n\n\n<p>-Congelamiento de 4 millones de cr\u00e9ditos considerados \u201cimpagables\u201d.<\/p>\n\n\n\n<p>-600,000 acreditados ya han recibido beneficios como:<\/p>\n\n\n\n<p>-Reducci\u00f3n de tasas de inter\u00e9s.<\/p>\n\n\n\n<p>-Disminuci\u00f3n de mensualidades.<\/p>\n\n\n\n<p>-Ajustes al saldo insoluto.<\/p>\n\n\n\n<p><strong>Programa autom\u00e1tico de conversi\u00f3n (PAC):<\/strong><\/p>\n\n\n\n<p>-Cr\u00e9ditos previos al 2013: tasa fija del 4% (beneficiando a 500,000 personas).<\/p>\n\n\n\n<p>-Cr\u00e9ditos entre 2014-2021: pago fijo y reducci\u00f3n gradual de tasas (actualmente al 12%).<\/p>\n\n\n\n<p><strong>Pr\u00f3ximos pasos<\/strong><\/p>\n\n\n\n<p>Para consolidar la operaci\u00f3n de Infonavit Constructora, se realizar\u00e1n las siguientes acciones:<\/p>\n\n\n\n<p>-Publicaci\u00f3n de bases para designaci\u00f3n de asamble\u00edstas.<\/p>\n\n\n\n<p>-Nombramiento de Consejos de Administraci\u00f3n.<\/p>\n\n\n\n<p>-Fondeo de recursos para operaci\u00f3n e inversi\u00f3n.<\/p>\n\n\n\n<p>-Inicio de construcci\u00f3n masiva a partir de abril-junio 2025.<\/p>\n\n\n\n<p><strong>Declaraciones de autoridades<\/strong><\/p>\n\n\n\n<p>Octavio Romero Oropeza (Director del Infonavit):\u201cEstamos en condiciones de iniciar la construcci\u00f3n de 13,500 viviendas en abril, con terrenos viables y estudios t\u00e9cnicos completos.\u201d<\/p>\n\n\n\n<p>Edna Vega Rangel (Sedatu):\u201cLa selecci\u00f3n de predios responde a la demanda de derechohabientes, priorizando accesibilidad y servicios.\u201d<\/p>\n\n\n\n<p>La presidenta Claudia Sheinbaum dijo que la creaci\u00f3n de Infonavit Constructora SA de CV marca un hito en la pol\u00edtica de vivienda social en M\u00e9xico, combinando acci\u00f3n gubernamental, transparencia y alianzas con el sector privado para reducir el rezago habitacional. Con un plan estructurado y metas, el Infonavit se\u00f1al\u00f3 que busca garantizar el derecho a una vivienda digna para los trabajadores m\u00e1s vulnerables.<\/p>\n\n\n\n<p><a href=\"https:\/\/www.elimparcial.com\/dinero\/2025\/03\/25\/se-constituye-legalmente-la-empresa-constructora-del-infonavit-a-estas-personas-beneficiara\">https:\/\/www.elimparcial.com\/dinero\/2025\/03\/25\/se-constituye-legalmente-la-empresa-constructora-del-infonavit-a-estas-personas-beneficiara<\/a><\/p>\n","protected":false},"excerpt":{"rendered":"<p>-El Infonavit constituy\u00f3 legalmente su empresa filial Infonavit Constructora SA de CV, con el objetivo de edificar 500,000 viviendas para trabajadores de bajos ingresos (1-2 salarios m\u00ednimos). -La nueva Constructora del Infonavit comenzar\u00e1 en abril la edificaci\u00f3n de viviendas sociales en 153 predios (470+ hect\u00e1reas), priorizando zonas con servicios y empleo. Tomado de El Imparcial [&hellip;]<\/p>\n","protected":false},"author":1,"featured_media":26248,"comment_status":"open","ping_status":"open","sticky":false,"template":"","format":"standard","meta":{"content-type":"","footnotes":""},"categories":[3,115,105],"tags":[],"class_list":{"0":"post-26247","1":"post","2":"type-post","3":"status-publish","4":"format-standard","5":"has-post-thumbnail","7":"category-mexico","8":"category-politica","9":"category-principal"},"_links":{"self":[{"href":"https:\/\/www.regioncuatronoticias.com\/index.php\/wp-json\/wp\/v2\/posts\/26247","targetHints":{"allow":["GET"]}}],"collection":[{"href":"https:\/\/www.regioncuatronoticias.com\/index.php\/wp-json\/wp\/v2\/posts"}],"about":[{"href":"https:\/\/www.regioncuatronoticias.com\/index.php\/wp-json\/wp\/v2\/types\/post"}],"author":[{"embeddable":true,"href":"https:\/\/www.regioncuatronoticias.com\/index.php\/wp-json\/wp\/v2\/users\/1"}],"replies":[{"embeddable":true,"href":"https:\/\/www.regioncuatronoticias.com\/index.php\/wp-json\/wp\/v2\/comments?post=26247"}],"version-history":[{"count":1,"href":"https:\/\/www.regioncuatronoticias.com\/index.php\/wp-json\/wp\/v2\/posts\/26247\/revisions"}],"predecessor-version":[{"id":26249,"href":"https:\/\/www.regioncuatronoticias.com\/index.php\/wp-json\/wp\/v2\/posts\/26247\/revisions\/26249"}],"wp:featuredmedia":[{"embeddable":true,"href":"https:\/\/www.regioncuatronoticias.com\/index.php\/wp-json\/wp\/v2\/media\/26248"}],"wp:attachment":[{"href":"https:\/\/www.regioncuatronoticias.com\/index.php\/wp-json\/wp\/v2\/media?parent=26247"}],"wp:term":[{"taxonomy":"category","embeddable":true,"href":"https:\/\/www.regioncuatronoticias.com\/index.php\/wp-json\/wp\/v2\/categories?post=26247"},{"taxonomy":"post_tag","embeddable":true,"href":"https:\/\/www.regioncuatronoticias.com\/index.php\/wp-json\/wp\/v2\/tags?post=26247"}],"curies":[{"name":"wp","href":"https:\/\/api.w.org\/{rel}","templated":true}]}}