{"id":26241,"date":"2025-03-24T19:25:45","date_gmt":"2025-03-25T02:25:45","guid":{"rendered":"https:\/\/www.regioncuatronoticias.com\/?p=26241"},"modified":"2025-03-24T19:25:50","modified_gmt":"2025-03-25T02:25:50","slug":"se-volvera-a-impulsar-reforma-a-la-ley-del-issste-afirma-sheinbaum","status":"publish","type":"post","link":"https:\/\/www.regioncuatronoticias.com\/index.php\/2025\/03\/24\/se-volvera-a-impulsar-reforma-a-la-ley-del-issste-afirma-sheinbaum\/","title":{"rendered":"Se volver\u00e1 a impulsar reforma a la Ley del ISSSTE, afirma Sheinbaum"},"content":{"rendered":"\n<p><strong>La presidenta retir\u00f3 la propuesta la semana pasada por presiones de la CNTE; integrantes advierten sobre paro indefinido si no se cumplen sus exigencias<\/strong><\/p>\n\n\n\n<p>Tomado de Infobae<\/p>\n\n\n\n<p>Andr\u00e9s Garc\u00eda S.<\/p>\n\n\n\n<p>Lunes 24 de marzo de 2025<\/p>\n\n\n\n<p>La presidenta Claudia Sheinbaum afirm\u00f3 que impulsar\u00e1 nuevamente la reforma a la Ley del Instituto de Seguridad y Servicios Sociales de los Trabajadores del Estado (ISSSTE), iniciativa que retir\u00f3 la semana pasada debido a inconformidades y movilizaciones masivas de la Coordinadora Nacional de Trabajadores de la Educaci\u00f3n (CNTE) en rechazo a la medida.<\/p>\n\n\n\n<p>La CNTE rechaz\u00f3 la propuesta de reforma bajo el argumento de que no respond\u00eda a sus demandas y que no quedaba claro su impacto. Sin embargo, esta ma\u00f1ana la presidenta se\u00f1al\u00f3 que su iniciativa tiene la intenci\u00f3n de facultar al Fovissste para construir y adquirir vivienda.<\/p>\n\n\n\n<p>Fue durante su participaci\u00f3n en el arranque del Programa de Vivienda para el Bienestar en Hidalgo, que la mandataria explic\u00f3 que el objetivo en el tema de vivienda es que ya no haya cr\u00e9ditos impagables para los derechohabientes.<\/p>\n\n\n\n<p>Respecto al programa nacional de vivienda, la presidenta coment\u00f3 que esta iniciativa transforma la visi\u00f3n de gobiernos anteriores, en los cuales los organismos s\u00f3lo ofrec\u00edan cr\u00e9ditos \u201cimpagables\u201d para comprar viviendas en \u00e1reas sin acceso a servicios b\u00e1sicos, con carencia de transporte y alejadas de los centros de trabajo.<\/p>\n\n\n\n<p>\u201cHay otra instituci\u00f3n que va a construir viviendas para los trabajadores del Estado, que es Fovissste\u2026 Tambi\u00e9n lo quer\u00edamos poner en la ley, pero no hubo suficiente informaci\u00f3n, pero de todas maneras lo vamos a hacer para todos los trabajadores del Estado\u201d, coment\u00f3.<\/p>\n\n\n\n<p><strong>Advierte CNTE paro indefinido<\/strong><\/p>\n\n\n\n<p>El viernes pasado, la CNTE levant\u00f3 el plant\u00f3n que mantuvo durante tres d\u00edas en el Z\u00f3calo de la Ciudad de M\u00e9xico, pero advirti\u00f3 sobre un posible paro indefinido si el gobierno federal no atiende sus demandas.<\/p>\n\n\n\n<p>Entre los acuerdos a los que lleg\u00f3 la coordinadora con el gobierno se encuentra el retiro de la iniciativa de reforma por parte de la presidenta Claudia Sheinbaum a la Ley del ISSSTE.<\/p>\n\n\n\n<p>Adem\u00e1s, se acord\u00f3 condonar los cr\u00e9ditos del Fovissste y comprometerse a dise\u00f1ar un nuevo sistema de asignaci\u00f3n de plazas de docentes, as\u00ed como a congelar la edad m\u00ednima de jubilaci\u00f3n a los 58 a\u00f1os en el caso de los hombres y a los 56 para mujeres.<\/p>\n\n\n\n<p>Un d\u00eda antes, el jueves 20 de marzo, integrantes de la CNTE llevaron a cabo una manifestaci\u00f3n que gener\u00f3 bloqueos en los accesos al Aeropuerto Internacional de la Ciudad de M\u00e9xico (AICM), afectando tanto a la Terminal 1 como a la Terminal 2.<\/p>\n\n\n\n<p>El AICM, a trav\u00e9s de su cuenta oficial en la red social X, alert\u00f3 sobre la situaci\u00f3n y recomend\u00f3 a los pasajeros anticipar su llegada al aeropuerto debido a las dificultades vehiculares en las inmediaciones.<\/p>\n\n\n\n<p><a href=\"https:\/\/www.infobae.com\/mexico\/2025\/03\/23\/se-volvera-a-impulsar-reforma-a-la-ley-del-issste-afirma-sheinbaum\">https:\/\/www.infobae.com\/mexico\/2025\/03\/23\/se-volvera-a-impulsar-reforma-a-la-ley-del-issste-afirma-sheinbaum<\/a><\/p>\n","protected":false},"excerpt":{"rendered":"<p>La presidenta retir\u00f3 la propuesta la semana pasada por presiones de la CNTE; integrantes advierten sobre paro indefinido si no se cumplen sus exigencias Tomado de Infobae Andr\u00e9s Garc\u00eda S. Lunes 24 de marzo de 2025 La presidenta Claudia Sheinbaum afirm\u00f3 que impulsar\u00e1 nuevamente la reforma a la Ley del Instituto de Seguridad y Servicios [&hellip;]<\/p>\n","protected":false},"author":1,"featured_media":26242,"comment_status":"open","ping_status":"open","sticky":false,"template":"","format":"standard","meta":{"content-type":"","footnotes":""},"categories":[3,115,105],"tags":[],"class_list":{"0":"post-26241","1":"post","2":"type-post","3":"status-publish","4":"format-standard","5":"has-post-thumbnail","7":"category-mexico","8":"category-politica","9":"category-principal"},"_links":{"self":[{"href":"https:\/\/www.regioncuatronoticias.com\/index.php\/wp-json\/wp\/v2\/posts\/26241","targetHints":{"allow":["GET"]}}],"collection":[{"href":"https:\/\/www.regioncuatronoticias.com\/index.php\/wp-json\/wp\/v2\/posts"}],"about":[{"href":"https:\/\/www.regioncuatronoticias.com\/index.php\/wp-json\/wp\/v2\/types\/post"}],"author":[{"embeddable":true,"href":"https:\/\/www.regioncuatronoticias.com\/index.php\/wp-json\/wp\/v2\/users\/1"}],"replies":[{"embeddable":true,"href":"https:\/\/www.regioncuatronoticias.com\/index.php\/wp-json\/wp\/v2\/comments?post=26241"}],"version-history":[{"count":1,"href":"https:\/\/www.regioncuatronoticias.com\/index.php\/wp-json\/wp\/v2\/posts\/26241\/revisions"}],"predecessor-version":[{"id":26243,"href":"https:\/\/www.regioncuatronoticias.com\/index.php\/wp-json\/wp\/v2\/posts\/26241\/revisions\/26243"}],"wp:featuredmedia":[{"embeddable":true,"href":"https:\/\/www.regioncuatronoticias.com\/index.php\/wp-json\/wp\/v2\/media\/26242"}],"wp:attachment":[{"href":"https:\/\/www.regioncuatronoticias.com\/index.php\/wp-json\/wp\/v2\/media?parent=26241"}],"wp:term":[{"taxonomy":"category","embeddable":true,"href":"https:\/\/www.regioncuatronoticias.com\/index.php\/wp-json\/wp\/v2\/categories?post=26241"},{"taxonomy":"post_tag","embeddable":true,"href":"https:\/\/www.regioncuatronoticias.com\/index.php\/wp-json\/wp\/v2\/tags?post=26241"}],"curies":[{"name":"wp","href":"https:\/\/api.w.org\/{rel}","templated":true}]}}