{"id":26232,"date":"2025-03-24T19:10:27","date_gmt":"2025-03-25T02:10:27","guid":{"rendered":"https:\/\/www.regioncuatronoticias.com\/?p=26232"},"modified":"2025-03-24T19:10:35","modified_gmt":"2025-03-25T02:10:35","slug":"el-papa-francisco-reaparece-dos-minutos-ante-los-fieles-despues-de-37-dias-hospitalizado","status":"publish","type":"post","link":"https:\/\/www.regioncuatronoticias.com\/index.php\/2025\/03\/24\/el-papa-francisco-reaparece-dos-minutos-ante-los-fieles-despues-de-37-dias-hospitalizado\/","title":{"rendered":"El papa Francisco reaparece dos minutos ante los fieles despu\u00e9s de 37 d\u00edas hospitalizado"},"content":{"rendered":"\n<p>Tomado de El Pa\u00eds<\/p>\n\n\n\n<p>Redacci\u00f3n<\/p>\n\n\n\n<p>Domingo 23 de marzo de 2025<\/p>\n\n\n\n<p>El Pont\u00edfice se ha asomado en silla de ruedas a un balc\u00f3n del centro sanitario Gemelli de Roma, con evidentes dificultades de movimiento y para respirar. \u201cGracias a todos\u201d, ha dicho a los congregados<\/p>\n\n\n\n<p>El papa Francisco se ha dejado ver por primera vez en p\u00fablico al mediod\u00eda de este domingo, despu\u00e9s de 37 d\u00edas ingresado con una neumon\u00eda en el hospital Gemelli de Roma. Ha salido a uno de los balcones del hospital y, durante apenas dos minutos y con evidentes dificultades de movimiento y para hablar y respirar, ha saludado a los fieles congregados frente al centro sanitario. Aunque no estaba previsto que hablara, ha dicho unas palabras: \u201cGracias a todos. Veo a esa se\u00f1ora con flores amarillas, muy bien\u201d, ha se\u00f1alado, en referencia a una mujer que estaba entre los asistentes. Seg\u00fan ha contado la prensa italiana, se trata de una vecina de Roma, de 79 a\u00f1os, habitual desde hace mucho tiempo en todos los actos del Papa, en primera fila, y que estas semanas le ha llevado flores amarillas cada d\u00eda, y por esa raz\u00f3n la ha debido de reconocer.<\/p>\n\n\n\n<p>Jorge Mario Bergoglio, de 88 a\u00f1os, ha reaparecido a las 12.02. Iba en silla de ruedas \u2015ya se mov\u00eda as\u00ed antes de su ingreso, desde hace dos a\u00f1os, por problemas en las rodillas\u2015y no ha podido levantar los brazos, solo las manos y los antebrazos. Impedido de moverse con facilidad, ha hecho un saludo levantando el pulgar y luego ha impartido la bendici\u00f3n con visible dificultad para hacer la se\u00f1al de la cruz con la mano. Ha hablado con voz d\u00e9bil y despu\u00e9s se ha podido ver una mueca de contracci\u00f3n en su rostro, debido a la dificultad para respirar. A las 12.04 ha vuelto a ser introducido en la habitaci\u00f3n por sus ayudantes.<\/p>\n\n\n\n<p>Los m\u00e9dicos ya admitieron el s\u00e1bado que ha afrontado \u201cdos episodios en los que su vida corri\u00f3 peligro\u201d y que ahora debe continuar su recuperaci\u00f3n, con reposo, terapia y rehabilitaci\u00f3n, durante al menos dos meses. En su fugaz aparici\u00f3n se han podido comprobar las secuelas de la enfermedad, que pr\u00e1cticamente le ha dejado sin habla, aunque los m\u00e9dicos esperan que pueda recuperarla \u201cen tiempo breve\u201d.<\/p>\n\n\n\n<p>Luego, a las 12.13, ha abandonado ya el hospital tras recibir el alta m\u00e9dica, en un Fiat Cinquecento de color blanco, en el asiento del copiloto, desde el que ha saludado a los fieles sin bajar la ventanilla. En principio se dirig\u00eda al Vaticano, pero cuando la comitiva ha llegado a las inmediaciones del peque\u00f1o Estado ha cambiado de rumbo hacia la bas\u00edlica de Santa Mar\u00eda la Mayor, en el centro hist\u00f3rico de Roma, donde siempre acude a rezar al regreso de cada uno de sus viajes, y tambi\u00e9n en esta ocasi\u00f3n.<\/p>\n\n\n\n<p>No estaba previsto y ha causado sorpresa entre los turistas que en ese momento se encontraban en el lugar, con escenas de cierto desconcierto e improvisaci\u00f3n de los servicios de seguridad. El Vaticano ha detallado luego que el Papa ha entregado al cardenal lituano Rolandas Makrickas, arcipreste coadjutor de la bas\u00edlica, un ramo de flores para depositarlo en la imagen de la Virgen de Salus Popoli Romani (Protectora del Pueblo Romano). A las 12.58 su coche ha entrado finalmente en los muros vaticanos. Se ha apreciado que en el interior del veh\u00edculo respiraba ox\u00edgeno con c\u00e1nulas nasales, con una bombona colocada en la parte posterior de su asiento.<\/p>\n\n\n\n<p>Esta ha sido la segunda convalencencia m\u00e1s larga de un papa en el hospital Gemelli, desde los 55 d\u00edas que pas\u00f3 all\u00ed en 1981 Juan Pablo II, el primer pont\u00edfice en ser ingresado en este centro.<\/p>\n\n\n\n<p>Durante las \u00faltimas cinco semanas, Francisco ha ocupado un apartamento privado reservado para los papas en la d\u00e9cima planta del Gemelli, un hospital privado dependiente de la universidad cat\u00f3lica del Sagrado Coraz\u00f3n. Adem\u00e1s de su habitaci\u00f3n, contaba con una peque\u00f1a capilla privada y otras estancias. Hoy no se ha asomado desde este recinto sino desde la quinta planta, para ser m\u00e1s visible a los fieles congregados frente al edificio.<\/p>\n\n\n\n<p>El Vaticano ha divulgado a mediod\u00eda un mensaje escrito por el Papa para el \u00c1ngelus, que en sus primeras l\u00edneas dice as\u00ed: \u201cDurante este largo per\u00edodo de hospitalizaci\u00f3n, he tenido la oportunidad de experimentar la paciencia del Se\u00f1or, que veo reflejada tambi\u00e9n en la incansable atenci\u00f3n de los m\u00e9dicos y trabajadores de la salud, as\u00ed como en el cuidado y la esperanza de los familiares de los enfermos\u201d.<\/p>\n\n\n\n<p>Hasta hoy la \u00fanica imagen del Pont\u00edfice que hab\u00eda difundido el Vaticano era una fotograf\u00eda en la que aparec\u00eda de espaldas, rezando en la capilla del apartamento, una imagen que se hizo p\u00fablica el pasado domingo. Antes, el 6 de marzo, el Vaticano divulg\u00f3 un mensaje grabado que se emiti\u00f3 en la plaza de San Pedro durante el rezo del rosario. En aquel momento, m\u00e1s que transmitir tranquilidad, el sonido de su voz, fr\u00e1gil y doliente, caus\u00f3 aprensi\u00f3n. Ahora deber\u00e1 afrontar al menos dos meses de rehabilitaci\u00f3n y cuidados, sin poder juntarse con grupos grandes de personas y limitando su agenda.<\/p>\n\n\n\n<p>El Papa volver\u00e1 a instalarse ahora en la residencia de Santa Marta en la que vive desde que fue elegido pont\u00edfice en 2013. Este lugar es una especie de hotel, dentro de la peque\u00f1a ciudad, a la izquierda de la bas\u00edlica de San Pedro, que construy\u00f3 Juan Pablo II para alojar a los cardenales en los c\u00f3nclaves y que el resto del tiempo hospeda a los cl\u00e9rigos de paso por Roma. Tras su elecci\u00f3n, Jorge Mario Bergoglio prefiri\u00f3 no ocupar los apartamentos pontificios del apartamento apost\u00f3lico y opt\u00f3 por vivir en una suite, la 201, de esta residencia. Ahora se est\u00e1 preparando la habitaci\u00f3n para su rehabilitaci\u00f3n, con equipos de ox\u00edgeno y lo necesario para la fisioterapia respiratoria y motora.<\/p>\n\n\n\n<p><a href=\"https:\/\/elpais.com\/internacional\/2025-03-23\/el-papa-francisco-reaparece-ante-los-fieles-este-domingo-despues-de-37-dias-hospitalizado.html\">https:\/\/elpais.com\/internacional\/2025-03-23\/el-papa-francisco-reaparece-ante-los-fieles-este-domingo-despues-de-37-dias-hospitalizado.html<\/a><\/p>\n","protected":false},"excerpt":{"rendered":"<p>Tomado de El Pa\u00eds Redacci\u00f3n Domingo 23 de marzo de 2025 El Pont\u00edfice se ha asomado en silla de ruedas a un balc\u00f3n del centro sanitario Gemelli de Roma, con evidentes dificultades de movimiento y para respirar. \u201cGracias a todos\u201d, ha dicho a los congregados El papa Francisco se ha dejado ver por primera vez [&hellip;]<\/p>\n","protected":false},"author":1,"featured_media":26233,"comment_status":"open","ping_status":"open","sticky":false,"template":"","format":"standard","meta":{"content-type":"","footnotes":""},"categories":[7,105],"tags":[],"class_list":{"0":"post-26232","1":"post","2":"type-post","3":"status-publish","4":"format-standard","5":"has-post-thumbnail","7":"category-internacional","8":"category-principal"},"_links":{"self":[{"href":"https:\/\/www.regioncuatronoticias.com\/index.php\/wp-json\/wp\/v2\/posts\/26232","targetHints":{"allow":["GET"]}}],"collection":[{"href":"https:\/\/www.regioncuatronoticias.com\/index.php\/wp-json\/wp\/v2\/posts"}],"about":[{"href":"https:\/\/www.regioncuatronoticias.com\/index.php\/wp-json\/wp\/v2\/types\/post"}],"author":[{"embeddable":true,"href":"https:\/\/www.regioncuatronoticias.com\/index.php\/wp-json\/wp\/v2\/users\/1"}],"replies":[{"embeddable":true,"href":"https:\/\/www.regioncuatronoticias.com\/index.php\/wp-json\/wp\/v2\/comments?post=26232"}],"version-history":[{"count":1,"href":"https:\/\/www.regioncuatronoticias.com\/index.php\/wp-json\/wp\/v2\/posts\/26232\/revisions"}],"predecessor-version":[{"id":26234,"href":"https:\/\/www.regioncuatronoticias.com\/index.php\/wp-json\/wp\/v2\/posts\/26232\/revisions\/26234"}],"wp:featuredmedia":[{"embeddable":true,"href":"https:\/\/www.regioncuatronoticias.com\/index.php\/wp-json\/wp\/v2\/media\/26233"}],"wp:attachment":[{"href":"https:\/\/www.regioncuatronoticias.com\/index.php\/wp-json\/wp\/v2\/media?parent=26232"}],"wp:term":[{"taxonomy":"category","embeddable":true,"href":"https:\/\/www.regioncuatronoticias.com\/index.php\/wp-json\/wp\/v2\/categories?post=26232"},{"taxonomy":"post_tag","embeddable":true,"href":"https:\/\/www.regioncuatronoticias.com\/index.php\/wp-json\/wp\/v2\/tags?post=26232"}],"curies":[{"name":"wp","href":"https:\/\/api.w.org\/{rel}","templated":true}]}}