{"id":26229,"date":"2025-03-24T19:05:35","date_gmt":"2025-03-25T02:05:35","guid":{"rendered":"https:\/\/www.regioncuatronoticias.com\/?p=26229"},"modified":"2025-03-24T19:05:39","modified_gmt":"2025-03-25T02:05:39","slug":"la-sauceda-es-nombrada-area-natural-protegida","status":"publish","type":"post","link":"https:\/\/www.regioncuatronoticias.com\/index.php\/2025\/03\/24\/la-sauceda-es-nombrada-area-natural-protegida\/","title":{"rendered":"La Sauceda es nombrada \u00c1rea Natural Protegida"},"content":{"rendered":"\n<p>Tomado de La Jornada<\/p>\n\n\n\n<p>Cristina G\u00f3mez Lima<\/p>\n\n\n\n<p>Domingo 23 de marzo de 2025<\/p>\n\n\n\n<p>Hermosillo, Son. La Sauceda, que por d\u00e9cadas fue un espacio olvidado y en deterioro, ha sido declarada \u00c1rea Natural Protegida, garantizando as\u00ed su conservaci\u00f3n a largo plazo y devolviendo a los hermosillenses un pulm\u00f3n verde en pleno desierto.<\/p>\n\n\n\n<p>Miles de personas se congregaron en la inauguraci\u00f3n de la primera etapa de su rehabilitaci\u00f3n, un proyecto impulsado por el gobernador, Alfonso Durazo Monta\u00f1o, donde se han invertido 200 millones de pesos para transformar 34.5 hect\u00e1reas en un espacio de convivencia, recreaci\u00f3n y contacto con la naturaleza.<\/p>\n\n\n\n<p>\u201cHoy damos un paso hist\u00f3rico. No s\u00f3lo recuperamos un parque, estamos asegurando su futuro para que jam\u00e1s vuelva al abandono\u201d, destac\u00f3 Durazo Monta\u00f1o. La rehabilitaci\u00f3n de La Sauceda no s\u00f3lo ampli\u00f3 el terreno disponible en m\u00e1s de 400%, sino que tambi\u00e9n revitaliz\u00f3 su ecosistema y lo convirti\u00f3 en un modelo de desarrollo urbano sustentable.<\/p>\n\n\n\n<p>La Sauceda es un pulm\u00f3n en un ardido desierto, que incluye la restauraci\u00f3n del Foro al Aire Libre, con capacidad para hasta ocho mil personas, el Kiosco Central, el Mega Juego, el Humedal, adem\u00e1s de zonas de comida, palapas y andadores.<\/p>\n\n\n\n<p>El nuevo bosque urbano cuenta con programas educativos, culturales y recreativos, con actividades esc\u00e9nicas, musicales y art\u00edsticas. \u201cEs m\u00e1s que un parque, es un espacio donde la naturaleza y la ciudad se reconcilian\u201d, se\u00f1alaron ambientalistas presentes en la inauguraci\u00f3n.<\/p>\n\n\n\n<p>El gobernador, Durazo Monta\u00f1o, reiter\u00f3 su compromiso de seguir expandiendo y protegiendo espacios verdes en la entidad, asegurando que este ser\u00e1 un modelo para futuras generaciones al nombrar\u00e1 \u00c1rea Natural Protegida.<\/p>\n\n\n\n<p>Asimismo, el gobernador asegur\u00f3 que para el pr\u00f3ximo mes de enero quedar\u00e1 lista la segunda etapa que consta en concluir las 40 hect\u00e1reas de La Sauceda, y posteriormente la tercera etapa enfrente del cerro de la Cementera, con 170 hect\u00e1reas, misma que contar\u00e1 con un parque de 210 hect\u00e1reas.<\/p>\n\n\n\n<p><a href=\"https:\/\/www.jornada.com.mx\/noticia\/2025\/03\/23\/estados\/la-sauceda-es-nombrada-area-natural-protegida\">https:\/\/www.jornada.com.mx\/noticia\/2025\/03\/23\/estados\/la-sauceda-es-nombrada-area-natural-protegida<\/a><\/p>\n","protected":false},"excerpt":{"rendered":"<p>Tomado de La Jornada Cristina G\u00f3mez Lima Domingo 23 de marzo de 2025 Hermosillo, Son. La Sauceda, que por d\u00e9cadas fue un espacio olvidado y en deterioro, ha sido declarada \u00c1rea Natural Protegida, garantizando as\u00ed su conservaci\u00f3n a largo plazo y devolviendo a los hermosillenses un pulm\u00f3n verde en pleno desierto. Miles de personas se [&hellip;]<\/p>\n","protected":false},"author":1,"featured_media":26230,"comment_status":"open","ping_status":"open","sticky":false,"template":"","format":"standard","meta":{"content-type":"","footnotes":""},"categories":[115,105,9],"tags":[],"class_list":{"0":"post-26229","1":"post","2":"type-post","3":"status-publish","4":"format-standard","5":"has-post-thumbnail","7":"category-politica","8":"category-principal","9":"category-sonora"},"_links":{"self":[{"href":"https:\/\/www.regioncuatronoticias.com\/index.php\/wp-json\/wp\/v2\/posts\/26229","targetHints":{"allow":["GET"]}}],"collection":[{"href":"https:\/\/www.regioncuatronoticias.com\/index.php\/wp-json\/wp\/v2\/posts"}],"about":[{"href":"https:\/\/www.regioncuatronoticias.com\/index.php\/wp-json\/wp\/v2\/types\/post"}],"author":[{"embeddable":true,"href":"https:\/\/www.regioncuatronoticias.com\/index.php\/wp-json\/wp\/v2\/users\/1"}],"replies":[{"embeddable":true,"href":"https:\/\/www.regioncuatronoticias.com\/index.php\/wp-json\/wp\/v2\/comments?post=26229"}],"version-history":[{"count":1,"href":"https:\/\/www.regioncuatronoticias.com\/index.php\/wp-json\/wp\/v2\/posts\/26229\/revisions"}],"predecessor-version":[{"id":26231,"href":"https:\/\/www.regioncuatronoticias.com\/index.php\/wp-json\/wp\/v2\/posts\/26229\/revisions\/26231"}],"wp:featuredmedia":[{"embeddable":true,"href":"https:\/\/www.regioncuatronoticias.com\/index.php\/wp-json\/wp\/v2\/media\/26230"}],"wp:attachment":[{"href":"https:\/\/www.regioncuatronoticias.com\/index.php\/wp-json\/wp\/v2\/media?parent=26229"}],"wp:term":[{"taxonomy":"category","embeddable":true,"href":"https:\/\/www.regioncuatronoticias.com\/index.php\/wp-json\/wp\/v2\/categories?post=26229"},{"taxonomy":"post_tag","embeddable":true,"href":"https:\/\/www.regioncuatronoticias.com\/index.php\/wp-json\/wp\/v2\/tags?post=26229"}],"curies":[{"name":"wp","href":"https:\/\/api.w.org\/{rel}","templated":true}]}}