{"id":26226,"date":"2025-03-24T18:55:48","date_gmt":"2025-03-25T01:55:48","guid":{"rendered":"https:\/\/www.regioncuatronoticias.com\/?p=26226"},"modified":"2025-03-24T18:55:51","modified_gmt":"2025-03-25T01:55:51","slug":"llegamos-a-este-pri-con-la-cara-limpia-y-la-frente-en-alto-guadalupe-soto","status":"publish","type":"post","link":"https:\/\/www.regioncuatronoticias.com\/index.php\/2025\/03\/24\/llegamos-a-este-pri-con-la-cara-limpia-y-la-frente-en-alto-guadalupe-soto\/","title":{"rendered":"Llegamos a este PRI con la cara limpia y la frente en alto: Guadalupe Soto"},"content":{"rendered":"\n<p><strong>-Alejandro \u201cAlito\u201d Moreno C\u00e1rdenas tom\u00f3 protesta a la nueva dirigencia estatal del PRI Sonora<\/strong><\/p>\n\n\n\n<p>Hermosillo, Sonora, 22 de marzo de 2025.- Ante el Consejo Pol\u00edtico Estatal, con solemnidad y compromiso, Guadalupe Soto Holgu\u00edn y On\u00e9simo Aguilera Burrola, asumieron la dirigencia estatal del Partido Revolucionario Institucional (PRI) en Sonora, como Presidenta y Secretario General, respectivamente, durante la toma de protesta a cargo del dirigente del Comit\u00e9 Ejecutivo Nacional, Alejandro Moreno C\u00e1rdenas.<\/p>\n\n\n\n<p>Lupita Soto Holgu\u00edn, reconoci\u00f3 que se toma la dirigencia de un partido en un momento de incertidumbre, en momentos decisivos para el mundo, M\u00e9xico y para Sonora, pero, \u201ces el momento de demostrar que el PRI est\u00e1 m\u00e1s fuerte y unido que nunca. Nuestro objetivo es claro: devolverle al PRI el lugar que le corresponde, cerca de la gente y defendiendo sus causas\u201d, resalt\u00f3.<\/p>\n\n\n\n<p>\u201cLlegamos a este PRI que ya no es el mismo de hace 96 a\u00f1os, ni el de hace 30, ni siquiera el de hace 6 a\u00f1os. Llegamos a este PRI con pecados ajenos, pero con la cara limpia y la frente en alto. Vamos a recorrer cada rinc\u00f3n del estado, escuchando, trabajando y respondiendo a las necesidades de la gente\u201d, resalt\u00f3 la dirigente estatal.<\/p>\n\n\n\n<p>El presidente nacional del PRI, respald\u00f3 a la nueva dirigencia estatal, a quienes encomend\u00f3 fortalecer las estructuras del partido en todo el estado, con determinaci\u00f3n, energ\u00eda y car\u00e1cter. Record\u00f3 que el PRI sigue siendo un pilar fundamental en la construcci\u00f3n de M\u00e9xico y que Sonora tiene todo el potencial para liderar los cambios que las y los ciudadanos demandan.<\/p>\n\n\n\n<p>\u201cEl PRI est\u00e1 listo para recuperar la confianza de los ciudadanos y demostrar que somos la mejor opci\u00f3n para construir un futuro pr\u00f3spero y seguro para las familias sonorenses. Con liderazgo, compromiso y trabajo, vamos a fortalecer nuestras bases y prepararnos para los retos electorales que se vienen en 2027\u201d, expres\u00f3.<\/p>\n\n\n\n<p>Agreg\u00f3 que el PRI no solo es el partido que construy\u00f3 este pa\u00eds, no solo es el PRI que construy\u00f3 instituciones, es el PRI que genera certeza, que da gobernabilidad, que desde el gobierno o desde la oposici\u00f3n, ha sido responsable con pueblo de M\u00e9xico. \u201cEl PRI va a enfrentar al gobierno siempre, con determinaci\u00f3n y con mucho car\u00e1cter\u201d, afirm\u00f3 Moreno C\u00e1rdenas.<\/p>\n\n\n\n<p>Asever\u00f3 que el PRI Sonora inicia una nueva etapa de renovaci\u00f3n y fortalecimiento, con enfoque en la reconstrucci\u00f3n del tejido social y la cercan\u00eda con la ciudadan\u00eda.<\/p>\n\n\n\n<p>El evento cont\u00f3 con la presencia de dirigentes de PRI de los estados de Sinaloa, Estado de M\u00e9xico, Chihuahua, Jalisco, Durango, Baja California, Baja California Sur, Diputados Federales, as\u00ed como el alcalde de Hermosillo, Antonio Astiazar\u00e1n Guti\u00e9rrez.<\/p>\n\n\n\n<p>Se cont\u00f3 tambi\u00e9n con importantes figuras del priismo sonorense, Alcaldes ex Dirigentes Estatales, los Presidentes de los Comit\u00e9s Municipales y representantes de sectores y organizaciones adherentes a nivel nacional y estatal, as\u00ed como militantes quienes manifestaron su respaldo absoluto a la nueva dirigencia.<\/p>\n\n\n\n<p><\/p>\n","protected":false},"excerpt":{"rendered":"<p>-Alejandro \u201cAlito\u201d Moreno C\u00e1rdenas tom\u00f3 protesta a la nueva dirigencia estatal del PRI Sonora Hermosillo, Sonora, 22 de marzo de 2025.- Ante el Consejo Pol\u00edtico Estatal, con solemnidad y compromiso, Guadalupe Soto Holgu\u00edn y On\u00e9simo Aguilera Burrola, asumieron la dirigencia estatal del Partido Revolucionario Institucional (PRI) en Sonora, como Presidenta y Secretario General, respectivamente, durante [&hellip;]<\/p>\n","protected":false},"author":1,"featured_media":26227,"comment_status":"open","ping_status":"open","sticky":false,"template":"","format":"standard","meta":{"content-type":"","footnotes":""},"categories":[115,105,9],"tags":[],"class_list":{"0":"post-26226","1":"post","2":"type-post","3":"status-publish","4":"format-standard","5":"has-post-thumbnail","7":"category-politica","8":"category-principal","9":"category-sonora"},"_links":{"self":[{"href":"https:\/\/www.regioncuatronoticias.com\/index.php\/wp-json\/wp\/v2\/posts\/26226","targetHints":{"allow":["GET"]}}],"collection":[{"href":"https:\/\/www.regioncuatronoticias.com\/index.php\/wp-json\/wp\/v2\/posts"}],"about":[{"href":"https:\/\/www.regioncuatronoticias.com\/index.php\/wp-json\/wp\/v2\/types\/post"}],"author":[{"embeddable":true,"href":"https:\/\/www.regioncuatronoticias.com\/index.php\/wp-json\/wp\/v2\/users\/1"}],"replies":[{"embeddable":true,"href":"https:\/\/www.regioncuatronoticias.com\/index.php\/wp-json\/wp\/v2\/comments?post=26226"}],"version-history":[{"count":1,"href":"https:\/\/www.regioncuatronoticias.com\/index.php\/wp-json\/wp\/v2\/posts\/26226\/revisions"}],"predecessor-version":[{"id":26228,"href":"https:\/\/www.regioncuatronoticias.com\/index.php\/wp-json\/wp\/v2\/posts\/26226\/revisions\/26228"}],"wp:featuredmedia":[{"embeddable":true,"href":"https:\/\/www.regioncuatronoticias.com\/index.php\/wp-json\/wp\/v2\/media\/26227"}],"wp:attachment":[{"href":"https:\/\/www.regioncuatronoticias.com\/index.php\/wp-json\/wp\/v2\/media?parent=26226"}],"wp:term":[{"taxonomy":"category","embeddable":true,"href":"https:\/\/www.regioncuatronoticias.com\/index.php\/wp-json\/wp\/v2\/categories?post=26226"},{"taxonomy":"post_tag","embeddable":true,"href":"https:\/\/www.regioncuatronoticias.com\/index.php\/wp-json\/wp\/v2\/tags?post=26226"}],"curies":[{"name":"wp","href":"https:\/\/api.w.org\/{rel}","templated":true}]}}