{"id":26223,"date":"2025-03-23T23:26:13","date_gmt":"2025-03-24T06:26:13","guid":{"rendered":"https:\/\/www.regioncuatronoticias.com\/?p=26223"},"modified":"2025-03-23T23:26:15","modified_gmt":"2025-03-24T06:26:15","slug":"la-presencia-de-alito-y-del-tono-en-evento-del-pri","status":"publish","type":"post","link":"https:\/\/www.regioncuatronoticias.com\/index.php\/2025\/03\/23\/la-presencia-de-alito-y-del-tono-en-evento-del-pri\/","title":{"rendered":"La presencia de \u201cAlito\u201d y del \u201cTo\u00f1o\u201d en evento del PRI"},"content":{"rendered":"\n<p><strong>Columna Encuadre<\/strong><\/p>\n\n\n\n<p><strong>Jos\u00e9 F. Medina<\/strong><\/p>\n\n\n\n<p><strong>La presencia de \u201cAlito\u201d y del \u201cTo\u00f1o\u201d en evento del PRI<\/strong><\/p>\n\n\n\n<p><strong>&nbsp;Lunes 24 de marzo de 2025<\/strong><\/p>\n\n\n\n<p>A menos que haya sido un gesto de cortes\u00eda pura y buena anfitrion\u00eda, la presencia del alcalde Antonio \u201cTo\u00f1o\u201d Astiazar\u00e1n en el evento del PRI Estatal del pasado s\u00e1bado, no se comprende, desde el punto de vista pol\u00edtico-partidista.<\/p>\n\n\n\n<p>Por varias cosas:<\/p>\n\n\n\n<p><strong>1).<\/strong> Ya no es priista. Renunci\u00f3 para unirse a las filas del PAN<\/p>\n\n\n\n<p><strong>2).<\/strong> Con su asistencia, sin querer queriendo, aval\u00f3 la agenda verbal de \u201cAlito\u201d Moreno contra el otro moreno, Beltrones<\/p>\n\n\n\n<p><strong>3).<\/strong> Como partido, el PRI le perjudica m\u00e1s que le beneficia en sus aspiraciones futuras. La percepci\u00f3n sigue siendo muy negativa.<\/p>\n\n\n\n<p><strong>4).<\/strong> Seguramente algunos de sus \u201capoyadores\u201d log\u00edsticos y financieros cercanos al actual Senador por Sonora no estar\u00e1n muy contentos, que digamos<\/p>\n\n\n\n<p>En conclusi\u00f3n: craso error, desde mi muy particular punto de vista. Una de dos: sus asesores cercanos como el Pano Salido o Danielito Dur\u00e1n le fallaron y no le advirtieron, o el To\u00f1o su fue \u201cpor la libre\u201d y solito decidi\u00f3 asistir a la asamblea donde Lupita Soto y On\u00e9simo Aguilera, rindieron protesta como presidenta y secretario general del expartidazo, ante la presencia del inefable Alejandro \u201cAlito\u201d Moreno, a quien, por cierto, en un video que circul\u00f3 en redes sociales, el panista Javier \u201cEl Master\u201d Dagnino le parti\u00f3 su \u201cmandarina en gajos\u201d por atacar a Beltrones.<\/p>\n\n\n\n<p>\u201cYo te recuerdo, Alejandro Moreno, que aqu\u00ed a Sonora, no puedes llegar de soberbio, de arbitrario, de prepotente; no te va a funcionar aqu\u00ed con los sonorenses; y aqu\u00ed, hablo por m\u00ed: \u00a1B\u00c1JALE! b\u00e1jale, porque al final del d\u00eda, el horno no est\u00e1 para bollos; necesitamos ir juntos para sacar al mal gobierno de Morena, y eso que viniste a hacer, a insultar, a calumniar y a difamar, a mi Senador, a Manlio Fabio, que representa a muchos sonorenses, y que tuvo, te recuerdo, m\u00e1s de 300 mil votos\u2026yo s\u00ed defiendo a mi Senador, y \u00e9l no necesita que lo defienda, se sabe defender\u201d.<\/p>\n\n\n\n<p>Esta es la parte medular de lo que dijo \u201cEl Master\u201d en su video. Hasta la hora de pergo\u00f1ar estos p\u00e1rrafos, no he sabido de un solo priista que haya salido p\u00fablicamente en la defensa de Beltrones como lo hizo el panista. Salvo uno que otro grito de mujeres priistas en el evento a favor de Manlio Fabio, no supe de m\u00e1s. No creo que a Beltrones lo tenga muy contento lo que sucedi\u00f3 durante la jornada del s\u00e1bado con sus \u201camigos\u201d priistas sonorenses.<\/p>\n\n\n\n<p>Y es que, el dirigente nacional del tricolor vino, efectivamente, a lanzar una serie de acusaciones, no nuevas, por cierto, contra el senador independiente, recordando algunas cosas de su pasado como los dineros de Andorra, la llamada \u201cOperaci\u00f3n Zafiro\u201d, su vinculaci\u00f3n con el caso Colosio y las acusaciones surgidas en su tiempo de gobernador vinculadas al crimen organizado, entre otras \u201cdulzuras\u201d.<\/p>\n\n\n\n<p>El tal \u201cAlito\u201d no se contuvo, y en la mera casa de Beltrones, le habl\u00f3 como nunca antes le hab\u00edan hablado. Y los priistas, imp\u00e1vidos. Esa lealtad partidista al dirigente en turno que se confunde con servilismo y agachismo.<\/p>\n\n\n\n<p>Pero, bueno. En su salud pol\u00edtica y partidista lo hallar\u00e1n. No falta mucho.<\/p>\n\n\n\n<p>Por lo dem\u00e1s, la nueva dirigente estatal, Lupita Soto, reconoci\u00f3 que toma la dirigencia en un momento de incertidumbre, en momentos decisivos para el mundo, M\u00e9xico y para Sonora, pero, \u201ces el momento de demostrar que el PRI est\u00e1 m\u00e1s fuerte y unido que nunca. Nuestro objetivo es claro: devolverle al PRI el lugar que le corresponde, cerca de la gente y defendiendo sus causas\u201d, resalt\u00f3, de acuerdo al comunicado de prensa circulado.<\/p>\n\n\n\n<p>\u201cLlegamos a este PRI que ya no es el mismo de hace 96 a\u00f1os, ni el de hace 30, ni siquiera el de hace 6 a\u00f1os. Llegamos a este PRI con pecados ajenos, pero con la cara limpia y la frente en alto. Vamos a recorrer cada rinc\u00f3n del estado, escuchando, trabajando y respondiendo a las necesidades de la gente\u201d.<\/p>\n\n\n\n<p>Tiene raz\u00f3n Lupita Soto cuando dice que el PRI ya no es el mismo\u2026 Ni lo ser\u00e1.<\/p>\n\n\n\n<p>Tiene raz\u00f3n tambi\u00e9n cuando dice que llega a este PRI con pecados ajenos. S\u00ed, ella bien sabe de esos pecados ajenos al fungir como secretaria privada de la gobernadora Claudia Pavlovich, que no dej\u00f3 tan buenas cuentas que digamos, y ya expulsada, por cierto, de las huestes tricolores.<\/p>\n\n\n\n<p>Y no estar\u00eda tan seguro de si llega con la cara limpia.<\/p>\n\n\n\n<p>En fin: \u00a1El mismo PRI de siempre!<\/p>\n\n\n\n<p><strong>ENCUADRE DE AGRADECIMIENTO<\/strong><\/p>\n\n\n\n<p>El viernes por la tarde fui sometido al segundo cateterismo en menos de dos meses en la Cl\u00ednica 14 del Instituto Mexicano del Seguro Social, aqu\u00ed en Hermosillo.<\/p>\n\n\n\n<p>Con la colocaci\u00f3n de cinco (s\u00ed, CINCO) stents, mi terco coraz\u00f3n ya cuenta con v\u00e1lvulas reparadas.<\/p>\n\n\n\n<p>Mi total agradecimiento al eficiente equipo de m\u00e9dicos y enfermeras del hospital.<\/p>\n\n\n\n<p>Al cardi\u00f3logo Omar Hern\u00e1ndez, diligente, emp\u00e1tico y profesional, quien realiz\u00f3 exitosamente el procedimiento (si alguien necesita consultarlo, aqu\u00ed les paso su n\u00famero de celular); al anestesi\u00f3logo Tito Acosta; al t\u00e9cnico radi\u00f3logo Carlos N\u00fa\u00f1ez, y a las enfermeras (os) Daniela Gonz\u00e1lez y Francisco Rodr\u00edguez.<\/p>\n\n\n\n<p>Todos ellos estuvieron en el cateterismo. Muchas gracias, j\u00f3venes.<\/p>\n\n\n\n<p>De igual manera, va mi agradecimiento por su calidad y calidez al enfermero Raul Corona, del turno vespertino de Hemodinamia; y a Reyna Soto, enfermera de piso. De verdad, mis aplausos.<\/p>\n\n\n\n<p>La delegada estatal del IMSS, Ang\u00e9lica Mariel Mart\u00ednez L\u00f3pez, debe de sentirse orgullosa de este personal.<\/p>\n\n\n\n<p>&nbsp;<strong>ENCUADRE INAUGURAL<\/strong><\/p>\n\n\n\n<p>Despu\u00e9s de varios meses de trabajo y de varios intentos por abrirlo al p\u00fablico por administraciones pasadas, este domingo fue inaugurado el Bosque Urbano La Sauceda, en su primera etapa.<\/p>\n\n\n\n<p>Bien por el gobierno de Alfonso Durazo que recuper\u00f3 un espacio que tanta falta le hac\u00eda a los hermosillenses, no solo para su diversi\u00f3n, sino para la conservaci\u00f3n del medio ambiente.<\/p>\n\n\n\n<p>La presencia de Car\u00edn Le\u00f3n les rob\u00f3 el show a los organizadores del evento.<\/p>\n\n\n\n<p>Punto bueno pa\u2019l Gobierno.<\/p>\n\n\n\n<p><strong>&nbsp;ENCUADRE ANTICAMPA\u00d1A<\/strong><\/p>\n\n\n\n<p>Una feroz campa\u00f1a en redes sociales le traen a Aar\u00f3n Grageda, candidato a rector de la Universidad de Sonora, record\u00e1ndole los miles de pesos que gast\u00f3 en una de sus fiestas de cumplea\u00f1os, celebrado en San Carlos Nuevo Guaymas hace un par de a\u00f1os, y que a decir de los envidiosos, estuvo en grande.<\/p>\n\n\n\n<p>Nada tuviera de particular si no existiese la sospecha de que en la organizaci\u00f3n de la fiestecita hubo dinero p\u00fablico.<\/p>\n\n\n\n<p>El caso es que la campa\u00f1a, utilizando la IA, es bastante negra. A pesar de que Grageda no es santo de mi devoci\u00f3n, no se la merece. Parece que hay v\u00edscera de por medio.<\/p>\n\n\n\n<p>Por cierto, y a prop\u00f3sito de la elecci\u00f3n universitaria, hoy lunes es el \u00faltimo d\u00eda para que los aspirantes puedan hacer campa\u00f1a; el martes 25 es d\u00eda de veda, y el mi\u00e9rcoles 26 se realiza la elecci\u00f3n para sacar a la terna que participar\u00e1 finalmente en el proceso electivo de Rector de nuestra alma mater, para el per\u00edodo 2025-2030.<\/p>\n\n\n\n<p>Voy con Cuauht\u00e9moc Gonz\u00e1lez.<\/p>\n\n\n\n<p><strong>IN PROXIMUM<\/strong><\/p>\n\n\n\n<p><strong>&nbsp;Me puedes seguir en FB: Jos\u00e9 Felipe Medina<\/strong><\/p>\n\n\n\n<p><strong>En X: @josefe31, @fm_informativo<\/strong><\/p>\n\n\n\n<p><strong>Correo electr\u00f3nico: josefe31@hotmail.com, josefe31@gmail.com<\/strong><\/p>\n\n\n\n<p><strong>FMINFORMATIVO.COM<\/strong><\/p>\n","protected":false},"excerpt":{"rendered":"<p>Columna Encuadre Jos\u00e9 F. Medina La presencia de \u201cAlito\u201d y del \u201cTo\u00f1o\u201d en evento del PRI &nbsp;Lunes 24 de marzo de 2025 A menos que haya sido un gesto de cortes\u00eda pura y buena anfitrion\u00eda, la presencia del alcalde Antonio \u201cTo\u00f1o\u201d Astiazar\u00e1n en el evento del PRI Estatal del pasado s\u00e1bado, no se comprende, desde [&hellip;]<\/p>\n","protected":false},"author":1,"featured_media":26224,"comment_status":"open","ping_status":"open","sticky":false,"template":"","format":"standard","meta":{"content-type":"","footnotes":""},"categories":[122],"tags":[],"class_list":{"0":"post-26223","1":"post","2":"type-post","3":"status-publish","4":"format-standard","5":"has-post-thumbnail","7":"category-jose-felipe-medina"},"_links":{"self":[{"href":"https:\/\/www.regioncuatronoticias.com\/index.php\/wp-json\/wp\/v2\/posts\/26223","targetHints":{"allow":["GET"]}}],"collection":[{"href":"https:\/\/www.regioncuatronoticias.com\/index.php\/wp-json\/wp\/v2\/posts"}],"about":[{"href":"https:\/\/www.regioncuatronoticias.com\/index.php\/wp-json\/wp\/v2\/types\/post"}],"author":[{"embeddable":true,"href":"https:\/\/www.regioncuatronoticias.com\/index.php\/wp-json\/wp\/v2\/users\/1"}],"replies":[{"embeddable":true,"href":"https:\/\/www.regioncuatronoticias.com\/index.php\/wp-json\/wp\/v2\/comments?post=26223"}],"version-history":[{"count":1,"href":"https:\/\/www.regioncuatronoticias.com\/index.php\/wp-json\/wp\/v2\/posts\/26223\/revisions"}],"predecessor-version":[{"id":26225,"href":"https:\/\/www.regioncuatronoticias.com\/index.php\/wp-json\/wp\/v2\/posts\/26223\/revisions\/26225"}],"wp:featuredmedia":[{"embeddable":true,"href":"https:\/\/www.regioncuatronoticias.com\/index.php\/wp-json\/wp\/v2\/media\/26224"}],"wp:attachment":[{"href":"https:\/\/www.regioncuatronoticias.com\/index.php\/wp-json\/wp\/v2\/media?parent=26223"}],"wp:term":[{"taxonomy":"category","embeddable":true,"href":"https:\/\/www.regioncuatronoticias.com\/index.php\/wp-json\/wp\/v2\/categories?post=26223"},{"taxonomy":"post_tag","embeddable":true,"href":"https:\/\/www.regioncuatronoticias.com\/index.php\/wp-json\/wp\/v2\/tags?post=26223"}],"curies":[{"name":"wp","href":"https:\/\/api.w.org\/{rel}","templated":true}]}}