{"id":26217,"date":"2025-03-23T23:05:18","date_gmt":"2025-03-24T06:05:18","guid":{"rendered":"https:\/\/www.regioncuatronoticias.com\/?p=26217"},"modified":"2025-03-23T23:05:20","modified_gmt":"2025-03-24T06:05:20","slug":"declara-alito-la-guerra","status":"publish","type":"post","link":"https:\/\/www.regioncuatronoticias.com\/index.php\/2025\/03\/23\/declara-alito-la-guerra\/","title":{"rendered":"Declara Alito la Guerra"},"content":{"rendered":"\n<p><strong>Columna Corren Rumores<\/strong><\/p>\n\n\n\n<p><strong>Hilario Olea<\/strong><\/p>\n\n\n\n<p><strong>Declara Alito la Guerra<\/strong><\/p>\n\n\n\n<p><strong>Lunes 24 de marzo de 2025<\/strong><\/p>\n\n\n\n<p><strong>SE TIRA CON TODO CONTRA MFB\u2026 <\/strong>Se acab\u00f3 el pacto de no agresi\u00f3n, cuando menos p\u00fablico, entre Manlio Fabio Beltrones y Alito Moreno, quien estuvo de gira por estas tierras y en el evento del PRI aprovech\u00f3 para soltarle una tanda de misiles de alto poder.&nbsp; De acuerdo a los videos, se ve que lo que colm\u00f3 al sedicente l\u00edder nacional priista fueron las porras a favor de Manlio en el recinto tricolor. El coro de \u00a1Beltrones, Beltrones!, le cal\u00f3 y aprovechando el micr\u00f3fono se le tir\u00f3 a la&nbsp; yugular acus\u00e1ndolo de la Operaci\u00f3n Zafiro, el crimen de Colosio y hasta de Andorra.&nbsp; Y aunque no lo dijo directamente confirm\u00f3 que viene por una limpia total del beltronismo.&nbsp; Todos los asistentes entendieron el mensaje y adem\u00e1s deben haberse sentido inc\u00f3modos porque la mayor\u00eda son amigos del senador sonorense.&nbsp; Ahora con esto los obligar\u00e1n a tomar partido y esto provocar\u00e1 una tremenda divisi\u00f3n entre el priismo.&nbsp; Lo que queda claro es que la guerra est\u00e1 declarada. Alito tir\u00f3 los primeros misiles, veremos cu\u00e1l es la respuesta de Manlio, porque no es de los que se dejan.<\/p>\n\n\n\n<p><strong>NO ES LA TIERRA DE BELTRONES\u2026 <\/strong>Ante los reporteros que le dijeron que era una referencia obligada porque es la tierra de Beltrones. Y respondi\u00f3 ya encarrerado que es la tierra de El\u00edas Calles, Obreg\u00f3n y Colosio, pero no de Beltrones.&nbsp; Y les mand\u00f3 de paso mensaje a todos los priistas sonorenses, de \u201ccada quien tiene sus afectos\u201d.&nbsp; Ahora se ver\u00e1 que sucede con este partido, porque es obvio que al declararse la guerra tambi\u00e9n se genera una profunda divisi\u00f3n. Cierto que ahorita Alito tiene el sart\u00e9n por el mango, pero las influencias y relaciones con los sectores sonorenses los tiene Beltrones.&nbsp; Caray, pero si es una situaci\u00f3n la mar de inc\u00f3moda, porque, insistimos, ser\u00e1 dif\u00edcil permanecer neutral porque este pleito obliga a tomar partido.&nbsp; Lo que debe cuidar Alito es que no se le despanzurre el PRI en Sonora.<\/p>\n\n\n\n<p><strong>APOYO A&nbsp; TO\u00d1O ASTIAZARAN\u2026 <\/strong>Para medio suavizar las cosas, anunci\u00f3 que el PRI apoyar\u00e1 la candidatura de To\u00f1o Astiazar\u00e1n a la gubernatura, y advirti\u00f3 a To\u00f1o, de que sin el PRI no puede ganar. Alguien por ah\u00ed pregunt\u00f3, entonces con el partido \u00bfsi puede ganar? A como terminar\u00e1 dividido se antoja dif\u00edcil,&nbsp; muy dif\u00edcil.&nbsp; Pero cuando menos el alcalde hermosillense ya tiene un escal\u00f3n m\u00e1s para su proyecto electoral 2027, que esperemos le sea de utilidad y no se vuelva una carga, porque es obvio que Alito lo obligar\u00e1 a que se defina y seguro lo presionar\u00e1 para llevarlo a la guerra con Beltrones. No sabemos que tanto influya esto, pero si va a ser una tremenda incomodidad.&nbsp; Una propuesta dif\u00edcil de cumplir ser\u00e1 eso de que&nbsp; el&nbsp; PRI vaya a convocar a una gran alianza. \u00bfCon qui\u00e9n?&nbsp; Puede ir de comparsa, pero no de l\u00edder de esa alianza.<\/p>\n\n\n\n<p><strong>ESTAMPIDA EN PUERTA\u2026 <\/strong>Los que estuvieron en la reuni\u00f3n priista del s\u00e1bado comentaron con preocupaci\u00f3n sobre lo que sigue para el PRI.&nbsp; No solo el enfrentamiento abierto entre liderazgos y sectores, sino el riesgo de Morena ponga en marcha la \u201coperaci\u00f3n pepena\u201d y logre que se genere una estampida de priistas a ese partido. Otro que seguramente abrir\u00e1 las puertas sin duda que es Movimiento Ciudadano, considerando los liderazgos que tiene actualmente y que conocen de sobra la forma de pensar de los priistas.&nbsp; El \u00fanico que mantendr\u00e1 las puertas cerradas para recibir&nbsp; exmilitantes es el PAN, porque ya dijeron que con el PRI ni para ir a los tacos de cabeza.<\/p>\n\n\n\n<p><strong>FIN DE FIESTAS\u2026 <\/strong>Vaya que se puso de ambiente Hermosillo porque ahora si hubo para escoger y pasar bien el fin de semana.&nbsp; Primero reportan como todo un \u00e9xito la Muestra Gastron\u00f3mica de San Pedro El Saucito, donde como es tradici\u00f3n asistieron miles, unos con el af\u00e1n de comer bien y otros de gorrear mejor.&nbsp; Pero ayer domingo donde el ambiente estuvo de primera y la casa a reventar fue en la inauguraci\u00f3n de la primera etapa de la remodelaci\u00f3n de La Sauceda, ahora convertido en el Bosque Urbano de Hermosillo.&nbsp; Adem\u00e1s de los lugares que tiene de esparcimiento hubo un show de primer nivel encabezado por Car\u00edn Le\u00f3n. En ambos casos los organizadores se lucieron y compitieron por la atenci\u00f3n del respetable.&nbsp; Ojal\u00e1 as\u00ed fueran siempre los enfrentamientos pol\u00edticos, que en lugar de pelearse se enfrentan pero por quedar bien. Que les cuesta.<\/p>\n\n\n\n<p><strong>\u00bfD\u00d3NDE QUEDO LUIS DONALDO?&#8230; <\/strong>Por razones de entrega de este material no tuvimos chance de informaron a fondo como estuvo el aniversario luctuoso de Luis Donaldo Colosio. Se los debemos para ma\u00f1ana si hay algo como para escribir a casa. Adem\u00e1s, nos quedamos pendientes con las coplas de retache de Alito Moreno y Manlio Fabio Beltrones.&nbsp; Obvio que muchos tuvieron datos de primera mano y como son pechos no hechos para bodega algo ir\u00e1n a comentar.&nbsp; Pendientes.<\/p>\n\n\n\n<p><strong>En fin, como dijo el Tuerto Urqu\u00eddez,&nbsp; el tierra de ciegos, el tuerto que friega les pone. Sale.<\/strong><\/p>\n\n\n\n<p><strong>S\u00edganos en la cuenta de X o Twitter @hilarioolea.<\/strong><\/p>\n\n\n\n<p><strong>Pueden vernos de lunes a viernes de 8 a 9 de la noche en nuestro canal de YouTube \u201cEntre Todos Digital\u201d.<\/strong><\/p>\n\n\n\n<p><strong>Sigan nuestras redes sociales.<\/strong><\/p>\n","protected":false},"excerpt":{"rendered":"<p>Columna Corren Rumores Hilario Olea Declara Alito la Guerra Lunes 24 de marzo de 2025 SE TIRA CON TODO CONTRA MFB\u2026 Se acab\u00f3 el pacto de no agresi\u00f3n, cuando menos p\u00fablico, entre Manlio Fabio Beltrones y Alito Moreno, quien estuvo de gira por estas tierras y en el evento del PRI aprovech\u00f3 para soltarle una [&hellip;]<\/p>\n","protected":false},"author":1,"featured_media":26218,"comment_status":"open","ping_status":"open","sticky":false,"template":"","format":"standard","meta":{"content-type":"","footnotes":""},"categories":[121],"tags":[],"class_list":{"0":"post-26217","1":"post","2":"type-post","3":"status-publish","4":"format-standard","5":"has-post-thumbnail","7":"category-hilarioolea"},"_links":{"self":[{"href":"https:\/\/www.regioncuatronoticias.com\/index.php\/wp-json\/wp\/v2\/posts\/26217","targetHints":{"allow":["GET"]}}],"collection":[{"href":"https:\/\/www.regioncuatronoticias.com\/index.php\/wp-json\/wp\/v2\/posts"}],"about":[{"href":"https:\/\/www.regioncuatronoticias.com\/index.php\/wp-json\/wp\/v2\/types\/post"}],"author":[{"embeddable":true,"href":"https:\/\/www.regioncuatronoticias.com\/index.php\/wp-json\/wp\/v2\/users\/1"}],"replies":[{"embeddable":true,"href":"https:\/\/www.regioncuatronoticias.com\/index.php\/wp-json\/wp\/v2\/comments?post=26217"}],"version-history":[{"count":1,"href":"https:\/\/www.regioncuatronoticias.com\/index.php\/wp-json\/wp\/v2\/posts\/26217\/revisions"}],"predecessor-version":[{"id":26219,"href":"https:\/\/www.regioncuatronoticias.com\/index.php\/wp-json\/wp\/v2\/posts\/26217\/revisions\/26219"}],"wp:featuredmedia":[{"embeddable":true,"href":"https:\/\/www.regioncuatronoticias.com\/index.php\/wp-json\/wp\/v2\/media\/26218"}],"wp:attachment":[{"href":"https:\/\/www.regioncuatronoticias.com\/index.php\/wp-json\/wp\/v2\/media?parent=26217"}],"wp:term":[{"taxonomy":"category","embeddable":true,"href":"https:\/\/www.regioncuatronoticias.com\/index.php\/wp-json\/wp\/v2\/categories?post=26217"},{"taxonomy":"post_tag","embeddable":true,"href":"https:\/\/www.regioncuatronoticias.com\/index.php\/wp-json\/wp\/v2\/tags?post=26217"}],"curies":[{"name":"wp","href":"https:\/\/api.w.org\/{rel}","templated":true}]}}