{"id":26183,"date":"2025-03-22T23:37:34","date_gmt":"2025-03-23T06:37:34","guid":{"rendered":"https:\/\/www.regioncuatronoticias.com\/?p=26183"},"modified":"2025-03-23T13:55:47","modified_gmt":"2025-03-23T20:55:47","slug":"el-pri-no-se-ocupa-de-beltrones-ni-de-nadie-con-antecedentes-de-corrupcion-alito-moreno","status":"publish","type":"post","link":"https:\/\/www.regioncuatronoticias.com\/index.php\/2025\/03\/22\/el-pri-no-se-ocupa-de-beltrones-ni-de-nadie-con-antecedentes-de-corrupcion-alito-moreno\/","title":{"rendered":"En el PRI no se ocupa de Beltrones ni de nadie con antecedentes de corrupci\u00f3n: Alito Moreno"},"content":{"rendered":"\n<p><strong>El dirigente nacional del PRI se encuentra de gira por Sonora y asegur\u00f3 que esa es una de sus metas en la que se trabaja<\/strong><\/p>\n\n\n\n<p>Tomamdo de El Sol de Hermosillo<\/p>\n\n\n\n<p>Gil Reyes<\/p>\n\n\n\n<p>S\u00e1bado 22 de marzo de 2025<\/p>\n\n\n\n<p>Tener un partido fortalecido sin la presencia de personajes que arrastren se\u00f1alamientos de corrupci\u00f3n o de otra \u00edndole, es la meta en la que trabaja la dirigencia del Partido Revolucionario Institucional (PRI) a nivel nacional y en Sonora, se\u00f1al\u00f3 su presidente Alejandro Moreno C\u00e1rdenas.<\/p>\n\n\n\n<p>De visita en Hermosillo, el l\u00edder pri\u00edsta arremeti\u00f3 en contra del senador sonorense Manlio Fabio Beltrones, quien se separ\u00f3 de la bancada del tricolor por las diferencias que ha hecho p\u00fablicas en su contra.<\/p>\n\n\n\n<p>\u201cEn la vida y en la pol\u00edtica hay que ser congruentes, lo que tenemos que quitar en el PRI es los que quieren sentirse due\u00f1os del partido, los caciques, que meten a sus familiares, el tema del nepotismo, los que tienen v\u00ednculos con el crimen organizado, los que tanto da\u00f1os le han hecho al partido, esos lastres es lo que le hace da\u00f1o al partido\u201d, manifest\u00f3.<\/p>\n\n\n\n<p>Dentro de los actos que contrastan con la l\u00ednea interna del partido, es no favorecer el nepotismo, sostuvo, as\u00ed como el respaldar iniciativas de Morena que no tengan como fin beneficiar al pa\u00eds, sino a la clase pol\u00edtica.<\/p>\n\n\n\n<p>\u201cBeltrones vot\u00f3 a favor de la reelecci\u00f3n de legisladores, cuando iba a ser legislador, pero cuando no les conviene en los cargos del partido no. En la elecci\u00f3n segunda que se aprob\u00f3 en los estatutos, hubo una votaci\u00f3n en la que gan\u00e9 con el 97% de los votos, yo estoy en la dirigencia del partido porque as\u00ed lo decidi\u00f3 la militancia\u201d, refut\u00f3.<\/p>\n\n\n\n<p><strong>\u00bfHabr\u00e1 alianza en Sonora?<\/strong><\/p>\n\n\n\n<p>Con respecto a si habr\u00e1 alianza con otros partidos para las elecciones del 2027 en el estado, Moreno C\u00e1rdenas respondi\u00f3 que es un tema que se analizar\u00e1, aunque ser\u00e1n los perfiles que est\u00e9n bien evaluados los que marquen la pauta para la selecci\u00f3n de candidatos.<\/p>\n\n\n\n<p>\u201cSi yo estoy a favor de construir coaliciones en torno a la figura de una candidata o candidato bien posicionado, no tengas dudas que s\u00ed, porque queremos ganar. La coalici\u00f3n nos ha hecho ser potentes y una coalici\u00f3n fuerte y s\u00f3lida encabezada por una candidata o el propio alcalde de la capital nos puede dar la posibilidad de tener mayor competitividad\u201d, contest\u00f3.<\/p>\n\n\n\n<p><strong>Toma protesta a nueva dirigencia<\/strong><\/p>\n\n\n\n<p>Como parte de su agenda en la entidad, tom\u00f3 protesta a Guadalupe Soto y a On\u00e9simo Aguilera como presidenta y secretario general, respectivamente, del Comit\u00e9 Directivo Estatal, quienes llevan la responsabilidad de conformar los comit\u00e9s municipales e integrar a m\u00e1s militantes para integrar un partido competitivo y opositor.<\/p>\n\n\n\n<p><a href=\"https:\/\/oem.com.mx\/elsoldehermosillo\/local\/en-el-pri-no-se-ocupa-de-beltrones-ni-nadie-con-antecedentes-de-corrupcion-alito-moreno-22303327\">https:\/\/oem.com.mx\/elsoldehermosillo\/local\/en-el-pri-no-se-ocupa-de-beltrones-ni-nadie-con-antecedentes-de-corrupcion-alito-moreno-22303327<\/a><\/p>\n\n\n\n<p>\u00a0<strong>\u201cSI LE FALTAN\u2026 YO LE PRESTO\u201d: \u201cALITO\u201d A MANLIO<\/strong><\/p>\n\n\n\n<p><strong>Ante la falta de cr\u00edtica del Senador sonorense en contra del gobierno DE MORENA<\/strong><\/p>\n\n\n\n<p>Tomado de Dossier Pol\u00edtico<\/p>\n\n\n\n<p>Santiago Garc\u00eda C.<\/p>\n\n\n\n<p>S\u00e1bado 22 de marzo de 2025<\/p>\n\n\n\n<p>Hermosillo, Sonora.- El Presidente Nacional del PRI Alejandro \u201cAlito\u201d Moreno C\u00e1rdenas, critic\u00f3 la actitud silenciosa de Manlio Fabio Beltrones en el Senado de la Rep\u00fablica.<\/p>\n\n\n\n<p>De gira por Sonora donde tom\u00f3 la protesta al nuevo comit\u00e9 estatal del partido en Sonora, encabezado por Guadalupe, manifest\u00f3 que el Senador sonorense no ha tenido ni una cr\u00edtica al gobierno de MORENA.<\/p>\n\n\n\n<p>\u201cEntonces, aqu\u00ed en su tierra y donde est\u00e9 nosotros no nos podemos quedar callados, tenemos que actuar con responsabilidad y con compromiso y con mucho car\u00e1cter. Donde est\u00e1n, son los senadores. Cuando levantan la voz. Levantan la voz para criticar al Presidente del PRI, dime una declaraci\u00f3n en contra de L\u00f3pez Obrador, en contra del Gobierno. Entonces hay que tener congruencia y hay que tener car\u00e1cter, (adem\u00e1n-se\u00f1al con la mano), y si le faltan yo le presto..\u201d, dijo el l\u00edder priista.<\/p>\n\n\n\n<p>El dirigente del PRI, dijo que ese tipo de pol\u00edticos no hacen falta en el partido a quien le han hecho mucho da\u00f1o, menos los que son se\u00f1alados por actos irregulares en el pasado, como el caso de Manlio Fabio Beltrones.<\/p>\n\n\n\n<p>\u201cHay que decirlo. Son una bola de c\u00ednicos, el partido les dio todo. El partido fue multado por 150 millones de pesos por la operaci\u00f3n zafiro que hizo Manlio Fabio Beltrones. Yo no tengo el tema de Andorra se\u00f1alado por tener 10.5 millones de d\u00f3lares, ese es Manlio Fabio Beltrines. Yo no estoy acusado de tener v\u00ednculos con el crimen organizado. Yo no tengo v\u00ednculos de estar ligado al asesinato de Luis Donaldo, tampoco. Es \u00e9l, no yo\u201d, expres\u00f3 en conferencia de prensa.<\/p>\n\n\n\n<p>Alejandro Moreno estar\u00e1 en Sonora hasta el domingo 23 de marzo, fecha que se celebra el aniversario luctuoso n\u00famero 31 del asesinato de Luis Donaldo Colosio Murrieta y encabezar\u00e1 una reuni\u00f3n de car\u00e1cter regional con la presencia de 9 dirigencias estatales en Sonora.<\/p>\n\n\n\n<p><a href=\"https:\/\/dossierpolitico.com\/2025\/03\/22\/si-le-faltan-huevos-yo-le-presto-alito-a-manlio\/\">https:\/\/dossierpolitico.com\/2025\/03\/22\/si-le-faltan-huevos-yo-le-presto-alito-a-manlio\/<\/a><\/p>\n\n\n\n<p><\/p>\n","protected":false},"excerpt":{"rendered":"<p>El dirigente nacional del PRI se encuentra de gira por Sonora y asegur\u00f3 que esa es una de sus metas en la que se trabaja Tomamdo de El Sol de Hermosillo Gil Reyes S\u00e1bado 22 de marzo de 2025 Tener un partido fortalecido sin la presencia de personajes que arrastren se\u00f1alamientos de corrupci\u00f3n o de [&hellip;]<\/p>\n","protected":false},"author":1,"featured_media":26188,"comment_status":"open","ping_status":"open","sticky":false,"template":"","format":"standard","meta":{"content-type":"","footnotes":""},"categories":[3,115,105,9],"tags":[],"class_list":{"0":"post-26183","1":"post","2":"type-post","3":"status-publish","4":"format-standard","5":"has-post-thumbnail","7":"category-mexico","8":"category-politica","9":"category-principal","10":"category-sonora"},"_links":{"self":[{"href":"https:\/\/www.regioncuatronoticias.com\/index.php\/wp-json\/wp\/v2\/posts\/26183","targetHints":{"allow":["GET"]}}],"collection":[{"href":"https:\/\/www.regioncuatronoticias.com\/index.php\/wp-json\/wp\/v2\/posts"}],"about":[{"href":"https:\/\/www.regioncuatronoticias.com\/index.php\/wp-json\/wp\/v2\/types\/post"}],"author":[{"embeddable":true,"href":"https:\/\/www.regioncuatronoticias.com\/index.php\/wp-json\/wp\/v2\/users\/1"}],"replies":[{"embeddable":true,"href":"https:\/\/www.regioncuatronoticias.com\/index.php\/wp-json\/wp\/v2\/comments?post=26183"}],"version-history":[{"count":3,"href":"https:\/\/www.regioncuatronoticias.com\/index.php\/wp-json\/wp\/v2\/posts\/26183\/revisions"}],"predecessor-version":[{"id":26204,"href":"https:\/\/www.regioncuatronoticias.com\/index.php\/wp-json\/wp\/v2\/posts\/26183\/revisions\/26204"}],"wp:featuredmedia":[{"embeddable":true,"href":"https:\/\/www.regioncuatronoticias.com\/index.php\/wp-json\/wp\/v2\/media\/26188"}],"wp:attachment":[{"href":"https:\/\/www.regioncuatronoticias.com\/index.php\/wp-json\/wp\/v2\/media?parent=26183"}],"wp:term":[{"taxonomy":"category","embeddable":true,"href":"https:\/\/www.regioncuatronoticias.com\/index.php\/wp-json\/wp\/v2\/categories?post=26183"},{"taxonomy":"post_tag","embeddable":true,"href":"https:\/\/www.regioncuatronoticias.com\/index.php\/wp-json\/wp\/v2\/tags?post=26183"}],"curies":[{"name":"wp","href":"https:\/\/api.w.org\/{rel}","templated":true}]}}