{"id":26173,"date":"2025-03-22T23:16:12","date_gmt":"2025-03-23T06:16:12","guid":{"rendered":"https:\/\/www.regioncuatronoticias.com\/?p=26173"},"modified":"2025-03-22T23:16:19","modified_gmt":"2025-03-23T06:16:19","slug":"sonora-enfrenta-la-peor-sequia-de-su-historia","status":"publish","type":"post","link":"https:\/\/www.regioncuatronoticias.com\/index.php\/2025\/03\/22\/sonora-enfrenta-la-peor-sequia-de-su-historia\/","title":{"rendered":"Sonora enfrenta la peor sequ\u00eda de su historia"},"content":{"rendered":"\n<p><strong>La situaci\u00f3n ha desembocado en que las presas se acercan a su m\u00ednimo hist\u00f3rico y con recortes sin precedentes en la tierra destinada para cosechas, mientras que las estrategias de los tres niveles de gobierno para atender la crisis enfrentan duras cr\u00edticas.<\/strong><\/p>\n\n\n\n<p>Tomado de Proceso<\/p>\n\n\n\n<p>Alberto Duarte<\/p>\n\n\n\n<p>S\u00e1bado 22 de marzo de 2025<\/p>\n\n\n\n<p>HERMOSILLO, Son. (apro) .- Los 72 municipios de conforman el estado de Sonora se encuentran en una situaci\u00f3n de sequ\u00eda extrema o peor, lo que constituye la peor escasez para la entidad desde que se tienen registros, seg\u00fan inform\u00f3 el Sistema Meteorol\u00f3gico Nacional (SMN) una semana antes de la celebraci\u00f3n del D\u00eda Mundial del Agua.&nbsp;<\/p>\n\n\n\n<p>La situaci\u00f3n ha desembocado en que las presas se acercan a su m\u00ednimo hist\u00f3rico y con recortes sin precedentes en la tierra destinada para cosechas, mientras que las estrategias de los tres niveles de gobierno para atender la crisis enfrentan duras cr\u00edticas por parte de ambientalistas, acad\u00e9micos y habitantes de regiones que ya observan consecuencias. Noticias Relacionadas<\/p>\n\n\n\n<p>Los datos del SMN, recogidos y expresados a trav\u00e9s del Monitor de Sequ\u00eda en M\u00e9xico (MSM), se\u00f1alan que, para el 15 de marzo pasado, 61 municipios de Sonora, grupo donde se encuentra la capital, se encontraron en una situaci\u00f3n de sequ\u00eda \u201cextrema\u201d. Esto implica restricciones generalizadas en el uso del agua.<\/p>\n\n\n\n<p>En los 11 municipios restantes, que incluye a Navojoa, Cajeme y Guaymas, tres de las ciudades m\u00e1s pobladas de la entidad, las proyecciones son todav\u00eda menos optimistas: se traducen, en t\u00e9rminos del MSM, en \u201cp\u00e9rdidas excepcionales y generalizadas de cultivos o pastos, riesgo excepcional de incendios, escasez total de agua en embalses, arroyos y pozos\u201d, lo que deriva en una probable \u201csituaci\u00f3n de emergencia debido a la ausencia de agua\u201d.<\/p>\n\n\n\n<p><strong>Las presas y el uso de agua<\/strong><\/p>\n\n\n\n<p>El monitoreo de las presas con las que cuenta la entidad reafirma la crisis: son nueve presas que se encuentran al 13.46% de su capacidad, esto es 0.5 puntos por debajo del a\u00f1o pasado y que se compara con los niveles de almacenamiento registrados durante la sequ\u00eda de 2004.<\/p>\n\n\n\n<p>La situaci\u00f3n actual de las presas se pone de relieve al considerar que el 21 de marzo de 2023 el nivel de almacenamiento era de 47.6%.<\/p>\n\n\n\n<p>Este panorama ha limitado de manera importante la producci\u00f3n agr\u00edcola en una de las regiones que se caracteriza, en primer lugar, por ser la segunda que m\u00e1s agua destina a la agricultura y, en segundo lugar, por ser una de las que menos l\u00edquido destinan al uso dom\u00e9stico.<\/p>\n\n\n\n<p>Conagua inform\u00f3, en concreto, que para 2020 Sonora destin\u00f3 0.4 hect\u00f3metros c\u00fabicos al uso en el hogar y 768 para uso p\u00fablico\u2013urbano; una unidad de medida que se traduce en que cada hect\u00f3metro equivale a mil millones de litros.&nbsp;<\/p>\n\n\n\n<p>Se trata de cantidades cobran dimensi\u00f3n si se emparejan con los 5 mil 346 hect\u00f3metros c\u00fabicos autorizados para uso agr\u00edcola. Seg\u00fan los datos oficiales, Sonora tambi\u00e9n se caracteriza por dedicar la mayor cantidad de agua al uso pecuario en todo M\u00e9xico, aunque el volumen se mantuvo por debajo de los 30 hect\u00f3metros.<\/p>\n\n\n\n<p><strong>El trigo<\/strong><\/p>\n\n\n\n<p>Al sur de Sonora se encuentra el Valle del Yaqui, una regi\u00f3n destacada por su gran volumen de producci\u00f3n de trigo y que aporta, hist\u00f3ricamente, cerca del 50% del trigo de todo el pa\u00eds. All\u00ed, la sequ\u00eda impuso restricciones que se expresan en una reducci\u00f3n del 79% de las tierras dedicadas a dicho cultivo.<\/p>\n\n\n\n<p>Seg\u00fan los datos de la Secretar\u00eda de Agricultura y Desarrollo Rural se sembraron en Sonora 51 mil 499.94 hect\u00e1reas de trigo para el ciclo agr\u00edcola 2025, mientras que un a\u00f1o atr\u00e1s los productores reportaron la siembra de 248 mil 122.34 unidades de tierra.<\/p>\n\n\n\n<p>A nivel nacional, el impacto se refleja en que la superficie dedicada al trigo cay\u00f3 50% a pesar de que gran parte del pa\u00eds dej\u00f3 atr\u00e1s la condici\u00f3n de sequ\u00eda que presentaba en 2024.<\/p>\n\n\n\n<p>El delegado de la Sader en Sonora inform\u00f3 este viernes que una de las alternativas es encontrar modos de reducir la cantidad de agua que se destina a este cultivo, al pasar de 7 a 3 riegos. A la par, se opta por la reconversi\u00f3n de cultivos: es decir, cambiar de productos agr\u00edcolas a otros que utilicen menos agua. En ese sentido, el funcionario afirm\u00f3 que se contempla trabajar con canola, soya, ajonjol\u00ed y girasol, entre otros.<\/p>\n\n\n\n<p><strong>Las presas y las fugas<\/strong><\/p>\n\n\n\n<p>Ante la situaci\u00f3n, el gobernador del estado, Alfonso Durazo Monta\u00f1o, present\u00f3 el 7 de febrero el Plan H\u00eddrico Sonora: Agua para todos. El proyecto contempla la construcci\u00f3n de tres presas, y sus acueductos, en el cauce del R\u00edo Sonora a partir de una inversi\u00f3n de 7 mil 488 millones de pesos.<\/p>\n\n\n\n<p>La medida ha sido cuestionada desde distintos frentes por el argumento de que \u201clas presas no generan agua\u201d, cosa que escal\u00f3 al grado de que un par de d\u00edas antes del anuncio un colectivo de acad\u00e9micos, ambientalistas y pobladores del R\u00edo Sonora y sus alrededores fueron recibidos por el mandatario luego de una protesta.&nbsp;<\/p>\n\n\n\n<p>En la reuni\u00f3n, comentaron a Proceso integrantes de dicha movilizaci\u00f3n, el gobernador asegur\u00f3 que el proyecto de las presas se trabajaba como una posibilidad, pero que no contaba todav\u00eda con la aprobaci\u00f3n final para llevarse a cabo. Tambi\u00e9n se comprometi\u00f3 a viajar al territorio donde se plantea la construcci\u00f3n para escuchar los argumentos de la poblaci\u00f3n.<\/p>\n\n\n\n<p>La visita del ejecutivo no sucedi\u00f3, de modo que el 13 de febrero realizaron una protesta a las afueras del Congreso de Sonora y fueron recibidos en una sala del recinto por Omar del Valle Colosio, presidente del \u00f3rgano legislativo local, junto a otros diputados que integran comisiones relevantes al tema.<\/p>\n\n\n\n<p>\u201cSustentados en m\u00faltiples estudios acad\u00e9micos y la experiencia propia de las comunidades afectadas por proyectos similares en el pasado, exponemos ante ustedes que la construcci\u00f3n de presas no s\u00f3lo no disminuir\u00e1 los efectos de la sequ\u00eda, ni garantizar\u00e1 el abastecimiento de agua para la ciudad de Hermosillo, sino que tambi\u00e9n tendr\u00e1 consecuencias negativas, acumulativas e irreversibles para toda la cuenca, afectando sus ecosistemas, la biodiversidad, las actividades productivas, los medios de vida y por ende la salud y el bienestar de todas las personas que dependemos directamente de la cuenca del R\u00edo Sonora\u201d, indica la carta que el colectivo entreg\u00f3 al legislador.<\/p>\n\n\n\n<p>Durante el di\u00e1logo, Del Valle Colosio se comprometi\u00f3 a recorrer el territorio en cuesti\u00f3n, tal como lo hizo el gobernador morenista d\u00edas atr\u00e1s, pero el resultado fue el mismo: tampoco en este caso se realiz\u00f3 la visita.&nbsp;<\/p>\n\n\n\n<p>El 12 de marzo se anunci\u00f3, durante la conferencia de prensa matutina desde Palacio Nacional, que la licitaci\u00f3n comenzar\u00e1 en junio para iniciar la obra en julio a partir de una inversi\u00f3n inicial de 500 millones de pesos.<\/p>\n\n\n\n<p>Uno de los problemas que se relaciona con la falta de acceso al agua, m\u00e1s all\u00e1 de la sequ\u00eda, es la gesti\u00f3n que se realiza en cada municipio, cosa que en la capital se ha puesto de manifiesto a trav\u00e9s de un gran n\u00famero de fugas que se registran diariamente. Esta fue una de las conclusiones emanadas de la organizaci\u00f3n civil Hermosillo \u00bfC\u00f3mo Vamos? tras un estudio presentado el pasado 20 de marzo.<\/p>\n\n\n\n<p>\u201cPara un sistema como el de Hermosillo, donde solamente se factura el 43%, yo digo que cualquier soluci\u00f3n, y ah\u00ed ubico la desalaci\u00f3n, las presas y cualquier otra que pretenda incrementar vol\u00famenes a trav\u00e9s de obras, finamente se va a topar con el problema de que mientras no atiendan la calidad del servicio en t\u00e9rminos de las fugas en la red de distribuci\u00f3n, mientras no se cumpla con la responsabilidad de medir el agua a toda la gente y que el usuario cumpla pagando e instalando su medidor, cualquier soluci\u00f3n va a terminar posponiendo el problema y ser\u00e1 gastar 7 mil 500 millones de pesos para que el agua se siga fugando en la red. La ciudad tiene problemas porque lo est\u00e1 fugando\u201d, afirmo Juan S\u00e1nchez Meza, especialista en el tema y coordinador de la Mesa del Agua de la organizaci\u00f3n.<\/p>\n\n\n\n<p><a href=\"https:\/\/www.proceso.com.mx\/nacional\/estados\/2025\/3\/22\/sonora-enfrenta-la-peor-sequia-de-su-historia-347893.html\">https:\/\/www.proceso.com.mx\/nacional\/estados\/2025\/3\/22\/sonora-enfrenta-la-peor-sequia-de-su-historia-347893.html<\/a><\/p>\n","protected":false},"excerpt":{"rendered":"<p>La situaci\u00f3n ha desembocado en que las presas se acercan a su m\u00ednimo hist\u00f3rico y con recortes sin precedentes en la tierra destinada para cosechas, mientras que las estrategias de los tres niveles de gobierno para atender la crisis enfrentan duras cr\u00edticas. Tomado de Proceso Alberto Duarte S\u00e1bado 22 de marzo de 2025 HERMOSILLO, Son. [&hellip;]<\/p>\n","protected":false},"author":1,"featured_media":26174,"comment_status":"open","ping_status":"open","sticky":false,"template":"","format":"standard","meta":{"content-type":"","footnotes":""},"categories":[117,105,9],"tags":[],"class_list":{"0":"post-26173","1":"post","2":"type-post","3":"status-publish","4":"format-standard","5":"has-post-thumbnail","7":"category-general","8":"category-principal","9":"category-sonora"},"_links":{"self":[{"href":"https:\/\/www.regioncuatronoticias.com\/index.php\/wp-json\/wp\/v2\/posts\/26173","targetHints":{"allow":["GET"]}}],"collection":[{"href":"https:\/\/www.regioncuatronoticias.com\/index.php\/wp-json\/wp\/v2\/posts"}],"about":[{"href":"https:\/\/www.regioncuatronoticias.com\/index.php\/wp-json\/wp\/v2\/types\/post"}],"author":[{"embeddable":true,"href":"https:\/\/www.regioncuatronoticias.com\/index.php\/wp-json\/wp\/v2\/users\/1"}],"replies":[{"embeddable":true,"href":"https:\/\/www.regioncuatronoticias.com\/index.php\/wp-json\/wp\/v2\/comments?post=26173"}],"version-history":[{"count":1,"href":"https:\/\/www.regioncuatronoticias.com\/index.php\/wp-json\/wp\/v2\/posts\/26173\/revisions"}],"predecessor-version":[{"id":26175,"href":"https:\/\/www.regioncuatronoticias.com\/index.php\/wp-json\/wp\/v2\/posts\/26173\/revisions\/26175"}],"wp:featuredmedia":[{"embeddable":true,"href":"https:\/\/www.regioncuatronoticias.com\/index.php\/wp-json\/wp\/v2\/media\/26174"}],"wp:attachment":[{"href":"https:\/\/www.regioncuatronoticias.com\/index.php\/wp-json\/wp\/v2\/media?parent=26173"}],"wp:term":[{"taxonomy":"category","embeddable":true,"href":"https:\/\/www.regioncuatronoticias.com\/index.php\/wp-json\/wp\/v2\/categories?post=26173"},{"taxonomy":"post_tag","embeddable":true,"href":"https:\/\/www.regioncuatronoticias.com\/index.php\/wp-json\/wp\/v2\/tags?post=26173"}],"curies":[{"name":"wp","href":"https:\/\/api.w.org\/{rel}","templated":true}]}}