{"id":26167,"date":"2025-03-22T23:02:32","date_gmt":"2025-03-23T06:02:32","guid":{"rendered":"https:\/\/www.regioncuatronoticias.com\/?p=26167"},"modified":"2025-03-22T23:02:42","modified_gmt":"2025-03-23T06:02:42","slug":"cfe-instalara-paneles-solares-para-reducir-costos-de-energia-en-temporadas-de-calor-sheinbaum-informa-donde-iniciara","status":"publish","type":"post","link":"https:\/\/www.regioncuatronoticias.com\/index.php\/2025\/03\/22\/cfe-instalara-paneles-solares-para-reducir-costos-de-energia-en-temporadas-de-calor-sheinbaum-informa-donde-iniciara\/","title":{"rendered":"CFE instalar\u00e1 paneles solares para reducir costos de energ\u00eda en temporadas de calor; Sheinbaum informa d\u00f3nde iniciar\u00e1"},"content":{"rendered":"\n<p><strong>Para poder acceder al programa se necesitan ciertos requisitos<\/strong><\/p>\n\n\n\n<p>Tomado de Infobae<\/p>\n\n\n\n<p>Redacci\u00f3n<\/p>\n\n\n\n<p>Viernes 21 de marzo de 2025<\/p>\n\n\n\n<p>Con la intenci\u00f3n de reducir el impacto del incremento del consumo el\u00e9ctrico durante la temporada de calor, la Comisi\u00f3n Federal de Electricidad (CFE) anunci\u00f3 un programa de instalaci\u00f3n de paneles solares en diversas regiones de M\u00e9xico.<\/p>\n\n\n\n<p>Dicha iniciativa busca optimizar el uso de energ\u00eda en los hogares y mitigar el gasto en electricidad, especialmente en zonas con altas temperaturas, en donde los aparatos de refrigeraci\u00f3n aumentan significativamente su demanda.<\/p>\n\n\n\n<p>El esquema se centrar\u00e1 en viviendas con tarifas elevadas y se realizar\u00e1 de manera gradual, priorizando aquellas localidades con mayor necesidad, de acuerdo con autoridades.<\/p>\n\n\n\n<p>Claudia Sheinbaum Pardo, durante la conferencia de prensa matutina, dijo que dicho programa comenzar\u00e1 en Mexicali, Baja California, una de las ciudades con temperaturas m\u00e1s extremas del pa\u00eds.<\/p>\n\n\n\n<p>La Secretar\u00eda de Energ\u00eda (Sener) y la CFE coordiar\u00e1n esfuerzos para la implementaci\u00f3n del proyecto, que busca beneficiar hogares de consumo medio y bajo con la finalidad de disminuir sus costos energ\u00e9ticos mediante fuentes renovables.<\/p>\n\n\n\n<p>La instalaci\u00f3n de dichos paneles solares de la CFE tambi\u00e9n forma parte de una estrategia m\u00e1s amplia para fortalecer la infraestructura el\u00e9ctrica y evitar interrupciones en el suministro, como apagones registrados en otras partes del mundo con climas semejantes.<\/p>\n\n\n\n<p>El subsidio de aproximadamente 100 mil millones de pesos, que se mantendr\u00e1 durante esta etapa, tambi\u00e9n est\u00e1 orientado a aliviar el impacto econ\u00f3mico del alto consumo el\u00e9ctrico en los meses de mayor demanda.<\/p>\n\n\n\n<p>Autoridades han dado a conocer que la combinaci\u00f3n de subsidios y el uso de energ\u00eda solar contribuir\u00e1 a reducir la presi\u00f3n sobre la red el\u00e9ctrica en M\u00e9xico, promoviendo, al mismo tiempo, una transici\u00f3n hacia el uso de energ\u00edas limpias.<\/p>\n\n\n\n<p><strong>Cu\u00e1les son los requisitos para obtener un panel solar de la CFE<\/strong><\/p>\n\n\n\n<p>Las personas que deseen acceder a los paneles solares de la CFE, deber\u00e1n cumplir con ciertos requisitos. Uno de ellos es residir en las zonas previamente definidas y contar con un consumo el\u00e9ctrico que justifique la instalaci\u00f3n del sistema.<\/p>\n\n\n\n<p>El esquema est\u00e1 dise\u00f1ado para que los ciudadanos puedan aprovechar la generaci\u00f3n fotovoltaica con la finalidad de disminuir su tarifa, fomentar el ahorro energ\u00e9tico y contribuir a la sostenibilidad del suministro el\u00e9ctrico en M\u00e9xico.<\/p>\n\n\n\n<p><strong>Los paneles solares disminuir\u00e1n costos<\/strong><\/p>\n\n\n\n<p>El plan de instalaci\u00f3n de paneles solares de la CFE tambi\u00e9n contempla la renovaci\u00f3n de equipos de alto consumo, como aires acondicionados antiguos, con el fin de optimizar el uso de energ\u00eda en los hogares.<\/p>\n\n\n\n<p>La medida permitir\u00e1 que los usuarios reduzcan sus gastos, y al mismo tiempo, mejoren la eficiencia de sus sistemas de refrigeraci\u00f3n.<\/p>\n\n\n\n<p><a href=\"https:\/\/www.infobae.com\/mexico\/2025\/03\/21\/cfe-instalara-paneles-solares-para-reducir-costos-de-energia-en-temporadas-de-calor-sheinbaum-informa-donde-iniciara\">https:\/\/www.infobae.com\/mexico\/2025\/03\/21\/cfe-instalara-paneles-solares-para-reducir-costos-de-energia-en-temporadas-de-calor-sheinbaum-informa-donde-iniciara<\/a><\/p>\n","protected":false},"excerpt":{"rendered":"<p>Para poder acceder al programa se necesitan ciertos requisitos Tomado de Infobae Redacci\u00f3n Viernes 21 de marzo de 2025 Con la intenci\u00f3n de reducir el impacto del incremento del consumo el\u00e9ctrico durante la temporada de calor, la Comisi\u00f3n Federal de Electricidad (CFE) anunci\u00f3 un programa de instalaci\u00f3n de paneles solares en diversas regiones de M\u00e9xico. [&hellip;]<\/p>\n","protected":false},"author":1,"featured_media":26168,"comment_status":"open","ping_status":"open","sticky":false,"template":"","format":"standard","meta":{"content-type":"","footnotes":""},"categories":[114,3],"tags":[],"class_list":{"0":"post-26167","1":"post","2":"type-post","3":"status-publish","4":"format-standard","5":"has-post-thumbnail","7":"category-economia","8":"category-mexico"},"_links":{"self":[{"href":"https:\/\/www.regioncuatronoticias.com\/index.php\/wp-json\/wp\/v2\/posts\/26167","targetHints":{"allow":["GET"]}}],"collection":[{"href":"https:\/\/www.regioncuatronoticias.com\/index.php\/wp-json\/wp\/v2\/posts"}],"about":[{"href":"https:\/\/www.regioncuatronoticias.com\/index.php\/wp-json\/wp\/v2\/types\/post"}],"author":[{"embeddable":true,"href":"https:\/\/www.regioncuatronoticias.com\/index.php\/wp-json\/wp\/v2\/users\/1"}],"replies":[{"embeddable":true,"href":"https:\/\/www.regioncuatronoticias.com\/index.php\/wp-json\/wp\/v2\/comments?post=26167"}],"version-history":[{"count":1,"href":"https:\/\/www.regioncuatronoticias.com\/index.php\/wp-json\/wp\/v2\/posts\/26167\/revisions"}],"predecessor-version":[{"id":26169,"href":"https:\/\/www.regioncuatronoticias.com\/index.php\/wp-json\/wp\/v2\/posts\/26167\/revisions\/26169"}],"wp:featuredmedia":[{"embeddable":true,"href":"https:\/\/www.regioncuatronoticias.com\/index.php\/wp-json\/wp\/v2\/media\/26168"}],"wp:attachment":[{"href":"https:\/\/www.regioncuatronoticias.com\/index.php\/wp-json\/wp\/v2\/media?parent=26167"}],"wp:term":[{"taxonomy":"category","embeddable":true,"href":"https:\/\/www.regioncuatronoticias.com\/index.php\/wp-json\/wp\/v2\/categories?post=26167"},{"taxonomy":"post_tag","embeddable":true,"href":"https:\/\/www.regioncuatronoticias.com\/index.php\/wp-json\/wp\/v2\/tags?post=26167"}],"curies":[{"name":"wp","href":"https:\/\/api.w.org\/{rel}","templated":true}]}}