{"id":26163,"date":"2025-03-22T22:56:11","date_gmt":"2025-03-23T05:56:11","guid":{"rendered":"https:\/\/www.regioncuatronoticias.com\/?p=26163"},"modified":"2025-03-22T22:59:37","modified_gmt":"2025-03-23T05:59:37","slug":"entrega-de-29-narcotraficantes-fue-negociada-entre-mexico-y-eeuu-durante-la-era-biden-new-york-times","status":"publish","type":"post","link":"https:\/\/www.regioncuatronoticias.com\/index.php\/2025\/03\/22\/entrega-de-29-narcotraficantes-fue-negociada-entre-mexico-y-eeuu-durante-la-era-biden-new-york-times\/","title":{"rendered":"Entrega de 29 narcotraficantes fue negociada entre M\u00e9xico y EEUU durante la era Biden: New York Times"},"content":{"rendered":"\n<p><strong>Rafael Caro Quintero y al menos otras cuatro figuras de c\u00e1rteles mexicanos podr\u00edan enfrentar la pena de muerte, pues fueron \u201ctrasladados\u201d y no extraditados<\/strong><\/p>\n\n\n\n<p>Tomado de Infobae<\/p>\n\n\n\n<p>Rubi MartinezySantul Nerkar<\/p>\n\n\n\n<p>Viernes 21 de marzo de 2025<\/p>\n\n\n\n<p>Los acusados extranjeros enviados a Estados Unidos casi nunca enfrentan la pena capital, por graves que sean las acusaciones que pesan contra ellos. Pero cuando un c\u00e9lebre l\u00edder del narcotr\u00e1fico lleg\u00f3 de M\u00e9xico al tribunal federal de Brooklyn el mes pasado, acusado, entre otras cosas, de asesinar a un agente federal estadounidense, los fiscales del Distrito Este de Nueva York dijeron que podr\u00eda ser condenado a muerte.<\/p>\n\n\n\n<p>Los fiscales a\u00fan tendr\u00edan que solicitar formalmente la pena capital para el narcotraficante, Rafael Caro Quintero, antes de un juicio para el que podr\u00edan faltar meses o a\u00f1os. Pero sea lo que sea lo que ocurra, el episodio representa un cambio radical para ambos pa\u00edses, y refleja c\u00f3mo est\u00e1 respondiendo M\u00e9xico a la agresiva pol\u00edtica exterior del presidente Donald Trump en el continente y m\u00e1s all\u00e1.<\/p>\n\n\n\n<p>El caso destaca porque hist\u00f3ricamente M\u00e9xico hab\u00eda enviado a delincuentes a Estados Unidos solo con la condici\u00f3n de que no fueran ejecutados, una disposici\u00f3n de su acuerdo de extradici\u00f3n con Washington.<\/p>\n\n\n\n<p>Sin embargo, en lugar de pasar por el engorroso procedimiento de extradici\u00f3n, M\u00e9xico simplemente envi\u00f3 a Caro Quintero y a otras 28 figuras del narcotr\u00e1fico,como permite una ley de seguridad nacional. La medida da al gobierno mexicano flexibilidad para acelerar los traslados y significa que Caro Quintero y al menos otros cuatro presos enviados a Estados Unidos el mes pasado podr\u00edan enfrentarse tambi\u00e9n a la pena de muerte.<\/p>\n\n\n\n<p>Para M\u00e9xico, la decisi\u00f3n supone una ruptura con la antigua pol\u00edtica del pa\u00eds de proteger a sus ciudadanos de la pena capital. Para Estados Unidos, hace posible la visi\u00f3n punitiva de la justicia de Trump, de la que la pena de muerte es una herramienta esencial.<\/p>\n\n\n\n<p><strong>Un acuerdo<\/strong><\/p>\n\n\n\n<p>M\u00e9xico ha luchado encarnizadamente durante d\u00e9cadas para impedir que el gobierno estadounidense ejecute a sus ciudadanos. El tratado de extradici\u00f3n, cuya forma est\u00e1 en vigor desde la d\u00e9cada de 1970, estipula que el pa\u00eds que solicite a un acusado no puede imponer la pena de muerte si esta no existe en el pa\u00eds de origen del acusado. M\u00e9xico no aplica la pena capital desde la d\u00e9cada de 1960, aunque no se aboli\u00f3 oficialmente hasta 2005.<\/p>\n\n\n\n<p>Los distintos puntos de vista de ambos pa\u00edses han tensado las relaciones. En 2002, el entonces presidente de M\u00e9xico, Vicente Fox, cancel\u00f3 un viaje para visitar al presidente George Bush en protesta por la inminente ejecuci\u00f3n de un ciudadano mexicano. En 2003, M\u00e9xico recurri\u00f3 al m\u00e1s alto tribunal de las Naciones Unidas por las condenas a muerte que el gobierno estadounidense hab\u00eda impuesto a 51 ciudadanos mexicanos.<\/p>\n\n\n\n<p>En 2017, M\u00e9xico accedi\u00f3 a extraditar al narcotraficante Joaqu\u00edn Guzm\u00e1n Loera, \u2018El Chapo\u2019, con la condici\u00f3n de que los fiscales del Distrito Este no solicitaran la pena de muerte. Fue condenado a cadena perpetua en 2019.<\/p>\n\n\n\n<p>Emily Edmonds-Poli, profesora de ciencias pol\u00edticas y relaciones internacionales en la Universidad de San Diego, dijo que la decisi\u00f3n de la nueva presidenta de M\u00e9xico, Claudia Sheinbaum Pardo, de trasladar a los miembros de c\u00e1rteles conllevar\u00eda normalmente un riesgo pol\u00edtico. Pero Sheinbaum, quien goza de altos \u00edndices de aprobaci\u00f3n en medio de una oleada de nacionalismo, puede tener la libertad de actuar con audacia, dijo.<\/p>\n\n\n\n<p>\u201cEs un momento decisivo\u201d, dijo Edmonds-Poli. \u201cAbre una puerta que antes estaba firmemente cerrada\u201d.<\/p>\n\n\n\n<p>El predecesor de Sheinbaum, Andr\u00e9s Manuel L\u00f3pez Obrador, intent\u00f3 acabar con la violencia mediante una menor confrontaci\u00f3n con los c\u00e1rteles y abordando las causas profundas. Pero su estrategia, acu\u00f1ada como \u201cabrazos, no balazos\u201d, ha perdido popularidad en M\u00e9xico.<\/p>\n\n\n\n<p>En cambio, Sheinbaum ha adoptado hasta ahora un enfoque decididamente m\u00e1s agresivo en la lucha contra los c\u00e1rteles. Adem\u00e1s de aprobar los traslados, ha enviado m\u00e1s de 10 mil soldados a la frontera estadounidense y a Sinaloa, un centro de tr\u00e1fico de fentanilo donde su gobierno afirma haber realizado m\u00e1s de 900 detenciones desde octubre.<\/p>\n\n\n\n<p>No est\u00e1 claro c\u00f3mo responder\u00e1 el gobierno mexicano si los fiscales estadounidenses solicitan la pena de muerte contra los miembros de los c\u00e1rteles. Alejandro Gertz Manero, titular de la Fiscal\u00eda General de la Rep\u00fablica (FGR), declar\u00f3 a la prensa en M\u00e9xico que los jefes de los c\u00e1rteles no pueden ser ejecutados en Estados Unidos.<\/p>\n\n\n\n<p><strong>Claudia Sheinbaum y Joe Biden negociaron<\/strong><\/p>\n\n\n\n<p>Las negociaciones para enviar a los capos de la droga de M\u00e9xico mediante este proceso simplificado comenzaron durante el gobierno de Joe Biden, seg\u00fan dos personas familiarizadas con las conversaciones. La Casa Blanca de Biden reanud\u00f3 esas conversaciones con Sheinbaum cuando la presidenta asumi\u00f3 el cargo en octubre, y el acuerdo final del traslado fue negociado por el gobierno de Trump despu\u00e9s del d\u00eda de la toma de posesi\u00f3n.<\/p>\n\n\n\n<p>\u201cEs un cortocircuito de un importante procedimiento legal\u201d, dijo Austin Sarat, profesor del Amherst College, quien ha estudiado la pena de muerte durante d\u00e9cadas. \u201cLo que Trump est\u00e1 haciendo es reiniciar la conversaci\u00f3n en torno a la pena capital\u201d.<\/p>\n\n\n\n<p>Caro Quintero era una captura especialmente preciada para los fiscales estadounidenses. Fue condenado en M\u00e9xico por orquestar la tortura y asesinato en 1985 de Enrique \u2018Kiki\u2019 Camarena, agente encubierto de la Administraci\u00f3n de Control de Drogas (DEA, por sus siglas en ingl\u00e9s), que transform\u00f3 la agencia y las relaciones entre Estados Unidos y M\u00e9xico.<\/p>\n\n\n\n<p>Caro Quintero cumpli\u00f3 d\u00e9cadas en una prisi\u00f3n mexicana, pero fue liberado en 2013 en plena noche gracias a un vac\u00edo legal. Fue recapturado por las autoridades mexicanas en 2022. Michael Vitaliano, abogado de Caro Quintero, dijo en un comunicado que, en caso de que su cliente se enfrentara a la pena de muerte, su equipo jur\u00eddico estaba \u201cplenamente preparado para hacer frente a ese desaf\u00edo procesal y sustantivamente\u201d, desde \u201cel momento de su captura y expulsi\u00f3n de M\u00e9xico hasta el final del juicio\u201d.<\/p>\n\n\n\n<p>Podr\u00edan pasar meses antes de que los fiscales anuncien si solicitan la pena de muerte. Un portavoz del Distrito Este declin\u00f3 hacer comentarios.<\/p>\n\n\n\n<p><strong>Obst\u00e1culos<\/strong><\/p>\n\n\n\n<p>Los fiscales tendr\u00edan primero que superar obst\u00e1culos, como una intensa revisi\u00f3n dentro de la oficina del Distrito Este y de un comit\u00e9 del Departamento de Justicia que estudia los casos de pena capital. Durante este tiempo, los abogados defensores pueden presentar apelaciones a los fiscales y luego al comit\u00e9 de Washington.<\/p>\n\n\n\n<p>Los detractores de la pena de muerte llevan mucho tiempo se\u00f1alando las disparidades raciales en su aplicaci\u00f3n, junto con la cuesti\u00f3n moral m\u00e1s fundamental de si el Estado tiene derecho a quitar una vida.<\/p>\n\n\n\n<p>Los cr\u00edticos tambi\u00e9n han se\u00f1alado el elevado precio de la administraci\u00f3n de la pena de muerte, que puede ser decenas de miles de d\u00f3lares m\u00e1s cara que la cadena perpetua, as\u00ed como el hecho de que Estados Unidos ejecuta a muchas m\u00e1s personas que los pa\u00edses de su grupo. Entre los 38 pa\u00edses de la Organizaci\u00f3n para la Cooperaci\u00f3n y el Desarrollo Econ\u00f3mico, Estados Unidos y Jap\u00f3n son los dos \u00fanicos que aplican la pena de muerte.<\/p>\n\n\n\n<p>Ken Montgomery, abogado de Vicente Carrillo Fuentes, miembro del C\u00e1rtel de Ju\u00e1rez que podr\u00eda enfrentarse a la pena de muerte, dijo en una entrevista que Estados Unidos no deber\u00eda dedicarse a ejecutar personas. \u201cPara una sociedad civilizada, no creo que ejecutar a personas sea nunca algo civilizado\u201d, dijo.<\/p>\n\n\n\n<p>Poco m\u00e1s de la mitad de los estadounidenses apoyan la pena de muerte, seg\u00fan una encuesta de octubre de Gallup, frente al 80 por ciento de hace tres d\u00e9cadas. A escala nacional, en Estados Unidos, se ejecut\u00f3 a 25 personas en 2024, frente a 85 en 2000, seg\u00fan el Centro de Informaci\u00f3n sobre la Pena de Muerte. El presidente Joe Biden, quien en 2020 hizo campa\u00f1a por el fin de la pena capital, estableci\u00f3 una moratoria sobre las ejecuciones federales y conmut\u00f3 las penas de 37 de los 40 reclusos condenados a muerte antes de dejar el cargo.<\/p>\n\n\n\n<p>Por el contrario, Trump y sus aliados favorecen un enfoque m\u00e1s punitivo de la administraci\u00f3n de justicia, y el propio pol\u00edtico republicano alberga desde hace tiempo una afinidad por la pena de muerte. En 1989, public\u00f3 anuncios en la prensa pidiendo que el estado de Nueva York adoptara la pena de muerte tras el brutal ataque a una corredora en Central Park, por el que fueron condenados injustamente cinco adolescentes negros e hispanos. (Los anuncios no ped\u00edan directamente la ejecuci\u00f3n de los adolescentes).<\/p>\n\n\n\n<p>En enero, Trump firm\u00f3 una orden ejecutiva que ped\u00eda la pena de muerte en los casos de \u201casesinato de un agente del orden\u201d y de \u201cun delito capital cometido por un extranjero presente ilegalmente en este pa\u00eds\u201d.<\/p>\n\n\n\n<p>(REUTERS\/Carlos Barria)<\/p>\n\n\n\n<p>Este art\u00edculo apareci\u00f3 originalmente en The New York Times. Fue escrito por Santul Nerkar. Alan Feuer colabor\u00f3 con reporter\u00eda.<\/p>\n\n\n\n<p><a href=\"https:\/\/www.infobae.com\/america\/the-new-york-times\/2025\/03\/21\/entrega-de-29-narcotraficantes-fue-negociada-entre-mexico-y-eeuu-durante-la-era-biden-new-york-times\">https:\/\/www.infobae.com\/america\/the-new-york-times\/2025\/03\/21\/entrega-de-29-narcotraficantes-fue-negociada-entre-mexico-y-eeuu-durante-la-era-biden-new-york-times<\/a><\/p>\n","protected":false},"excerpt":{"rendered":"<p>Rafael Caro Quintero y al menos otras cuatro figuras de c\u00e1rteles mexicanos podr\u00edan enfrentar la pena de muerte, pues fueron \u201ctrasladados\u201d y no extraditados Tomado de Infobae Rubi MartinezySantul Nerkar Viernes 21 de marzo de 2025 Los acusados extranjeros enviados a Estados Unidos casi nunca enfrentan la pena capital, por graves que sean las acusaciones [&hellip;]<\/p>\n","protected":false},"author":1,"featured_media":26164,"comment_status":"open","ping_status":"open","sticky":false,"template":"","format":"standard","meta":{"content-type":"","footnotes":""},"categories":[7,3,105],"tags":[],"class_list":{"0":"post-26163","1":"post","2":"type-post","3":"status-publish","4":"format-standard","5":"has-post-thumbnail","7":"category-internacional","8":"category-mexico","9":"category-principal"},"_links":{"self":[{"href":"https:\/\/www.regioncuatronoticias.com\/index.php\/wp-json\/wp\/v2\/posts\/26163","targetHints":{"allow":["GET"]}}],"collection":[{"href":"https:\/\/www.regioncuatronoticias.com\/index.php\/wp-json\/wp\/v2\/posts"}],"about":[{"href":"https:\/\/www.regioncuatronoticias.com\/index.php\/wp-json\/wp\/v2\/types\/post"}],"author":[{"embeddable":true,"href":"https:\/\/www.regioncuatronoticias.com\/index.php\/wp-json\/wp\/v2\/users\/1"}],"replies":[{"embeddable":true,"href":"https:\/\/www.regioncuatronoticias.com\/index.php\/wp-json\/wp\/v2\/comments?post=26163"}],"version-history":[{"count":2,"href":"https:\/\/www.regioncuatronoticias.com\/index.php\/wp-json\/wp\/v2\/posts\/26163\/revisions"}],"predecessor-version":[{"id":26166,"href":"https:\/\/www.regioncuatronoticias.com\/index.php\/wp-json\/wp\/v2\/posts\/26163\/revisions\/26166"}],"wp:featuredmedia":[{"embeddable":true,"href":"https:\/\/www.regioncuatronoticias.com\/index.php\/wp-json\/wp\/v2\/media\/26164"}],"wp:attachment":[{"href":"https:\/\/www.regioncuatronoticias.com\/index.php\/wp-json\/wp\/v2\/media?parent=26163"}],"wp:term":[{"taxonomy":"category","embeddable":true,"href":"https:\/\/www.regioncuatronoticias.com\/index.php\/wp-json\/wp\/v2\/categories?post=26163"},{"taxonomy":"post_tag","embeddable":true,"href":"https:\/\/www.regioncuatronoticias.com\/index.php\/wp-json\/wp\/v2\/tags?post=26163"}],"curies":[{"name":"wp","href":"https:\/\/api.w.org\/{rel}","templated":true}]}}