{"id":26156,"date":"2025-03-21T23:52:50","date_gmt":"2025-03-22T06:52:50","guid":{"rendered":"https:\/\/www.regioncuatronoticias.com\/?p=26156"},"modified":"2025-03-21T23:52:53","modified_gmt":"2025-03-22T06:52:53","slug":"un-dia-despues-del-tour-a-medios-a-teuchitlan-cndh-pide-preservar-indicios-y-evidencias","status":"publish","type":"post","link":"https:\/\/www.regioncuatronoticias.com\/index.php\/2025\/03\/21\/un-dia-despues-del-tour-a-medios-a-teuchitlan-cndh-pide-preservar-indicios-y-evidencias\/","title":{"rendered":"Un d\u00eda despu\u00e9s del tour a medios a Teuchitl\u00e1n, CNDH pide \u201cpreservar indicios y evidencias\u201d"},"content":{"rendered":"\n<p><strong>Tras las cr\u00edticas de integrantes de colectivos de b\u00fasqueda de personas desaparecidas y de familiares de v\u00edctimas a la apertura indiscriminada del lugar, el organismo presidido por Rosario Piedra Ibarra se dirigi\u00f3 a las autoridades del estado de Jalisco \u201cinvolucradas en las investigaciones\u201d.<\/strong><\/p>\n\n\n\n<p>Tomado de Proceso<\/p>\n\n\n\n<p>Gloria Leticia D\u00edaz<\/p>\n\n\n\n<p>Viernes 21 de marzo de 2025<\/p>\n\n\n\n<p>CIUDAD DE M\u00c9XICO (apro).-Sin mencionar que fue el fiscal General de la Rep\u00fablica, Alejandro Gertz Manero, quien convoc\u00f3 a medios, madres buscadoras y organizaciones sociales a ingresar al rancho Izaguirre en Teuchitl\u00e1n, Jalisco, la Comisi\u00f3n Nacional de Derechos Humanos (CNDH) llam\u00f3 a las autoridades estatales a \u201cpreservar los indicios, datos de prueba, evidencias y todo aquel hallazgo que permita el esclarecimiento de los descubrimientos efectuados en el predio\u201d.<\/p>\n\n\n\n<p>Tras las cr\u00edticas de integrantes de colectivos de b\u00fasqueda de personas desaparecidas y de familiares de v\u00edctimas a la apertura indiscriminada del rancho Izaguirre, considerada por algunos como \u201ccirco, farsa y burla\u201d, el organismo presidido por Rosario Piedra Ibarra se dirigi\u00f3 a las autoridades del estado de Jalisco \u201cinvolucradas en las investigaciones\u201d, apegarse a los lineamientos de la Ley General en Materia de Desaparici\u00f3n Forzada de Personas, Desaparici\u00f3n cometida por Particulares y del Sistema Nacional de B\u00fasqueda, a&nbsp; fin de \u201cgarantizar la debida cadena e custodia que las autoridades est\u00e1n obligadas a cuidar, respetar y privilegiar\u201d.<\/p>\n\n\n\n<p>En un comunicado, el organismo expres\u00f3 su \u201cpreocupaci\u00f3n por le manejo de informaci\u00f3n alarmista y confusa, que en nada abona al esclarecimiento de los hechos y peor a\u00fan revictimiza a familiares de personas que eventualmente pudieron haber permanecido en el rancho\u201d<\/p>\n\n\n\n<p>La CNDH alert\u00f3 que, por sus visitadores y peritos, presentes en el predio desde el 19 de marzo para realizar algunas diligencias en coordinaci\u00f3n de la Fiscal\u00eda del Estado de Jalisco, advirti\u00f3 que el jueves 20 irrumpieron en el lugar integrantes de organizaciones civiles y de colectivos de madres buscadoras, \u201cun aproximado de 200 personas y 67 medios de comunicaci\u00f3n\u201d, que llegaron acompa\u00f1ados de personal de las fiscal\u00edas estatal y federal; de las comisiones locales de derechos humanos y ejecutiva de atenci\u00f3n a v\u00edctimas, as\u00ed como de elementos de la Secretar\u00eda de la Defensa Nacional que resguardaron el per\u00edmetro.<\/p>\n\n\n\n<p>De acuerdo al reporte, \u201clo visitadores presentes en el sitio atestiguaron c\u00f3mo se rompi\u00f3 el cerco de protecci\u00f3n y protocolos b\u00e1sicos de resguardo ministerial establecidos, a cargo de la Fiscal\u00eda General de Jalisco, comprometiendo la investigaci\u00f3n y la b\u00fasqueda misma\u201d.<\/p>\n\n\n\n<p>Para el organismo \u201cla participaci\u00f3n de las y los familiares debe llevarse a cabo de acuerdo con los protocolos establecidos, como el Protocolo Homologado de B\u00fasqueda que establece las medidas necesarias para la participaci\u00f3n de personas con leg\u00edtimo inter\u00e9s en las investigaciones, para evitar que se vea afectada la garant\u00eda de los derechos al acceso a la justicia, verdad y transparencia del proceso\u201d.<\/p>\n\n\n\n<p>Sin mencionar que las organizaciones de las sociedad civil y familiares de v\u00edctimas, acudieron al lugar luego de que el fiscal Alejandro Gertz anunci\u00f3 la apertura de las puertas del rancho Izaguirre, con el aval del fiscal local Salvador Gonz\u00e1lez, la CNDH llam\u00f3 a los activistas \u201cy principalmente a las autoridades responsables de la investigaci\u00f3n para privilegiar el derecho a la verdad y a la justicia, lo cual implica, a la vez, respetar las \u00e1reas de procesamiento para no poner en riesgo el resultado de las actividades ministeriales y de b\u00fasqueda, para que con ello puedan ofrecerse como prueba cuando se proponga la judicializaci\u00f3n de la carpeta de investigaci\u00f3n ante las autoridades respectivas y establecer mecanismos que faciliten el debi\u00f3 acceso a los familiares de las personas desaparecidas a las investigaciones ministeriales relacionadas con el tema\u201d.<\/p>\n\n\n\n<p>Para el organismo, \u201ces fundamental que se establezca la plena transparencia en la informaci\u00f3n p\u00fablica sobre el caso, y tambi\u00e9n mantener un registro que contenga tanto la identificaci\u00f3n de las personas que intervengan en la cadena de custodia como en la totalidad de los hallazgos encontrados\u201d.<\/p>\n\n\n\n<p>Al puntualizar que la presencia de su personal fue para aportar an\u00e1lisis t\u00e9cnicos y jur\u00eddicos a la investigaci\u00f3n que lleva a cabo el organismo, en el comunicado la CNDH consider\u00f3 que \u201clo importante es fomentar acciones coordinadas\u201d, para poder llevar a cabo \u201cel deslinde de responsabilidades, para evitar su repetici\u00f3n\u201d.<\/p>\n\n\n\n<p><a href=\"https:\/\/www.proceso.com.mx\/nacional\/2025\/3\/21\/un-dia-despues-del-tour-medios-teuchitlan-cndh-pide-preservar-indicios-evidencias-347875.html\">https:\/\/www.proceso.com.mx\/nacional\/2025\/3\/21\/un-dia-despues-del-tour-medios-teuchitlan-cndh-pide-preservar-indicios-evidencias-347875.html<\/a><\/p>\n","protected":false},"excerpt":{"rendered":"<p>Tras las cr\u00edticas de integrantes de colectivos de b\u00fasqueda de personas desaparecidas y de familiares de v\u00edctimas a la apertura indiscriminada del lugar, el organismo presidido por Rosario Piedra Ibarra se dirigi\u00f3 a las autoridades del estado de Jalisco \u201cinvolucradas en las investigaciones\u201d. Tomado de Proceso Gloria Leticia D\u00edaz Viernes 21 de marzo de 2025 [&hellip;]<\/p>\n","protected":false},"author":1,"featured_media":26157,"comment_status":"open","ping_status":"open","sticky":false,"template":"","format":"standard","meta":{"content-type":"","footnotes":""},"categories":[3,105],"tags":[],"class_list":{"0":"post-26156","1":"post","2":"type-post","3":"status-publish","4":"format-standard","5":"has-post-thumbnail","7":"category-mexico","8":"category-principal"},"_links":{"self":[{"href":"https:\/\/www.regioncuatronoticias.com\/index.php\/wp-json\/wp\/v2\/posts\/26156","targetHints":{"allow":["GET"]}}],"collection":[{"href":"https:\/\/www.regioncuatronoticias.com\/index.php\/wp-json\/wp\/v2\/posts"}],"about":[{"href":"https:\/\/www.regioncuatronoticias.com\/index.php\/wp-json\/wp\/v2\/types\/post"}],"author":[{"embeddable":true,"href":"https:\/\/www.regioncuatronoticias.com\/index.php\/wp-json\/wp\/v2\/users\/1"}],"replies":[{"embeddable":true,"href":"https:\/\/www.regioncuatronoticias.com\/index.php\/wp-json\/wp\/v2\/comments?post=26156"}],"version-history":[{"count":1,"href":"https:\/\/www.regioncuatronoticias.com\/index.php\/wp-json\/wp\/v2\/posts\/26156\/revisions"}],"predecessor-version":[{"id":26158,"href":"https:\/\/www.regioncuatronoticias.com\/index.php\/wp-json\/wp\/v2\/posts\/26156\/revisions\/26158"}],"wp:featuredmedia":[{"embeddable":true,"href":"https:\/\/www.regioncuatronoticias.com\/index.php\/wp-json\/wp\/v2\/media\/26157"}],"wp:attachment":[{"href":"https:\/\/www.regioncuatronoticias.com\/index.php\/wp-json\/wp\/v2\/media?parent=26156"}],"wp:term":[{"taxonomy":"category","embeddable":true,"href":"https:\/\/www.regioncuatronoticias.com\/index.php\/wp-json\/wp\/v2\/categories?post=26156"},{"taxonomy":"post_tag","embeddable":true,"href":"https:\/\/www.regioncuatronoticias.com\/index.php\/wp-json\/wp\/v2\/tags?post=26156"}],"curies":[{"name":"wp","href":"https:\/\/api.w.org\/{rel}","templated":true}]}}