{"id":26150,"date":"2025-03-21T23:42:29","date_gmt":"2025-03-22T06:42:29","guid":{"rendered":"https:\/\/www.regioncuatronoticias.com\/?p=26150"},"modified":"2025-03-21T23:42:31","modified_gmt":"2025-03-22T06:42:31","slug":"cada-quien-sacara-sus-conclusiones-aseguro-sheinbaum-tras-apertura-del-rancho-izaguirre","status":"publish","type":"post","link":"https:\/\/www.regioncuatronoticias.com\/index.php\/2025\/03\/21\/cada-quien-sacara-sus-conclusiones-aseguro-sheinbaum-tras-apertura-del-rancho-izaguirre\/","title":{"rendered":"&#8216;Cada quien sacara sus conclusiones&#8217;, asegur\u00f3 Sheinbaum tras apertura del Rancho Izaguirre"},"content":{"rendered":"\n<p><strong>La gobernante mexicana reaccion\u00f3 as\u00ed un d\u00eda despu\u00e9s de que la Fiscal\u00eda General de la Rep\u00fablica (FGR) abriera el predio donde se encontraron fosas clandestinas, hornos de cremaci\u00f3n y al menos 400 pares de zapatos.<\/strong><\/p>\n\n\n\n<p>Tomado de Aristegui Noticias<\/p>\n\n\n\n<p>Redacci\u00f3n AN \/ SH<\/p>\n\n\n\n<p>Viernes 21 de marzo de 2025<\/p>\n\n\n\n<p>&#8216;Cada quien sacara sus conclusiones&#8217;, asegur\u00f3 Sheinbaum tras apertura del Rancho Izaguirre<\/p>\n\n\n\n<p>La presidenta de M\u00e9xico, Claudia Sheinbaum, prometi\u00f3 este viernes que se investigar\u00e1 \u201ca fondo\u201d el caso del Rancho Izaguirre, presuntamente usado por narcotraficantes para desaparecer a personas en el municipio de Teuchitl\u00e1n, Jalisco), al tiempo que denunci\u00f3 una campa\u00f1a desde la oposici\u00f3n y los medios para desprestigiar a su Gobierno.<\/p>\n\n\n\n<p>\u201cTiene que hacerse la investigaci\u00f3n en Teuchitl\u00e1n, en Jalisco, a fondo. Y eso le toca ahora a la Fiscal\u00eda General con la informaci\u00f3n que le d\u00e9 la Fiscal\u00eda estatal\u201d, se\u00f1al\u00f3 la mandataria durante su conferencia de prensa matutina.<\/p>\n\n\n\n<p>La gobernante mexicana reaccion\u00f3 as\u00ed un d\u00eda despu\u00e9s de que la Fiscal\u00eda General de la Rep\u00fablica (FGR) abriera el predio, donde grupos de buscadores aseguraron la semana pasada tras haber encontrado fosas clandestinas, hornos de cremaci\u00f3n y al menos 400 pares de zapatos.<\/p>\n\n\n\n<p>\u201cMe pareci\u00f3 muy bien que el fiscal (Alejandro Gertz Manero) haya abierto el lugar, para que cada quien sacara sus conclusiones\u201d, asever\u00f3.<\/p>\n\n\n\n<p>Dijo que ahora decidi\u00f3 dividir la situaci\u00f3n en dos vertientes: los desaparecidos y lo que se hace como Gobierno para prevenir y evitar que ocurra este delito y sancionarlo; y el otro el n\u00famero de desaparecidos, para detallar en qu\u00e9 fecha ocurrieron, modificar las leyes y apoyar a los familiares.<\/p>\n\n\n\n<p>Record\u00f3 que actualmente la desaparici\u00f3n est\u00e1 vinculada principalmente a la delincuencia organizada.<\/p>\n\n\n\n<p>\u201cPorque (hubo) una \u00e9poca en M\u00e9xico en donde la desaparici\u00f3n forzada la hac\u00eda el Estado. El Gobierno desaparec\u00eda a personas que pol\u00edticamente estaban en contra del Gobierno. Eso es otra historia distinta a lo que ocurre ahora\u201d, zanj\u00f3.<\/p>\n\n\n\n<p>Acus\u00f3 que muchos medios hicieron crecer la historia \u201cdel campo de exterminio\u201d y, seg\u00fan ella, sin informaci\u00f3n comenzaron a difundir esa nota.<\/p>\n\n\n\n<p>\u201cHay muchos medios que, hay que reconocer, han comenzado a entender que estamos viviendo una nueva etapa, pero hay muchos otros, ya vamos a presentar en su momento. Y particularmente algunos personajes de esos medios o que tienen espacio en esos medios que sin informaci\u00f3n comienzan a difundir una nota\u201d, expres\u00f3.<\/p>\n\n\n\n<p>Finalmente, pidi\u00f3 que los periodistas que acudieron al rancho narren lo que vieron durante la visita al predio.<\/p>\n\n\n\n<p>El hallazgo del rancho por colectivos de familias buscadoras ha estremecido al pa\u00eds, que acumula m\u00e1s de 120.000 personas desaparecidas, seg\u00fan el Registro Nacional de Personas Desaparecidas y No Localizadas (RNPDNO), con datos desde la d\u00e9cada de 1960.<\/p>\n\n\n\n<p>EFE<\/p>\n\n\n\n<p><a href=\"https:\/\/aristeguinoticias.com\/210325\/mexico\/cada-quien-sacara-sus-conclusiones-aseguro-sheinbaum-tras-apertura-del-rancho-izaguirre\">https:\/\/aristeguinoticias.com\/210325\/mexico\/cada-quien-sacara-sus-conclusiones-aseguro-sheinbaum-tras-apertura-del-rancho-izaguirre<\/a><\/p>\n","protected":false},"excerpt":{"rendered":"<p>La gobernante mexicana reaccion\u00f3 as\u00ed un d\u00eda despu\u00e9s de que la Fiscal\u00eda General de la Rep\u00fablica (FGR) abriera el predio donde se encontraron fosas clandestinas, hornos de cremaci\u00f3n y al menos 400 pares de zapatos. Tomado de Aristegui Noticias Redacci\u00f3n AN \/ SH Viernes 21 de marzo de 2025 &#8216;Cada quien sacara sus conclusiones&#8217;, asegur\u00f3 [&hellip;]<\/p>\n","protected":false},"author":1,"featured_media":26151,"comment_status":"open","ping_status":"open","sticky":false,"template":"","format":"standard","meta":{"content-type":"","footnotes":""},"categories":[3,105,113],"tags":[],"class_list":{"0":"post-26150","1":"post","2":"type-post","3":"status-publish","4":"format-standard","5":"has-post-thumbnail","7":"category-mexico","8":"category-principal","9":"category-seguridad"},"_links":{"self":[{"href":"https:\/\/www.regioncuatronoticias.com\/index.php\/wp-json\/wp\/v2\/posts\/26150","targetHints":{"allow":["GET"]}}],"collection":[{"href":"https:\/\/www.regioncuatronoticias.com\/index.php\/wp-json\/wp\/v2\/posts"}],"about":[{"href":"https:\/\/www.regioncuatronoticias.com\/index.php\/wp-json\/wp\/v2\/types\/post"}],"author":[{"embeddable":true,"href":"https:\/\/www.regioncuatronoticias.com\/index.php\/wp-json\/wp\/v2\/users\/1"}],"replies":[{"embeddable":true,"href":"https:\/\/www.regioncuatronoticias.com\/index.php\/wp-json\/wp\/v2\/comments?post=26150"}],"version-history":[{"count":1,"href":"https:\/\/www.regioncuatronoticias.com\/index.php\/wp-json\/wp\/v2\/posts\/26150\/revisions"}],"predecessor-version":[{"id":26152,"href":"https:\/\/www.regioncuatronoticias.com\/index.php\/wp-json\/wp\/v2\/posts\/26150\/revisions\/26152"}],"wp:featuredmedia":[{"embeddable":true,"href":"https:\/\/www.regioncuatronoticias.com\/index.php\/wp-json\/wp\/v2\/media\/26151"}],"wp:attachment":[{"href":"https:\/\/www.regioncuatronoticias.com\/index.php\/wp-json\/wp\/v2\/media?parent=26150"}],"wp:term":[{"taxonomy":"category","embeddable":true,"href":"https:\/\/www.regioncuatronoticias.com\/index.php\/wp-json\/wp\/v2\/categories?post=26150"},{"taxonomy":"post_tag","embeddable":true,"href":"https:\/\/www.regioncuatronoticias.com\/index.php\/wp-json\/wp\/v2\/tags?post=26150"}],"curies":[{"name":"wp","href":"https:\/\/api.w.org\/{rel}","templated":true}]}}