{"id":26144,"date":"2025-03-21T23:30:37","date_gmt":"2025-03-22T06:30:37","guid":{"rendered":"https:\/\/www.regioncuatronoticias.com\/?p=26144"},"modified":"2025-03-21T23:30:39","modified_gmt":"2025-03-22T06:30:39","slug":"ayotzinapa-jalisco","status":"publish","type":"post","link":"https:\/\/www.regioncuatronoticias.com\/index.php\/2025\/03\/21\/ayotzinapa-jalisco\/","title":{"rendered":"Ayotzinapa, Jalisco\u2026"},"content":{"rendered":"\n<p><strong>Columna El Zancudo<\/strong><\/p>\n\n\n\n<p><strong>Arturo Soto Mungu\u00eda<\/strong><\/p>\n\n\n\n<p><strong>Ayotzinapa, Jalisco\u2026<\/strong><\/p>\n\n\n\n<p><strong>Vienes 21 de marzo de 2025<\/strong><\/p>\n\n\n\n<p>Una indeleble mancha de sangre ha marcado de por vida a los \u00faltimos presidentes mexicanos.<\/p>\n\n\n\n<p>&nbsp;A Carlos Salinas de Gortari no solo lo persigue el fantasma del fraude electoral, sino entre otros, el de Luis Donaldo Colosio, candidato presidencial asesinado justo hace 31 a\u00f1os. Obviamente, Salinas no jal\u00f3 el gatillo de aquella pavorosa Taurus brasile\u00f1a que acab\u00f3 con la vida del magdalenense, pero no hay poder humano que convenza a la opini\u00f3n p\u00fablica de que el entonces presidente no tuvo que ver en ese que es considerado un crimen de Estado.<\/p>\n\n\n\n<p>&nbsp;A Ernesto Zedillo lo perseguir\u00e1 por siempre la masacre de Aguas Blancas ocurrida el 28 de junio de 1995, apenas a un a\u00f1o de haber asumido la presidencia.<\/p>\n\n\n\n<p>&nbsp;17 campesinos fueron asesinados por agentes judiciales del estado de Guerrero. Iban en dos camiones de carga a reclamar el cumplimiento de demandas propias de sus actividades productivas, rumbo a Coyuca de Ben\u00edtez. Nunca llegaron.<\/p>\n\n\n\n<p>&nbsp;Aunque el fen\u00f3meno no surgi\u00f3 en el sexenio de Vicente Fox, las \u2018Muertas de Ju\u00e1rez\u2019 tuvieron en esos a\u00f1os la mayor exposici\u00f3n medi\u00e1tica y las m\u00e1s nutridas denuncias de impunidad.<\/p>\n\n\n\n<p>&nbsp;En 2010 se descubrieron los cuerpos de 72 migrantes semienterrados en el ejido El Huizachal, San Fernando, Tamaulipas. Fueron asesinados por el grupo criminal conocido como \u2018Los Zetas\u2019, que marc\u00f3 historia por el reclutamiento de militares altamente entrenados. Fue en el sexenio de Felipe Calder\u00f3n, a quien se le recuerda no solo por ese evento, sino por todo lo que implic\u00f3 la declarada guerra contra el narco que a\u00fan tiene secuelas.<\/p>\n\n\n\n<p>&nbsp;El caso Ayotzinapa y sus 43 desaparecidos es el fantasma que sigue por siempre a Enrique Pe\u00f1a Nieto y es ampliamente conocido.<\/p>\n\n\n\n<p>&nbsp;Apenas a un mes de haber asumido la presidencia, a Andr\u00e9s Manuel L\u00f3pez Obrador le toc\u00f3 lidiar con el dantesco espect\u00e1culo de Tlahuelilpan, un sitio en el estado de Hidalgo donde m\u00e1s de cien pobladores murieron calcinados mientras extra\u00edan ilegalmente combustible de un oleoducto. Aquellas escenas de teas humanas corriendo ante la mirada impotente de los soldados que \u2018custodiaban\u2019 el lugar no se olvidar\u00e1n nunca. Y sin embargo, sobre ese caso ha ca\u00eddo el polvo del olvido, quiz\u00e1 porque palidece ante el recuento general de homicidios dolosos que durante ese sexenio lleg\u00f3 a 200 mil.<\/p>\n\n\n\n<p>&nbsp;AMLO sol\u00eda decir que en su gobierno se acabaron las masacres, y con eso alud\u00eda a que el Estado no era ya m\u00e1s el aparato represor que perpetr\u00f3 las anteriormente citadas, y otras. Pero claramente, sus omisiones resumidas en una pol\u00edtica de \u2018abrazos y no balazos\u2019 fue fundamental para el empoderamiento de grupos criminales que dispararon como nunca la cifra de homicidios dolosos.<\/p>\n\n\n\n<p>&nbsp;A Claudia Sheinbaum le estall\u00f3 en la cara el caso del Rancho Izaguirre, en el municipio de Teuchitl\u00e1n, Jalisco. Ella ha dicho que no se convertir\u00e1 en su \u2018Ayotzinapa\u2019 pero el horror que se desprende de ese que ha sido considerado un campo de reclutamiento y probablemente exterminio de personas a manos de un c\u00e1rtel que tiene su sede en aquel estado persistir\u00e1 en la memoria colectiva por muchos a\u00f1os.<\/p>\n\n\n\n<p>El tema no es cuantitativo. A\u00fan no se ha definido la cantidad de personas que presuntamente fueron secuestradas, torturadas y desaparecidas en ese predio. El tema cobra relevancia porque puso en el foco de atenci\u00f3n del mundo entero el escabroso tema de la desaparici\u00f3n forzada de personas en M\u00e9xico, un asunto irresuelto y que cotidianamente sigue aportando casos en todo el territorio nacional.<\/p>\n\n\n\n<p>&nbsp;Para efectos de opini\u00f3n p\u00fablica, es irrelevante si quien perpetra los cr\u00edmenes y desapariciones es el Estado o un grupo criminal, porque finalmente se sabe que ning\u00fan c\u00e1rtel puede operar con la violencia y la impunidad que lo hacen los mexicanos, si no es por la omisi\u00f3n del Estado, o en el peor de los casos, por la connivencia, cuando no complicidad de sus instituciones.<\/p>\n\n\n\n<p>&nbsp;Ya son d\u00e9cadas de horror en M\u00e9xico. Demasiada sangre que debe dejar de correr.<\/p>\n\n\n\n<p><strong>&nbsp;II<\/strong><\/p>\n\n\n\n<p>En temas menos tenebrosos, intensa jornada la de este fin de semana para la cobertura period\u00edstica. Este viernes la nota la dar\u00e1n lo y las maestras que protagonizar\u00e1n un paro nacional por la derogaci\u00f3n de la Ley del Issste, pese a que esta ya fue retirada por la presidenta CLaudia Sheinbaum.<\/p>\n\n\n\n<p>&nbsp;Hay quien sostiene que la movilizaci\u00f3n magisterial perdi\u00f3 su raz\u00f3n de ser, pero los profes andan con todo sacudi\u00e9ndose la polilla del marasmo sindical en el que parec\u00edan estar y est\u00e1n dispuestos a mostrar el m\u00fasculo del que sigue siendo el sindicato m\u00e1s grande de Am\u00e9rica Latina.<\/p>\n\n\n\n<p>&nbsp;Si tienen algo qu\u00e9 hacer por rumbos del Centro Hist\u00f3rico este viernes, v\u00e1yanse armados de paciencia porque seguramente el caos vehicular se pondr\u00e1 intenso ya que vienen delegaciones de todas las regiones del estado.<\/p>\n\n\n\n<p>&nbsp;Este viernes tambi\u00e9n comparecer\u00e1 el candidato a la rector\u00eda de la Universidad de Sonora, Aar\u00f3n Grageda ante los agremiados del Sindicato de Trabajadores de la Industria de la Radio y la TV que agrupa a comunicadores de los medios de comunicaci\u00f3n m\u00e1s importantes del estado, comandados en el pa\u00eds por el cajemense Francisco Contreras y en Hermosillo por Pepe Victor\u00edn.<\/p>\n\n\n\n<p>&nbsp;El s\u00e1bado habr\u00e1 actividad en el PRI estatal donde su dirigente nacional Alito Moreno viene a tomarle la postergada protesta de rigor a Lupita Soto y On\u00e9simo Aguilera como dirigentes estatales y el domingo 23 de marzo se llevar\u00e1n a cabo ceremonias luctuosas en memoria del malogrado candidato presidencial Luis Donaldo Colosio, v\u00edctima de un atentado sobre el cual persisten a\u00fan muchas dudas desde aquella fat\u00eddica tarde en Lomas Taurinas, Tijuana hace 31 a\u00f1os.<\/p>\n\n\n\n<p>&nbsp;Y como no solo de grilla vive el hombre (y la mujer), este viernes habr\u00e1 un agasajo de poes\u00eda compartida por los y las amantes de este g\u00e9nero literario en el marco precisamente del D\u00eda Internacional de la Poes\u00eda que es el 21 de marzo, justo al comenzar la primavera.<\/p>\n\n\n\n<p>&nbsp;La Asociaci\u00f3n Civil Escritores de Sonora es la convocante a este evento, por lo que su presidenta, la colega y amiga Sylvia Manr\u00edquez se reporta para invitar a todos y todas a llevar su libro favorito de poes\u00eda y leer (habr\u00e1 micr\u00f3fono abierto) ante la concurrencia que se dar\u00e1 cita en conocido restaurante contiguo al edificio de Radio Sonora. El evento es a las cinco de la tarde y pueden registrar su asistencia en el Whatsapp 6624 09 57 40.<\/p>\n\n\n\n<p>&nbsp;Nosotros la dejamos de este tama\u00f1o porque como todos los viernes nos toca transmitir la Mesa de An\u00e1lisis del Informativo Sonora en Red desde el bello puerto de Guaymas, as\u00ed que los invitamos para que nos acompa\u00f1e a trav\u00e9s de la 93.3 FM para los valles de Guaymas, Empalme y del Yaqui; para la hermana rep\u00fablica de Tucson a trav\u00e9s de Estrella TV Canal 14 y para todo el mundo a trav\u00e9s de sus plataformas digitales en Facebook y YouTube.<\/p>\n\n\n\n<p>&nbsp;<strong>Tambi\u00e9n me puedes seguir en X: @Chaposoto<\/strong><\/p>\n\n\n\n<p><strong>Visita www.elzancudo.com.mx<\/strong><\/p>\n","protected":false},"excerpt":{"rendered":"<p>Columna El Zancudo Arturo Soto Mungu\u00eda Ayotzinapa, Jalisco\u2026 Vienes 21 de marzo de 2025 Una indeleble mancha de sangre ha marcado de por vida a los \u00faltimos presidentes mexicanos. &nbsp;A Carlos Salinas de Gortari no solo lo persigue el fantasma del fraude electoral, sino entre otros, el de Luis Donaldo Colosio, candidato presidencial asesinado justo [&hellip;]<\/p>\n","protected":false},"author":1,"featured_media":26145,"comment_status":"open","ping_status":"open","sticky":false,"template":"","format":"standard","meta":{"content-type":"","footnotes":""},"categories":[125],"tags":[],"class_list":{"0":"post-26144","1":"post","2":"type-post","3":"status-publish","4":"format-standard","5":"has-post-thumbnail","7":"category-arturo-soto-munguia"},"_links":{"self":[{"href":"https:\/\/www.regioncuatronoticias.com\/index.php\/wp-json\/wp\/v2\/posts\/26144","targetHints":{"allow":["GET"]}}],"collection":[{"href":"https:\/\/www.regioncuatronoticias.com\/index.php\/wp-json\/wp\/v2\/posts"}],"about":[{"href":"https:\/\/www.regioncuatronoticias.com\/index.php\/wp-json\/wp\/v2\/types\/post"}],"author":[{"embeddable":true,"href":"https:\/\/www.regioncuatronoticias.com\/index.php\/wp-json\/wp\/v2\/users\/1"}],"replies":[{"embeddable":true,"href":"https:\/\/www.regioncuatronoticias.com\/index.php\/wp-json\/wp\/v2\/comments?post=26144"}],"version-history":[{"count":1,"href":"https:\/\/www.regioncuatronoticias.com\/index.php\/wp-json\/wp\/v2\/posts\/26144\/revisions"}],"predecessor-version":[{"id":26146,"href":"https:\/\/www.regioncuatronoticias.com\/index.php\/wp-json\/wp\/v2\/posts\/26144\/revisions\/26146"}],"wp:featuredmedia":[{"embeddable":true,"href":"https:\/\/www.regioncuatronoticias.com\/index.php\/wp-json\/wp\/v2\/media\/26145"}],"wp:attachment":[{"href":"https:\/\/www.regioncuatronoticias.com\/index.php\/wp-json\/wp\/v2\/media?parent=26144"}],"wp:term":[{"taxonomy":"category","embeddable":true,"href":"https:\/\/www.regioncuatronoticias.com\/index.php\/wp-json\/wp\/v2\/categories?post=26144"},{"taxonomy":"post_tag","embeddable":true,"href":"https:\/\/www.regioncuatronoticias.com\/index.php\/wp-json\/wp\/v2\/tags?post=26144"}],"curies":[{"name":"wp","href":"https:\/\/api.w.org\/{rel}","templated":true}]}}