{"id":26141,"date":"2025-03-21T23:27:09","date_gmt":"2025-03-22T06:27:09","guid":{"rendered":"https:\/\/www.regioncuatronoticias.com\/?p=26141"},"modified":"2025-03-21T23:27:11","modified_gmt":"2025-03-22T06:27:11","slug":"los-cien-encuadres","status":"publish","type":"post","link":"https:\/\/www.regioncuatronoticias.com\/index.php\/2025\/03\/21\/los-cien-encuadres\/","title":{"rendered":"Los Cien Encuadres"},"content":{"rendered":"\n<p><strong>Columna Encuadre<\/strong><\/p>\n\n\n\n<p><strong>Jos\u00e9 F. Medina<\/strong><\/p>\n\n\n\n<p><strong>&nbsp;Los Cien Encuadres<\/strong><\/p>\n\n\n\n<p><strong>Viernes 21 de marzo de 2025<\/strong><\/p>\n\n\n\n<p>Para el registro oficial, hoy llego a mis primeros cien Encuadres.<\/p>\n\n\n\n<p>Sin duda, para este servidor, el hecho tiene trascendental significado y la misma importancia que los Primeros Cien D\u00edas de Gobierno tuvo para la presidenta Sheinbaum.<\/p>\n\n\n\n<p>Claro, con algunas significativas diferencias. Ai\u00b4 les van:<\/p>\n\n\n\n<p>1). La ausencia de un copioso aparato de comunicaci\u00f3n. Mientras la Doctora tiene una alt\u00edsima tribuna en buen horario ma\u00f1anero para promocionar sus cien d\u00edas, apenas y este Ingeniero cuenta con estos p\u00e1rrafos y su manejo en redes, reproducidos por algunos queridos amigos y colegas. Me congratulo por ello, pero esa inequidad no deja de causarme desaz\u00f3n.<\/p>\n\n\n\n<p>1). La notable falta de recursos. Mientras la Doctora llen\u00f3 el Z\u00f3calo \u2013con el consabido abultado costo en recursos econ\u00f3micos por la \u201cmovilizaci\u00f3n\u201d de todo el pa\u00eds- ac\u00e1 su Ingeniero no tuvo ni para ir con el elotero de la Plaza Zaragoza, a manera de celebraci\u00f3n. Cosas de la vida.<\/p>\n\n\n\n<p>2). Las \u201cporras\u201d. Extra\u00f1ar\u00e9 el \u201ces un honor leer al Felipe hoy\u201d, tal como gozosa de saberse bien querida \u2013aut\u00e9nticamente por unos y forzados por otros- la Doctora disfrut\u00f3 en su evento el \u201ces un honor estar con Claudia hoy\u201d<\/p>\n\n\n\n<p>Pero bueno, al margen de todo ello, es mi deseo contribuir desde este modesto espacio al engrandecimiento de la naci\u00f3n, de mi Estado y de mi municipio, y por eso, aunque sin p\u00fablico presencial alguno, ai\u00b4 les va mi discurso de estos \u201cPrimeros Cien Encuadres por la Transformaci\u00f3n\u201d.<\/p>\n\n\n\n<p>\u201cMuchas gracias por su presencia en este hermoso espacio, de este maravilloso portal FMINFORMATIVO.COM, primo-hermano del ENTREFELIPES.COM (mi primer portal informativo), escenario de tantas y tantas notas y columnas que nos han hecho coincidir, no a muchos como quisiera, pero s\u00ed a algunos cu\u00e1ntos. El motivo de estas palabras es rendirles cuentas como editor-columnista, y afianzar nuestro compromiso de estar siempre cerca, buscando period\u00edsticamente lo mejor por el pueblo y para el pueblo, que son todas y todos ustedes.<\/p>\n\n\n\n<p>\u00a1Estamos viviendo la Transformaci\u00f3n Medi\u00e1tica de la Vida P\u00fablica de M\u00e9xico, aunque no necesariamente para bien, donde los influencers como Los Kakamas Show y otras faunas, han penetrado en el gusto de pol\u00edticos fr\u00edvolos y poco pensantes. Pero bueno, estas palabras son de celebraci\u00f3n y no para encabronarse. Retomo el rumbo. Sorry.<\/p>\n\n\n\n<p>Se cumplen 100 Encuadres desde que dio inicio el Segundo Piso de mi era como comunicador digital. Hemos visto y vivido de todo. Hemos cubierto miles de eventos, hemos recorridos pa\u00edses, estados y municipios en la \u201creporteada\u201d, buscando tenerlos bien informados. Y mientras nuestro Creador lo permita, vamos por m\u00e1s, aunque parezca frase de campa\u00f1a.<\/p>\n\n\n\n<p>Nos critican algunos colegas, los famosos coment\u00f3cratas: \u201c\u00bfporqu\u00e9 nos diferenciamos de otros colegas que \u201cvenden\u201d bien su trabajo?, \u00bfporqu\u00e9 defendemos a los que no tienen voz?, \u00bfpor qu\u00e9 esto, porqu\u00e9 lo otro?<\/p>\n\n\n\n<p>Pero, si siempre lo dijimos, \u00bfcu\u00e1l sorpresa?, por eso luchamos durante todos estos a\u00f1os. Para eso nos eligieron como su v\u00eda de informaci\u00f3n, para dar continuidad a la Transformaci\u00f3n Medi\u00e1tica de la Vida P\u00fablica de M\u00e9xico, iniciada no s\u00e9 cu\u00e1ndo, pero ya hace algunos ayeres.<\/p>\n\n\n\n<p>Que se oiga bien, lejos y fuerte: No vamos a regresar al modelo corrupto del periodismo, que tanto da\u00f1o ha hecho al gremio y a la sociedad; no vamos a regresar al de privilegios, no dejaremos que regrese la decadencia del pasado, donde se informaba a conveniencia de unos cu\u00e1ntos. Vamos a seguir con el Periodismo Humanista Mexicano y con la m\u00e1xima de \u201cPor el bien de todos, primero los pobres mal informados\u201d.<\/p>\n\n\n\n<p>Insisto, deseaban algunos que no cumpli\u00e9ramos con nuestro compromiso. No s\u00e9 qu\u00e9 esperaban, \u00bfque dijera una cosa y actuara de otra forma?, \u00bfque me comprometiera con el pueblo que demanda una opini\u00f3n honesta, de datos duros y sin dados cargados, y despu\u00e9s lo traicionara? Pues se van a quedar con las ganas, porque nosotros, las y los periodistas que tenemos palabra, las y los que no mentimos, las y los que no robamos, no somos como otros muchos que por ah\u00ed pululan.<\/p>\n\n\n\n<p>Nosotras y nosotros estamos muy lejos de la hipocres\u00eda. Nosotros no traicionamos nuestros principios, no traicionamos nuestra historia, no traicionamos nuestra bandera y no traicionaremos nunca al pueblo (malinformado) de M\u00e9xico.<\/p>\n\n\n\n<p>Tambi\u00e9n hoy les digo se equivocan rotundamente, a quienes piensan que \u201clas y los periodistas no tenemos iniciativa propia\u201d, que \u201cpor nosotras y nosotros piensan otros\u201d, a quienes creen que \u201ccolumnista se escribe con \u201ce\u201d, a los que con cobard\u00eda no pueden reconocer que somos gente que queremos y luchamos por un M\u00e9xico mejor (bueno, la verdad es que a algunos les vale madre, mientras \u201cganen\u201d ellos; pero esos son \u201cpseudoperiodistas\u201d que por sus acciones les conocer\u00e9is\u2026y no les cre\u00e1is, son puro cuento).<\/p>\n\n\n\n<p>M\u00e9xico est\u00e1 cambiando para bien. Eso lo saben, incluso, los que se quedaron anclados en el ayer.<\/p>\n\n\n\n<p>Estamos viviendo tiempos excepcionales, \u00fanicos, extraordinarios, porque es Tiempo de Transformaci\u00f3n y es Tiempo de Periodistas comprometidos con la verdad, responsables, orientadores, leales a sus ideales, \u00e9ticos, alejados del bullicio, la falsa sociedad y el dinero f\u00e1cil, producto del sudor de sus \u201cfuentes\u201d.<\/p>\n\n\n\n<p>Estamos viviendo tiempos en que la infodemia invade toda la esfera p\u00fablica; tiempos donde los poderes f\u00e1cticos creen que pagar por aparecer en la escena es la onda, lo chic, sin darse cuenta que la gente ya no es ni la hacen pendeja.<\/p>\n\n\n\n<p>Por eso, como les dec\u00eda l\u00edneas arriba, la mejor vacuna democr\u00e1tica alejada del conservadurismo es regresar al humanismo period\u00edstico mexicano, todo por el bien de nuestra amada Rep\u00fablica. He dicho.<\/p>\n\n\n\n<p>\u201c\u00a1Muchas gracias!\u201d<\/p>\n\n\n\n<p>(Al fondo se escuchan unos cuantos clap clap clap en se\u00f1al de reconocimiento a la capacidad de arenga de este servidor).<\/p>\n\n\n\n<p>PD: este discurso tiene como base algunas palabras e ideas pronunciadas por la presidenta Claudia Sheinbaum en el evento celebrado en El Z\u00f3calo de la Ciudad de M\u00e9xico para celebrar sus primeros cien d\u00edas de gobierno.<\/p>\n\n\n\n<p>Por lo dem\u00e1s, no quiero terminar estos p\u00e1rrafos de celebraci\u00f3n de estos \u201cPrimeros Cien Encuadres por la Transformaci\u00f3n\u201d sin agradecer p\u00fablica y grandemente a qui\u00e9nes osan leer a diario esta columna; a qui\u00e9nes le dan like, corazoncito y comparten en redes sociales; a mis colegas y amigos Feliciano J. Espriella, Raymundo Estrada Charles, Oscar Castro, Panchito Rodr\u00edguez, Jos\u00e9 Mar\u00eda Monta\u00f1o, Javier Mercado, Gaspar Navarro, Armando Fava y Agust\u00edn Rodr\u00edguez, que me (consta) publican en sus respectivos medios.<\/p>\n\n\n\n<p>A mis amigos Jes\u00fas Ruiz, Jos\u00e9 de Jes\u00fas Garc\u00eda, Luc\u00eda Celaya y Jos\u00e9 Armando Mart\u00ednez, que comparten y comentan a diario en FB; lo mismo para mis compa\u00f1eros telemaxeros Tony G\u00f3mez y Lucio Castro, que siempre est\u00e1n atentos; para mis amigos y colegas agr\u00f3nomos Martha Beyliss, Arturo \u201cBibi\u201d Villegas y Boni Olivas, que tambi\u00e9n me hacen llegar regularmente sus comentarios; a mis amigos de la secu UniSon, especialmente al Kaki Tapia; de la prepa Cobach como Beatriz Huerta, Mary C\u00e1rdenas, Rub\u00e9n V\u00e1zquez, Paco Mart\u00ednez y \u00c1lvaro Bracamonte; del futbol como el \u201cKaly\u201d Castillo, el \u201cGevas\u201d Le\u00f3n y el Doc Lam, y de otros grupos whatsaperos, muchas gracias por acoger a diario los Encuadre.<\/p>\n\n\n\n<p>A mi T\u00eda Tere que luego luego extra\u00f1a la columna cuando dejo de circularla; a mis primas Rossy Cuen y Letty Badilla que tambi\u00e9n son asiduas lectoras, en fin, a muchas y muchos que agradecer.<\/p>\n\n\n\n<p>Pero particularmente a mi familia, a mi esposa Dinora y a mis hijas la artista Dinorah Alexandra y la doctora Camila Abril, as\u00ed como a mi hijo el mecatr\u00f3nico futbolista Luis Felipe de Paula, a quienes les robo al menos unas cuatro horas diarias de su tiempo para confeccionar estos p\u00e1rrafos. S\u00ed, ya s\u00e9: dir\u00e1n que es mucho tiempo para pergo\u00f1ar unas cuantas l\u00edneas, pero mi cerebro sesentero ya no da para mucho. No le pidan peras al olmo.<\/p>\n\n\n\n<p>Gracias a todas y todos. Les quiero.<\/p>\n\n\n\n<p><strong>&nbsp;ENCUADRE PUNZANTE<\/strong><\/p>\n\n\n\n<p>1), De nada sirvi\u00f3 el retiro de la iniciativa de reforma de la #LeyIsssteson2025 por parte de la presidenta Sheinbaum, porque los maestros de la CNTE se empe\u00f1an en seguir con sus manifestaciones y paralizaci\u00f3n de clases en el pa\u00eds. Citando al cl\u00e1sico: \u201cning\u00fan chile les embona\u201d.<\/p>\n\n\n\n<p>2). Este viernes estar\u00e1 con mis queridos amigos y colegas del STIRTT, bajo la anfitrion\u00eda de mi compadre Pepe Victor\u00edn, el candidato a rector de la Universidad de Sonora, Aar\u00f3n Grageda, para una pl\u00e1tica sobre el presente y futuro de mi alma mater. Ser\u00eda \u201cpadre\u201d que se llevara a Los Kakama Show para un \u201csketch\u201d. Digo\u2026<\/p>\n\n\n\n<p>3). \u201cNo se fue\u2026yo lo corr\u00ed\u201d, dice Ram\u00f3n Flores sobre la salida del diputado guaymense Sebasti\u00e1n Ordu\u00f1o de las filas del Partido del Trabajo. Lo mismo sucedi\u00f3 con el tambi\u00e9n legislador Ren\u00e9 Garc\u00eda. Juego de traiciones.<\/p>\n\n\n\n<p>4). Qu\u00e9 dif\u00edcil la tienen los operadores del PRI para lograr buena concurrencia a su evento del pr\u00f3ximo s\u00e1bado, cuando venga a Sonora el l\u00edder nacional del tricolor, \u201cAlito\u201d Moreno, a darle posesi\u00f3n a Lupita Soto como dirigente estatal. Me informan que gente af\u00edn a Manlio Fabio estar\u00e1 en la puerta pasando \u201crevista\u201d de los asistentes. Gulp!!<\/p>\n\n\n\n<p>5). Como era de esperarse, la comisi\u00f3n instructora de la C\u00e1mara de Diputados rechaz\u00f3 la solicitud de desafuero en contra del morenista Cuauht\u00e9moc Blanco, acusado de violaci\u00f3n en grado de tentativa contra una hermanastra. Si hubiese sido un panista\/pri\u00edsta\/emecista\/ el acusado, j\u00farelo que ya estuviera desaforado y encarcelado. Dicen que fue decisi\u00f3n jur\u00eddica no pol\u00edtica. Usted les cree??. \u201dAntes como antes, y ahora como ahora\u201d, dec\u00eda el Indio Cajeme.<\/p>\n\n\n\n<p><strong>&nbsp;ENCUADRE DE SALUD<\/strong><\/p>\n\n\n\n<p>Como no hay plazo que no se cumpla ni deuda que no se pague, hoy viernes ser\u00e9 hospitalizado para dar paso a un segundo cateterismo, a fin de rehabilitar una arterita tapada en pleno coraz\u00f3n. Por tal motivo, me ausentar\u00e9 unos d\u00edas. S\u00ed, ya s\u00e9 que me van a extra\u00f1ar, pero prometo volver pronto, si mi Padre Celestial lo permite.<\/p>\n\n\n\n<p><strong>IN PROXIMUM<\/strong><\/p>\n\n\n\n<p><strong>Me puedes seguir en FB: Jos\u00e9 Felipe Medina<\/strong><\/p>\n\n\n\n<p><strong>En X: @josefe31, @fm_informativo<\/strong><\/p>\n\n\n\n<p><strong>Correo Electronico: josefe31@hotmail.com, josefe31@gmail.com<\/strong><\/p>\n\n\n\n<p><strong>FMINFORMATIVO.COM<\/strong><\/p>\n","protected":false},"excerpt":{"rendered":"<p>Columna Encuadre Jos\u00e9 F. Medina &nbsp;Los Cien Encuadres Viernes 21 de marzo de 2025 Para el registro oficial, hoy llego a mis primeros cien Encuadres. Sin duda, para este servidor, el hecho tiene trascendental significado y la misma importancia que los Primeros Cien D\u00edas de Gobierno tuvo para la presidenta Sheinbaum. Claro, con algunas significativas [&hellip;]<\/p>\n","protected":false},"author":1,"featured_media":26142,"comment_status":"open","ping_status":"open","sticky":false,"template":"","format":"standard","meta":{"content-type":"","footnotes":""},"categories":[122],"tags":[],"class_list":{"0":"post-26141","1":"post","2":"type-post","3":"status-publish","4":"format-standard","5":"has-post-thumbnail","7":"category-jose-felipe-medina"},"_links":{"self":[{"href":"https:\/\/www.regioncuatronoticias.com\/index.php\/wp-json\/wp\/v2\/posts\/26141","targetHints":{"allow":["GET"]}}],"collection":[{"href":"https:\/\/www.regioncuatronoticias.com\/index.php\/wp-json\/wp\/v2\/posts"}],"about":[{"href":"https:\/\/www.regioncuatronoticias.com\/index.php\/wp-json\/wp\/v2\/types\/post"}],"author":[{"embeddable":true,"href":"https:\/\/www.regioncuatronoticias.com\/index.php\/wp-json\/wp\/v2\/users\/1"}],"replies":[{"embeddable":true,"href":"https:\/\/www.regioncuatronoticias.com\/index.php\/wp-json\/wp\/v2\/comments?post=26141"}],"version-history":[{"count":1,"href":"https:\/\/www.regioncuatronoticias.com\/index.php\/wp-json\/wp\/v2\/posts\/26141\/revisions"}],"predecessor-version":[{"id":26143,"href":"https:\/\/www.regioncuatronoticias.com\/index.php\/wp-json\/wp\/v2\/posts\/26141\/revisions\/26143"}],"wp:featuredmedia":[{"embeddable":true,"href":"https:\/\/www.regioncuatronoticias.com\/index.php\/wp-json\/wp\/v2\/media\/26142"}],"wp:attachment":[{"href":"https:\/\/www.regioncuatronoticias.com\/index.php\/wp-json\/wp\/v2\/media?parent=26141"}],"wp:term":[{"taxonomy":"category","embeddable":true,"href":"https:\/\/www.regioncuatronoticias.com\/index.php\/wp-json\/wp\/v2\/categories?post=26141"},{"taxonomy":"post_tag","embeddable":true,"href":"https:\/\/www.regioncuatronoticias.com\/index.php\/wp-json\/wp\/v2\/tags?post=26141"}],"curies":[{"name":"wp","href":"https:\/\/api.w.org\/{rel}","templated":true}]}}