{"id":26129,"date":"2025-03-20T22:50:05","date_gmt":"2025-03-21T05:50:05","guid":{"rendered":"https:\/\/www.regioncuatronoticias.com\/?p=26129"},"modified":"2025-03-20T22:50:08","modified_gmt":"2025-03-21T05:50:08","slug":"asesinan-a-jefe-policiaco-en-culiacan-sinaloa-en-la-guerra-entre-chapitos-y-mayos","status":"publish","type":"post","link":"https:\/\/www.regioncuatronoticias.com\/index.php\/2025\/03\/20\/asesinan-a-jefe-policiaco-en-culiacan-sinaloa-en-la-guerra-entre-chapitos-y-mayos\/","title":{"rendered":"Asesinan a jefe policiaco en Culiac\u00e1n, Sinaloa, en la guerra entre Chapitos y Mayos"},"content":{"rendered":"\n<p><strong>Suman 21 elementos de polic\u00edas locales asesinados desde que inici\u00f3 la disputa entres c\u00e1rteles estallada el 9 de septiembre.<\/strong><\/p>\n\n\n\n<p>Tomado de Proceso<\/p>\n\n\n\n<p>Aar\u00f3n Ibarra<\/p>\n\n\n\n<p>Jueves 20 de marzo de 2025<\/p>\n\n\n\n<p>CULIAC\u00c1N, Sin. (apro) \u2013 El jefe de la Unidad de Vialidad de la Secretar\u00eda de Seguridad P\u00fablica y Tr\u00e1nsito Municipal (SSPyTM) de Culiac\u00e1n fue asesinado a tiros cuando sal\u00eda de un supermercado, ubicado en el sector Ca\u00f1adas, al sur de la capital de Sinaloa.<\/p>\n\n\n\n<p>Con el asesinato de este elemento de la corporaci\u00f3n suman ya 21 homicidios dolosos cometidos en contra de polic\u00edas locales desde el inicio de la guerra entre Chapitos y Mayos, estallada el 9 de septiembre.<\/p>\n\n\n\n<p>El agente fue identificado como Jorge Octavio Torres C\u00e1zares de 48 a\u00f1os quien ten\u00eda su domicilio cerca de donde fue asesinado.<\/p>\n\n\n\n<p>El atentado fue reportado poco antes de las 19:0 horas del mi\u00e9rcoles 19 en el estacionamiento de un supermercado en la esquina de Sierra de los Frailes y Cerro de la Chiva.<\/p>\n\n\n\n<p>El ataque a balazos fue reportado a las 19 20 horas de hoy mi\u00e9rcoles en el supermercado que se encuentra sobre la calle Sierra de los Frayles esquina con la avenida Cerro de la Chiva.<\/p>\n\n\n\n<p>La SSPyTM dio a conocer que el agente realizaba \u00fanicamente labores administrativas y que ten\u00eda 18 a\u00f1os de antig\u00fcedad en la corporaci\u00f3n.<\/p>\n\n\n\n<p>Apenas a principios de este mes, tres agentes de la SSPyTM de Culiac\u00e1n fueron asesinados en la sindicatura de Costa Rica, al sur de la ciudad, cuando acud\u00edan a atender un reporte sobre un cuerpo sin vida.<\/p>\n\n\n\n<p>Los agentes Joel, Ezequiel y Emilia fueron privados de su libertad el 27 de febrero \u00a0\u00faltimo y hallados ejecutados el domingo 2 de marzo pasado.<\/p>\n\n\n\n<p><a href=\"https:\/\/www.proceso.com.mx\/nacional\/estados\/2025\/3\/20\/asesinan-jefe-policiaco-en-culiacan-sinaloa-en-la-guerra-entre-chapitos-mayos-347776.html\">https:\/\/www.proceso.com.mx\/nacional\/estados\/2025\/3\/20\/asesinan-jefe-policiaco-en-culiacan-sinaloa-en-la-guerra-entre-chapitos-mayos-347776.html<\/a><\/p>\n","protected":false},"excerpt":{"rendered":"<p>Suman 21 elementos de polic\u00edas locales asesinados desde que inici\u00f3 la disputa entres c\u00e1rteles estallada el 9 de septiembre. Tomado de Proceso Aar\u00f3n Ibarra Jueves 20 de marzo de 2025 CULIAC\u00c1N, Sin. (apro) \u2013 El jefe de la Unidad de Vialidad de la Secretar\u00eda de Seguridad P\u00fablica y Tr\u00e1nsito Municipal (SSPyTM) de Culiac\u00e1n fue asesinado [&hellip;]<\/p>\n","protected":false},"author":1,"featured_media":26130,"comment_status":"open","ping_status":"open","sticky":false,"template":"","format":"standard","meta":{"content-type":"","footnotes":""},"categories":[3,113],"tags":[],"class_list":{"0":"post-26129","1":"post","2":"type-post","3":"status-publish","4":"format-standard","5":"has-post-thumbnail","7":"category-mexico","8":"category-seguridad"},"_links":{"self":[{"href":"https:\/\/www.regioncuatronoticias.com\/index.php\/wp-json\/wp\/v2\/posts\/26129","targetHints":{"allow":["GET"]}}],"collection":[{"href":"https:\/\/www.regioncuatronoticias.com\/index.php\/wp-json\/wp\/v2\/posts"}],"about":[{"href":"https:\/\/www.regioncuatronoticias.com\/index.php\/wp-json\/wp\/v2\/types\/post"}],"author":[{"embeddable":true,"href":"https:\/\/www.regioncuatronoticias.com\/index.php\/wp-json\/wp\/v2\/users\/1"}],"replies":[{"embeddable":true,"href":"https:\/\/www.regioncuatronoticias.com\/index.php\/wp-json\/wp\/v2\/comments?post=26129"}],"version-history":[{"count":1,"href":"https:\/\/www.regioncuatronoticias.com\/index.php\/wp-json\/wp\/v2\/posts\/26129\/revisions"}],"predecessor-version":[{"id":26131,"href":"https:\/\/www.regioncuatronoticias.com\/index.php\/wp-json\/wp\/v2\/posts\/26129\/revisions\/26131"}],"wp:featuredmedia":[{"embeddable":true,"href":"https:\/\/www.regioncuatronoticias.com\/index.php\/wp-json\/wp\/v2\/media\/26130"}],"wp:attachment":[{"href":"https:\/\/www.regioncuatronoticias.com\/index.php\/wp-json\/wp\/v2\/media?parent=26129"}],"wp:term":[{"taxonomy":"category","embeddable":true,"href":"https:\/\/www.regioncuatronoticias.com\/index.php\/wp-json\/wp\/v2\/categories?post=26129"},{"taxonomy":"post_tag","embeddable":true,"href":"https:\/\/www.regioncuatronoticias.com\/index.php\/wp-json\/wp\/v2\/tags?post=26129"}],"curies":[{"name":"wp","href":"https:\/\/api.w.org\/{rel}","templated":true}]}}