{"id":26126,"date":"2025-03-20T22:44:28","date_gmt":"2025-03-21T05:44:28","guid":{"rendered":"https:\/\/www.regioncuatronoticias.com\/?p=26126"},"modified":"2025-03-20T22:44:31","modified_gmt":"2025-03-21T05:44:31","slug":"morena-revienta-sesion-del-senado-por-caso-teuchitlan-oposicion-grita-narcogobierno-video","status":"publish","type":"post","link":"https:\/\/www.regioncuatronoticias.com\/index.php\/2025\/03\/20\/morena-revienta-sesion-del-senado-por-caso-teuchitlan-oposicion-grita-narcogobierno-video\/","title":{"rendered":"Morena revienta sesi\u00f3n del Senado por caso Teuchitl\u00e1n; oposici\u00f3n grita \u2018narcogobierno\u2019 (VIDEO)"},"content":{"rendered":"\n<p><strong>Los grupos parlamentarios del PRI y del PAN acusaron a Morena de no enfrentar la crisis de desaparecidos.<\/strong><\/p>\n\n\n\n<p>Tomado de Pol\u00edtico MX<\/p>\n\n\n\n<p>Jaime Ramos<\/p>\n\n\n\n<p>Jueves 20 de marzo de 2025<\/p>\n\n\n\n<p>Este jueves, senadoras y senadores del grupo parlamentario de Morena abandonaron la sesi\u00f3n que se llevaba a cabo en la C\u00e1mara Alta en la que se &nbsp;abordaba una propuesta de la oposici\u00f3n para crear una Comisi\u00f3n Especial para investigar el caso Teuchitl\u00e1n.<\/p>\n\n\n\n<p>No solo te informamos, te explicamos la pol\u00edtica. Da clic aqu\u00ed y recibe gratis nuestro bolet\u00edn diario.<\/p>\n\n\n\n<p>Ante la falta de qu\u00f3rum para continuar con la discusi\u00f3n, se concluy\u00f3 la sesi\u00f3n entre reclamos de legisladoras y legisladores opositores, quienes gritaron \u201c\u00a1Narcogobierno, narcogobierno!\u201d.<\/p>\n\n\n\n<p>La bancada del PAN se\u00f1al\u00f3 al coordinador de los senadores morenistas, Ad\u00e1n Augusto L\u00f3pez, de organizar el retiro de sus compa\u00f1eros.<\/p>\n\n\n\n<p><strong>\u2018Morena no quiere enfrentar la realidad de M\u00e9xico\u2019: PRI<\/strong><\/p>\n\n\n\n<p>Ante la huida de los legisladores de la 4T, el l\u00edder del grupo parlamentario del PRI, Manuel A\u00f1orve, acus\u00f3 que Morena \u201cno quiere enfrentar la realidad de M\u00e9xico\u201d al evitar la creaci\u00f3n de un cuerpo para indagar los hechos en el rancho Izaguirre y dijo que esta escena en el Senado se trat\u00f3 de una \u201cmarruller\u00eda electoral\u201d.<\/p>\n\n\n\n<p>\u201cHay muchos Teuchitlanes en este pa\u00eds. Necesitamos una Comisi\u00f3n Especial plural para que se investigue, se llegue a fondo (&#8230;) que pueda determinar tambi\u00e9n penas m\u00e1s severas, que pueda acompa\u00f1ar al Gobierno Federal y a las autoridades de Jalisco\u201d, urgi\u00f3.<\/p>\n\n\n\n<p>Tambi\u00e9n dijo que Movimiento Ciudadano debe de dar argumentos sobre lo acontecido en Jalisco, pues este y otros episodios de terror criminal ocurrieron bajo la administraci\u00f3n del exgobernador Enrique Alfaro.<\/p>\n\n\n\n<p>\u201cNos pueden quitar los micr\u00f3fonos, pero no nos van a callar. Por eso nosotros se los decimos de manera muy puntual: queremos justicia. Que no se quede atr\u00e1s esta investigaci\u00f3n, que no desv\u00eden la atenci\u00f3n\u201d, expres\u00f3.<\/p>\n\n\n\n<p><strong>\u2018Salieron corriendo como cobardes\u2019: Anaya<\/strong><\/p>\n\n\n\n<p>En tanto, el coordinador del PAN en el Senado, Ricardo Anaya, consider\u00f3 que los legisladores morenistas \u201csalieron corriendo como cobardes\u201d para evadir la problem\u00e1tica de las desapariciones en Teuchitl\u00e1n y en la Rep\u00fablica.<\/p>\n\n\n\n<p>\u201cPor supuesto que la huida de Morena es cobard\u00eda y es traici\u00f3n. Cobard\u00eda a no querer enfrentar el problema. Salieron corriendo porque no tienen argumentos, porque saben que sus v\u00ednculos con el crimen organizado los dejan muy mal parados. Salieron corriendo porque no quisieron dar la cara frente a la gravedad del problema\u201d, aleg\u00f3 el panista.<\/p>\n\n\n\n<p>Con esa t\u00f3nica, el l\u00edder de los blanquiazules dijo que el sexenio de Andr\u00e9s Manuel L\u00f3pez Obrador traicion\u00f3 al pa\u00eds con su estrategia de \u201cabrazos, no balazos\u201d, dejando una crisis de violencia y de desapariciones en el pa\u00eds por supuestamente haber protegido a criminales.<\/p>\n\n\n\n<p><strong>VIDEO: https:\/\/twitter.com\/i\/status\/1902803479112061405<\/strong><\/p>\n\n\n\n<p><a href=\"https:\/\/politico.mx\/2025\/03\/20\/video-morena-revienta-sesion-del-senado-por-caso-teuchitlan-oposicion-grita-narcogobierno\">https:\/\/politico.mx\/2025\/03\/20\/video-morena-revienta-sesion-del-senado-por-caso-teuchitlan-oposicion-grita-narcogobierno<\/a><\/p>\n","protected":false},"excerpt":{"rendered":"<p>Los grupos parlamentarios del PRI y del PAN acusaron a Morena de no enfrentar la crisis de desaparecidos. Tomado de Pol\u00edtico MX Jaime Ramos Jueves 20 de marzo de 2025 Este jueves, senadoras y senadores del grupo parlamentario de Morena abandonaron la sesi\u00f3n que se llevaba a cabo en la C\u00e1mara Alta en la que [&hellip;]<\/p>\n","protected":false},"author":1,"featured_media":26127,"comment_status":"open","ping_status":"open","sticky":false,"template":"","format":"standard","meta":{"content-type":"","footnotes":""},"categories":[3,115,105],"tags":[],"class_list":{"0":"post-26126","1":"post","2":"type-post","3":"status-publish","4":"format-standard","5":"has-post-thumbnail","7":"category-mexico","8":"category-politica","9":"category-principal"},"_links":{"self":[{"href":"https:\/\/www.regioncuatronoticias.com\/index.php\/wp-json\/wp\/v2\/posts\/26126","targetHints":{"allow":["GET"]}}],"collection":[{"href":"https:\/\/www.regioncuatronoticias.com\/index.php\/wp-json\/wp\/v2\/posts"}],"about":[{"href":"https:\/\/www.regioncuatronoticias.com\/index.php\/wp-json\/wp\/v2\/types\/post"}],"author":[{"embeddable":true,"href":"https:\/\/www.regioncuatronoticias.com\/index.php\/wp-json\/wp\/v2\/users\/1"}],"replies":[{"embeddable":true,"href":"https:\/\/www.regioncuatronoticias.com\/index.php\/wp-json\/wp\/v2\/comments?post=26126"}],"version-history":[{"count":1,"href":"https:\/\/www.regioncuatronoticias.com\/index.php\/wp-json\/wp\/v2\/posts\/26126\/revisions"}],"predecessor-version":[{"id":26128,"href":"https:\/\/www.regioncuatronoticias.com\/index.php\/wp-json\/wp\/v2\/posts\/26126\/revisions\/26128"}],"wp:featuredmedia":[{"embeddable":true,"href":"https:\/\/www.regioncuatronoticias.com\/index.php\/wp-json\/wp\/v2\/media\/26127"}],"wp:attachment":[{"href":"https:\/\/www.regioncuatronoticias.com\/index.php\/wp-json\/wp\/v2\/media?parent=26126"}],"wp:term":[{"taxonomy":"category","embeddable":true,"href":"https:\/\/www.regioncuatronoticias.com\/index.php\/wp-json\/wp\/v2\/categories?post=26126"},{"taxonomy":"post_tag","embeddable":true,"href":"https:\/\/www.regioncuatronoticias.com\/index.php\/wp-json\/wp\/v2\/tags?post=26126"}],"curies":[{"name":"wp","href":"https:\/\/api.w.org\/{rel}","templated":true}]}}