{"id":26105,"date":"2025-03-20T21:51:08","date_gmt":"2025-03-21T04:51:08","guid":{"rendered":"https:\/\/www.regioncuatronoticias.com\/?p=26105"},"modified":"2025-03-20T21:51:11","modified_gmt":"2025-03-21T04:51:11","slug":"huelga-sin-vacaciones","status":"publish","type":"post","link":"https:\/\/www.regioncuatronoticias.com\/index.php\/2025\/03\/20\/huelga-sin-vacaciones\/","title":{"rendered":"Huelga sin vacaciones"},"content":{"rendered":"\n<p><strong>Columna Corren Rumores<\/strong><\/p>\n\n\n\n<p><strong>Hilario Olea<\/strong><\/p>\n\n\n\n<p><strong>Huelga sin vacaciones<\/strong><\/p>\n\n\n\n<p><strong>Jueves 20 de marzo de 2025<\/strong><\/p>\n\n\n\n<p><strong>EMPLAZAN STAUS Y STEUS\u2026 <\/strong>Como pasa&nbsp; cada a\u00f1o&nbsp; los sindicatos universitarios del STAUS y STEUS presentaron su emplazamiento a huelga para finales del mes de abril. \u00bfPor qu\u00e9 para estas fechas? Tiene su raz\u00f3n de ser&nbsp; estrat\u00e9gico, y no porque se les facilite con las autoridades laborales, sino porque&nbsp; se corre el riesgo de que se vean obligados a tener que estallar la huelga y entonces&nbsp; tienen que quedarse de guardia. \u00bfY? Que ya una vez se les ocurri\u00f3 emplazar justo d\u00edas antes de Semana Santa y al venirse el paro, tuvieron que echarse las vacaciones santas y de Pascua haciendo guardia. Este fue un error de la entonces dirigente del STEUS, Dorotea Rasc\u00f3n,. Incluso tuvieron que contratar veladores para que hicieran las guardias por los trabajadores.&nbsp; Desde entonces&nbsp; si se fijan las huelgas estallan saliendo de este per\u00edodo vacacional.<\/p>\n\n\n\n<p><strong>VAN POR POCO\u2026 <\/strong>En esta ocasi\u00f3n no creemos que la sangre llegue al r\u00edo con los sindicatos universitarios porque en realidad no es mucho lo que est\u00e1n pidiendo. Antes ped\u00edan a lo loco, hasta el 100% de aumento salarial.&nbsp; Hoy unos piden 10% y otros 20% como base para ponerse a negociar. Adem\u00e1s, ambos sindicatos no est\u00e1n confrontados con el gobierno estatal,&nbsp; por lo que no usar\u00e1n de pretexto los emplazamientos para paralizar a la UNISON. Lo que si, es que todo hace indicar que el nuevo rector o rectora le tocar\u00e1 amarrar las negociaciones.&nbsp; Algo que en este momento le cae como anillo al dedo a Cuauht\u00e9moc Gonz\u00e1lez. Pero veremos c\u00f3mo evoluciona, porque&nbsp; nunca la venden tan barata. Por lo pronto y para mostrar m\u00fasculo ya se manifestaron contra el ISSSTESON.<\/p>\n\n\n\n<p><strong>DIVISION INTERNA\u2026<\/strong> Qu\u00e9 hace que eran contados los colectivos de madres buscadoras, porque era una tarea adem\u00e1s de ardua, muy peligrosa. En Sonora solo conoc\u00edamos el trabajo de Ceci Flores y la dif\u00edcil misi\u00f3n de buscar seres queridos desaparecidos o asesinados. Hoy sin embargo han surgido a raudales.&nbsp; Algunos esc\u00e9pticos pensar\u00e1n que es buen negocio, pero nosotros seguimos pensando en que es un gran sacrificio con alto riesgo. Lo malo, que ahora que han aumentado el n\u00famero de estos colectivos en lugar de buscar la unidad comienzan a darse choques y fricciones entre ellos. La \u00faltima confrontaci\u00f3n fue entre unos colectivos y Ceci Flores por el caso del rancho Izaguirre en Teuchitl\u00e1n, Jalisco. Ya cayeron en el mal juego de pelearse p\u00fablicamente. Lo lamentable es que en esto los \u00fanicos que salen ganando son los grupos criminales, porque dejan de ser se\u00f1alados como los autores de cr\u00edmenes y tragedias. Lamentable que no&nbsp; haya cordialidad entre ellos.<\/p>\n\n\n\n<p><strong>LA CASA LLENA\u2026 <\/strong>Este s\u00e1bado se supone que el PRI estatal va a estar de manteles largos y con la casa llena, porque seg\u00fan esto tiene una reuni\u00f3n regional para mostrar el m\u00fasculo. El evento ser\u00e1 encabezado por el propio Alito Moreno y se aprovechar\u00e1 para tomarle la protesta a Lupita Soto Holgu\u00edn, como presidenta y a On\u00e9simo Aguilera como secretario general. Se espera la asistencia de dirigentes estatales, liderazgos, alcaldes y legisladores no solo de Sonora, sino de varios estados del noroeste y norte del pa\u00eds. Va a estar interesante porque se sabr\u00e1 cual es la l\u00ednea directa de la dirigencia nacional. Se sabr\u00e1 si realmente el&nbsp; PRI asume papel de oposici\u00f3n&nbsp; o se suma&nbsp; al trabajo de comparsa que hacen otros partidos. Por cierto, se andan preguntando si tendr\u00e1n como invitado de honor al alcalde de Hermosillo, To\u00f1o Astiazar\u00e1n, al fin y al cabo es un aliado.<\/p>\n\n\n\n<p><strong>LIMPIEZA GENERAL\u2026 <\/strong>Otra versi\u00f3n que corre por el campo es que Alito Moreno aprovechar\u00e1 su visita a Sonora para confirmar la limpia en el PRI de todo lo que huela al senador Beltrones.&nbsp; Dicen las malas lenguas, que por algo son malas,&nbsp; que le pidi\u00f3 una lista a Lupita Soto para comenzar con la degollina de beltronistas. Una prueba de ello fue la salida sorpresiva de Rogelio D\u00edaz Brown y sus colaboradores.&nbsp; Pero eso se confirmar\u00e1 hasta este s\u00e1bado cuando se pase revista a los asistentes y sobre todo se haga chequeo de los ausentes. Ser\u00eda un grave error dividir de esta manera a ese partido de por si muy fregado.&nbsp; Ahora perder m\u00e1s activos pol\u00edticos ser\u00eda una tonter\u00eda. Pero bueno, as\u00ed se las gastan.<\/p>\n\n\n\n<p><strong>En fin, por eso mejor recuerden lo que dec\u00eda el Polo Ram\u00edrez, el que se va para la villa, se ve que no tiene nada que hacer. Sale.&nbsp;<\/strong><\/p>\n\n\n\n<p><strong>S\u00edganos en la cuenta de X o Twitter @hilarioolea.<\/strong><\/p>\n\n\n\n<p><strong>Pueden vernos de lunes a viernes de 8 a 9 de la noche en nuestro canal de YouTube \u201cEntre Todos Digital\u201d.<\/strong><\/p>\n\n\n\n<p><strong>Sigan nuestras redes sociales<\/strong><\/p>\n","protected":false},"excerpt":{"rendered":"<p>Columna Corren Rumores Hilario Olea Huelga sin vacaciones Jueves 20 de marzo de 2025 EMPLAZAN STAUS Y STEUS\u2026 Como pasa&nbsp; cada a\u00f1o&nbsp; los sindicatos universitarios del STAUS y STEUS presentaron su emplazamiento a huelga para finales del mes de abril. \u00bfPor qu\u00e9 para estas fechas? Tiene su raz\u00f3n de ser&nbsp; estrat\u00e9gico, y no porque se [&hellip;]<\/p>\n","protected":false},"author":1,"featured_media":26106,"comment_status":"open","ping_status":"open","sticky":false,"template":"","format":"standard","meta":{"content-type":"","footnotes":""},"categories":[121],"tags":[],"class_list":{"0":"post-26105","1":"post","2":"type-post","3":"status-publish","4":"format-standard","5":"has-post-thumbnail","7":"category-hilarioolea"},"_links":{"self":[{"href":"https:\/\/www.regioncuatronoticias.com\/index.php\/wp-json\/wp\/v2\/posts\/26105","targetHints":{"allow":["GET"]}}],"collection":[{"href":"https:\/\/www.regioncuatronoticias.com\/index.php\/wp-json\/wp\/v2\/posts"}],"about":[{"href":"https:\/\/www.regioncuatronoticias.com\/index.php\/wp-json\/wp\/v2\/types\/post"}],"author":[{"embeddable":true,"href":"https:\/\/www.regioncuatronoticias.com\/index.php\/wp-json\/wp\/v2\/users\/1"}],"replies":[{"embeddable":true,"href":"https:\/\/www.regioncuatronoticias.com\/index.php\/wp-json\/wp\/v2\/comments?post=26105"}],"version-history":[{"count":1,"href":"https:\/\/www.regioncuatronoticias.com\/index.php\/wp-json\/wp\/v2\/posts\/26105\/revisions"}],"predecessor-version":[{"id":26107,"href":"https:\/\/www.regioncuatronoticias.com\/index.php\/wp-json\/wp\/v2\/posts\/26105\/revisions\/26107"}],"wp:featuredmedia":[{"embeddable":true,"href":"https:\/\/www.regioncuatronoticias.com\/index.php\/wp-json\/wp\/v2\/media\/26106"}],"wp:attachment":[{"href":"https:\/\/www.regioncuatronoticias.com\/index.php\/wp-json\/wp\/v2\/media?parent=26105"}],"wp:term":[{"taxonomy":"category","embeddable":true,"href":"https:\/\/www.regioncuatronoticias.com\/index.php\/wp-json\/wp\/v2\/categories?post=26105"},{"taxonomy":"post_tag","embeddable":true,"href":"https:\/\/www.regioncuatronoticias.com\/index.php\/wp-json\/wp\/v2\/tags?post=26105"}],"curies":[{"name":"wp","href":"https:\/\/api.w.org\/{rel}","templated":true}]}}