{"id":26102,"date":"2025-03-20T08:44:46","date_gmt":"2025-03-20T15:44:46","guid":{"rendered":"https:\/\/www.regioncuatronoticias.com\/?p=26102"},"modified":"2025-03-20T08:44:49","modified_gmt":"2025-03-20T15:44:49","slug":"si-fue-un-montaje-pero-de-quien","status":"publish","type":"post","link":"https:\/\/www.regioncuatronoticias.com\/index.php\/2025\/03\/20\/si-fue-un-montaje-pero-de-quien\/","title":{"rendered":"S\u00ed fue un montaje, pero \u00bfde qui\u00e9n?"},"content":{"rendered":"\n<p><strong>Columna El Zancudo<\/strong><\/p>\n\n\n\n<p><strong>Arturo Soto Mungu\u00eda<\/strong><\/p>\n\n\n\n<p><strong>S\u00ed fue un montaje, pero \u00bfde qui\u00e9n?<\/strong><\/p>\n\n\n\n<p><strong>Jueves 20 de marzo de 2025<\/strong><\/p>\n\n\n\n<p>A estas alturas, nadie parece tener dudas de que el video difundido recientemente en el que aparecen presuntos sicarios del C\u00e1rtel Jalisco Nueva Generaci\u00f3n fustigando a los medios y a las \u2018madres buscadoras\u2019 se trata de un montaje.<\/p>\n\n\n\n<p>La gran duda que flota en el ambiente es sobre su autor\u00eda, y la respuesta a la pregunta de qui\u00e9n lo hizo no es un tema menor. Tiene que ver con el grado de perversidad al que ha escalado la disputa por el poder pol\u00edtico y econ\u00f3mico de este pa\u00eds y, si me apuran tantito, tambi\u00e9n de otros.<\/p>\n\n\n\n<p>&nbsp;Si alguien cree que la quejumbre la presidenta Claudia Sheinbaum por los 4 millones de pesos que seg\u00fan sus dichos se gast\u00f3 la oposici\u00f3n en alimentar tendencias en redes sociales es mucho, o es ingenuo o no quiere sacar cuentas sobre cu\u00e1nto se gasta el gobierno federal en alimentar sus propias granjas de trolls, bots y cuentas oficiales y oficiosas en la guerra por la percepci\u00f3n.<\/p>\n\n\n\n<p>&nbsp;Veamos: tanto desde el gobierno como desde la oposici\u00f3n se cuenta con profesionales de la comunicaci\u00f3n, la psicolog\u00eda de masas, el marketing, las campa\u00f1as negras, la guerra sucia y entre otras cosas, la inferencia en redes sociales para generar percepciones.<\/p>\n\n\n\n<p>La oposici\u00f3n acusa al gobierno de ser el autor de tal montaje, tomando como base el \u2018empate\u2019 de la narrativa del sicario que aparece como vocero del CJNG, con la narrativa oficial que siembra la duda sobre la existencia del \u2018campo de exterminio\u2019 en el Rancho Izaguirre en Teuchitl\u00e1n, Jalisco; duda tambi\u00e9n de la buena fe de las madres buscadoras y las cuestiona, tal como sucede con granjas de bots oficiales y oficiosos con una campa\u00f1a en ese sentido.<\/p>\n\n\n\n<p>&nbsp;Pensar que fue el gobierno quien llev\u00f3 a cabo ese montaje plantea la disyuntiva entre un alto grado de sagacidad para ser tan obvios que \u2018enganchen\u2019 a la oposici\u00f3n en esas certezas, o una tremenda estupidez para autoincriminarse tan burdamente.<\/p>\n\n\n\n<p>&nbsp;Del otro lado, voceros gubernamentales sugieren que se trat\u00f3 de un montaje de la oposici\u00f3n (donde hay experiencia basta en esos menesteres, si no que le pregunten a Carlos Loret de Mola), pero eso plantea la misma disyuntiva entre la sagacidad y la estupidez, porque el empate de la narrativa sicaria con la oficial es tan burda \u2013incluyendo la bien educada dicci\u00f3n del vocero sicario\u2013 que levanta toda clase de escepticismos.<\/p>\n\n\n\n<p>&nbsp;Lo que es un hecho incontrovertible es que ya pasamos de la lucha pol\u00edtica en las calles y las urnas, a la guerra medi\u00e1tica, de percepciones a trav\u00e9s de manipulaci\u00f3n informativa, campa\u00f1as sucias y descaro absoluto. Una guerra que tiene soldados y generales en ambos bandos: el oficial y el de la oposici\u00f3n.<\/p>\n\n\n\n<p>&nbsp;Qu\u00e9 interesante.<\/p>\n\n\n\n<p><strong>&nbsp;II<\/strong><\/p>\n\n\n\n<p>En el aparentemente largo tramo que falta para la definici\u00f3n de candidaturas rumbo al 2027, todos siguen haciendo su luchita para posicionarse, especialmente en lo que corresponde al cargo m\u00e1s importante que estar\u00e1 en disputa en Sonora: la gubernatura.<\/p>\n\n\n\n<p>Naturalmente son bien pocos, si acaso hay alguno, los nombres que se manejan desde la oposici\u00f3n al gobierno de Morena, pero en este partido y sus aliados es donde se libra una verdadera batalla por la trascendencia.<\/p>\n\n\n\n<p>&nbsp;La m\u00e1s reciente encuesta de la empresa HERSALCOP ubica a la senadora Lorenia Valles como la legisladora federal mejor evaluada, con 63 por ciento, por encima de otros senadores como \u00d3scar Cant\u00f3n Zetina, Ra\u00fal Mor\u00f3n Orozco y la mism\u00edsima Andrea Ch\u00e1vez, que aparece en cuarto lugar pese a ser la que m\u00e1s ha invertido en imagen p\u00fablica desde que inici\u00f3 su gesti\u00f3n.<\/p>\n\n\n\n<p>&nbsp;Las encuestas, se sabe, en su mayor\u00eda han dejado de ser un instrumento de medici\u00f3n real y como reza el lugar com\u00fan, son \u2018fotograf\u00edas del momento\u2019, pero siguen siendo un recurso empleado para posicionar nombres y rostros, algo que por cierto ha hecho bien Lorenia Valles no solo a trav\u00e9s de estos ejercicios demosc\u00f3picos, sino de un constante activismo en distintos frentes.<\/p>\n\n\n\n<p>&nbsp;No en balde muchos la ubican como una de las seguras finalistas en la recta final de este anticipad\u00edsimo proceso y hay quienes apuestan tronchado a que ser\u00e1 la candidata de Morena y sus aliados en 2027 que, como ustedes saben en Sonora es el inicio de la primera gubernatura de tres a\u00f1os. Esto, por una reforma legal promovida por el gobernador Alfonso Durazo para \u2018empatar\u2019 la elecci\u00f3n presidencial de 2030 con la de la gubernatura en el estado.<\/p>\n\n\n\n<p>Por cierto, no me lo crean a m\u00ed, pero me llegan versiones desde el altiplano en el sentido de que hay un grupo de morenistas de varios estados de la Rep\u00fablica intentando revertir esa reforma. No lo tomen como algo seguro, pero el r\u00edo comienza a sonar por ese lado.<\/p>\n\n\n\n<p>&nbsp;El punto es que junto con el senador Heriberto Aguilar, Lorenia no ha dejado de \u2018sonar\u2019 como posible abanderada en 2027. Ambos son de los m\u00e1s mencionados, sin contar a otros que tambi\u00e9n hacen su luchita.<\/p>\n\n\n\n<p>&nbsp;Uno de ellos apareci\u00f3 nuevamente ayer (ya ha aparecido en varias encuestas) y se trata del alcalde de Cajeme, Javier Lamarque Cano, quien al menos en tres ocasiones anteriores pidi\u00f3 \u2018que lo dieran por muerto\u2019 en la pr\u00f3xima contienda.<\/p>\n\n\n\n<p>&nbsp;Sin embargo ayer en una entrevista concedida al colega y amigo Luciano Sabatini, el cajemense declar\u00f3 que \u201cya no digo que no a la gubernatura (porque) las circunstancias se han ido dando\u201d.<\/p>\n\n\n\n<p>&nbsp;\u00bfA qu\u00e9 circunstancias se refiere el alcalde de Cajeme?<\/p>\n\n\n\n<p>&nbsp;Se los dejo de tarea, pero pueden aventurar hip\u00f3tesis en los comentarios.<\/p>\n\n\n\n<p><strong>&nbsp;III<\/strong><\/p>\n\n\n\n<p>No paran los eventos alusivos al D\u00eda Internacional de la Mujer (de hecho, todo el mes de marzo ya es considerado como el mes de la mujer) y en ese contexto ayer se llev\u00f3 a cabo en el Centro de Gobierno un gran feria en la que se ofertaron m\u00e1s de mil plazas laborales para ellas.<\/p>\n\n\n\n<p>&nbsp;M\u00e1s de 40 empresas convocadas por la Secretar\u00eda del Trabajo en el estado instalaron sus stands ofreciendo puestos de la m\u00e1s diversa naturaleza y hasta all\u00ed acudieron cientos de mujeres con solicitudes en mano buscando colocarse en un empleo que contribuya a sacar adelante a sus familias.<\/p>\n\n\n\n<p>&nbsp;El gobernador Alfonso Durazo fue el encargado de inaugurar la Feria Nacional de Empleo para Mujeres y puso el acento en un tema de innegable vigencia: las pol\u00edticas p\u00fablicas orientadas a acabar con el machismo en todos los \u00e1mbitos de la vida p\u00fablica y familiar.<\/p>\n\n\n\n<p>&nbsp;Porque otra forma de machismo, dijo, es la dependencia econ\u00f3mica de las mujeres respecto al hombre, y de all\u00ed la importancia de rescatar progresivamente a las mujeres, mediante eventos como este, de esa dependencia.<\/p>\n\n\n\n<p><strong>IV<\/strong><\/p>\n\n\n\n<p>Y como no hay plazo que no se cumpla ni fecha que no se llegue, el pr\u00f3ximo domingo ser\u00e1 inaugurada la primera etapa del rescatado parque La Sauceda en Hermosillo, una obra en la que se invirtieron m\u00e1s de cien millones de pesos despu\u00e9s de m\u00e1s de dos d\u00e9cadas de abandono.<\/p>\n\n\n\n<p>&nbsp;El concepto es distinto al que originalmente tuvo ese parque, donde hab\u00eda chapoteaderos, alberca con tobog\u00e1n, un lago y otras amenidades que implicaban un derroche de agua, recurso que en estos a\u00f1os es el bien m\u00e1s preciado por escaso.<\/p>\n\n\n\n<p>&nbsp;A cambio, tendr\u00e1 grandes espacios para la recreaci\u00f3n y el deporte, un totalmente remozado teatro al aire libre, andadores y \u00e1reas reforestadas.<\/p>\n\n\n\n<p>&nbsp;El gobierno del estado est\u00e1 invitando a la inauguraci\u00f3n, que ser\u00e1 por todo lo alto y contar\u00e1 con la presencia nada menos que de Car\u00edn Le\u00f3n, el famos\u00edsimo cantante hermosillense que la est\u00e1 rompiendo en los escenarios&nbsp; internacionales.<\/p>\n\n\n\n<p><strong>&nbsp;Tambi\u00e9n me puedes seguir en X: @Chaposoto<\/strong><\/p>\n\n\n\n<p><strong>Visita www.elzancudo.com.mx<\/strong><\/p>\n","protected":false},"excerpt":{"rendered":"<p>Columna El Zancudo Arturo Soto Mungu\u00eda S\u00ed fue un montaje, pero \u00bfde qui\u00e9n? Jueves 20 de marzo de 2025 A estas alturas, nadie parece tener dudas de que el video difundido recientemente en el que aparecen presuntos sicarios del C\u00e1rtel Jalisco Nueva Generaci\u00f3n fustigando a los medios y a las \u2018madres buscadoras\u2019 se trata de [&hellip;]<\/p>\n","protected":false},"author":1,"featured_media":26103,"comment_status":"open","ping_status":"open","sticky":false,"template":"","format":"standard","meta":{"content-type":"","footnotes":""},"categories":[125],"tags":[],"class_list":{"0":"post-26102","1":"post","2":"type-post","3":"status-publish","4":"format-standard","5":"has-post-thumbnail","7":"category-arturo-soto-munguia"},"_links":{"self":[{"href":"https:\/\/www.regioncuatronoticias.com\/index.php\/wp-json\/wp\/v2\/posts\/26102","targetHints":{"allow":["GET"]}}],"collection":[{"href":"https:\/\/www.regioncuatronoticias.com\/index.php\/wp-json\/wp\/v2\/posts"}],"about":[{"href":"https:\/\/www.regioncuatronoticias.com\/index.php\/wp-json\/wp\/v2\/types\/post"}],"author":[{"embeddable":true,"href":"https:\/\/www.regioncuatronoticias.com\/index.php\/wp-json\/wp\/v2\/users\/1"}],"replies":[{"embeddable":true,"href":"https:\/\/www.regioncuatronoticias.com\/index.php\/wp-json\/wp\/v2\/comments?post=26102"}],"version-history":[{"count":1,"href":"https:\/\/www.regioncuatronoticias.com\/index.php\/wp-json\/wp\/v2\/posts\/26102\/revisions"}],"predecessor-version":[{"id":26104,"href":"https:\/\/www.regioncuatronoticias.com\/index.php\/wp-json\/wp\/v2\/posts\/26102\/revisions\/26104"}],"wp:featuredmedia":[{"embeddable":true,"href":"https:\/\/www.regioncuatronoticias.com\/index.php\/wp-json\/wp\/v2\/media\/26103"}],"wp:attachment":[{"href":"https:\/\/www.regioncuatronoticias.com\/index.php\/wp-json\/wp\/v2\/media?parent=26102"}],"wp:term":[{"taxonomy":"category","embeddable":true,"href":"https:\/\/www.regioncuatronoticias.com\/index.php\/wp-json\/wp\/v2\/categories?post=26102"},{"taxonomy":"post_tag","embeddable":true,"href":"https:\/\/www.regioncuatronoticias.com\/index.php\/wp-json\/wp\/v2\/tags?post=26102"}],"curies":[{"name":"wp","href":"https:\/\/api.w.org\/{rel}","templated":true}]}}