{"id":26078,"date":"2025-03-19T00:00:35","date_gmt":"2025-03-19T07:00:35","guid":{"rendered":"https:\/\/www.regioncuatronoticias.com\/?p=26078"},"modified":"2025-03-19T00:00:38","modified_gmt":"2025-03-19T07:00:38","slug":"publicar-o-borrar-he-ahi-el-dilema","status":"publish","type":"post","link":"https:\/\/www.regioncuatronoticias.com\/index.php\/2025\/03\/19\/publicar-o-borrar-he-ahi-el-dilema\/","title":{"rendered":"Publicar o borrar, he ah\u00ed el dilema"},"content":{"rendered":"\n<p><strong>Columna Encuadre<\/strong><\/p>\n\n\n\n<p><strong>Jos\u00e9 F. Medina<\/strong><\/p>\n\n\n\n<p><strong>&nbsp;Publicar o borrar, he ah\u00ed el dilema<\/strong><\/p>\n\n\n\n<p><strong>Mi\u00e9rcoles 19 de marzo de 2025<\/strong><\/p>\n\n\n\n<p>Nuevamente las malditas y benditas redes sociales la volvieron a hacer.<\/p>\n\n\n\n<p>Aunque la presidenta Sheinbaum afirme que menos del 20 por ciento de los mexicanos utilizan la red social X (antes Twitter), y que \u201cmuchos ni siquieran la usan\u201d, lo cierto es que la clase pol\u00edtica por ah\u00ed desfoga sus frustraciones y\/o preocupaciones, ideas, posturas, desamores, cobro de venganzas presentes, pasadas y hasta futuras, y uno que otro desacierto que puede comprometer su reputaci\u00f3n personal, su carrera profesional y hasta su trabajo. X es una jungla.<\/p>\n\n\n\n<p>Para los periodistas que nos dedicamos a ver \u201cmoros con tranchete\u201d o como dir\u00eda un amigo, a cumplir nuestro autoencargo de \u201cmitoteros profesionales\u201d, X vale oro.<\/p>\n\n\n\n<p>Este cuento viene a colaci\u00f3n porque ayer, en esta red social circul\u00f3 un post mediante el cual se dio a conocer el retiro de otro post del \u201ctime line\u201d de Judith Armenta, la dirigente estatal de Morena, en donde este partido pol\u00edtico se deslindaba de un tal Mario Naranjo, presunto maltratador de mujeres, que por lo que pude saber escuchando a la colega y amiga Michelle Rivera en Radio F\u00f3rmula Hermosillo, apareci\u00f3 en una foto con los senadores morenistas Lorenia Valles y Heriberto Aguilar, el alcalde de Caborca, \u201cEl Cubano\u201d Mier, entre otros personajes, durante un glamuroso evento en San Carlos Nuevo Guaymas.<\/p>\n\n\n\n<p>Hasta aqu\u00ed, todo bien; conociendo la lucha de Judith a favor de las mujeres, el susodicho deslinde medi\u00e1tico de su partido con el joven Naranjo se antojaba justo y necesario.<\/p>\n\n\n\n<p>Pero, oooh, surprise!!\u2026tiempito despu\u00e9s, la dirigente del moren\u00edo sonorense borr\u00f3 el post, y la fauna coment\u00f3crata (esa a la que no quiere la presidenta Sheinbaum y de la cual formo parte) le cay\u00f3 encima.<\/p>\n\n\n\n<p>Que si las mujeres morenistas no tienen voz; que si les orden callar, pues a callar; que el retiro \u201cobligado\u201d del post es violencia; que esto va en contra del sentir de la Presidenta; que si esto, que si lo otro\u2026se solt\u00f3 la jaur\u00eda en la jungla.<\/p>\n\n\n\n<p>Medio coincido con quienes opinan todo lo anterior, y aun m\u00e1s, creo que Judith Armenta tendr\u00eda la obligaci\u00f3n, al menos, de aclarar\/explicar que fue lo que pas\u00f3 con su post original y su posterior retiro, porque ser\u00eda mucho pedir el saber qui\u00e9n se lo sugiri\u00f3\/orden\u00f3.<\/p>\n\n\n\n<p>La defensa de los derechos de las mujeres no deber\u00eda sujetarse a los vaivenes pol\u00edtico-partidistas; en ello no debe de haber concesiones, so riesgo de echar a perder toda una trayectoria personal en una lucha leg\u00edtima\u2026como en el caso de Judith.<\/p>\n\n\n\n<p>La defensa del nombramiento de Mario Naranjo hecho por el comit\u00e9 nacional de Morena, pero avalado a nivel local, no vale la pena<\/p>\n\n\n\n<p>Lo que hacen las malditas y benditas redes sociales.<\/p>\n\n\n\n<p>&nbsp;<strong>VA PA\u00b4 TRAS LA REFORMA A LEY DEL ISSSTE<\/strong><\/p>\n\n\n\n<p>Cuando ya estaba todo listo para el trio de eventos que sostendr\u00edan los maestros sonorenses en su lucha contra la reforma a la Ley del Isssteson, la doctora Sheinbaum les gan\u00f3 el \u201ctir\u00f3n\u201d y orden\u00f3 este martes su retiro de la c\u00e1mara de diputados, en donde ya se encontraba desde principios de febrero para su an\u00e1lisis y discusi\u00f3n.<\/p>\n\n\n\n<p>Tras una reuni\u00f3n con representantes de la Coordinaci\u00f3n Nacional de los Trabajadores de la Educaci\u00f3n, rival sindical del SNTE, la mandataria hizo valer su derecho al retiro de la mencionada iniciativa de reforma, que seg\u00fan la secretaria de Gobernaci\u00f3n, Rosa Icela Rodr\u00edguez, conten\u00eda beneficios para los docentes del pa\u00eds, y que ahora se impulsar\u00e1n por la vida administrativa, a trav\u00e9s de decretos que emitir\u00e1 la propia Jefa del Ejecutivo Federal.<\/p>\n\n\n\n<p>Por medio de redes sociales (incluida su cuenta de X, by the way), Rodr\u00edguez apunt\u00f3 que con ello se privilegia \u201cel respeto, el di\u00e1logo y los derechos laborales\u201d de los docentes. Hasta ahorita se va dando cuenta.<\/p>\n\n\n\n<p>La mera neta del planeta es que este tema ya se le estaba complicando much\u00edsimo a la administraci\u00f3n federal, con marchas, manifestaciones y plantones de los profes a lo largo y ancho del pa\u00eds, y algo hab\u00eda qu\u00e9 hacer. El retiro de la iniciativa, la salida. El horno no est\u00e1 para bollos. Hizo bien la Presidenta.<\/p>\n\n\n\n<p>&nbsp;<strong>ENCUADRE PUNZANTE<\/strong><\/p>\n\n\n\n<p>1). \u201cYa d\u00e9jenlo en paz\u201d. Sheinbaum defiende al \u201cindefenso\u201d L\u00f3pez Obrador, por el caso Teuchitl\u00e1n. Como si el ex no supiera c\u00f3mo \u201ccapotear\u201d los golpes verbales. Pobrecito.<\/p>\n\n\n\n<p>2). Diez esposas de expolic\u00edas muertos en el cumplimiento de su deber causaron este martes un brutal congestionamiento vial en Hermosillo. S\u00ed, diez. Protestaron en la calle por el incumplimiento de pago por parte del Ejecutivo Estatal.<\/p>\n\n\n\n<p>3). El presidente del Senado, Gerardo Fern\u00e1ndez Noro\u00f1a, \u201celbocasuelta\u201d, se nos fue a Francia a una reuni\u00f3n de parlamentarios. Deja la v\u00edbora chillando por sus apreciaciones en el tema del Rancho Izaguirre, en Teuchitl\u00e1n. Qu\u00e9 agusticidad!!.<\/p>\n\n\n\n<p>4). Cuauht\u00e9moc Blanco, el exfutbolista, exgobernador de Morelos y ahora diputado federal por Morena, se mantiene en la \u201ccuerda floja\u201d, tras ser acusado de violaci\u00f3n por una media-hermana. El desafuero como legislador pende sobre su cabeza, aunque hay visos de protecci\u00f3n partidista.<\/p>\n\n\n\n<p><strong>ENCUADRE CULTURAL<\/strong><\/p>\n\n\n\n<p>En el marco del D\u00eda Mundial de la Poes\u00eda, este pr\u00f3ximo viernes 21, en punto de las cinco de la tarde, en el restaurant \u00c1rbol de Vida, los Escritores de Sonora estar\u00e1n en una nueva edici\u00f3n de su Caf\u00e9 de Letras, leyendo y compartiendo, obvio, poes\u00eda.<\/p>\n\n\n\n<p>El evento servir\u00e1 tambi\u00e9n de pretexto para una colecta de libros infantiles y juveniles, que posteriormente ser\u00e1n donados para ampliar los c\u00edrculos de lectura.<\/p>\n\n\n\n<p>Habr\u00e1 micr\u00f3fono abierto para quien quiera compartir las poes\u00edas propias o ajenas, teniendo como anfitriona a la querida amiga y colega Sylvia Manr\u00edquez. Ayquir.<\/p>\n\n\n\n<p>IN PROXIMUM<\/p>\n\n\n\n<p><strong>&nbsp;Me puedes seguir en FB: Jos\u00e9 Felipe Medina<\/strong><\/p>\n\n\n\n<p><strong>En X: @josefe31, @fm_informativo<\/strong><\/p>\n\n\n\n<p><strong>Correo electr\u00f3nico: josefe31@hotmail.com, josefe31@gmail.com<\/strong><\/p>\n\n\n\n<p><strong>FMINFORMATIVO.COM<\/strong><\/p>\n","protected":false},"excerpt":{"rendered":"<p>Columna Encuadre Jos\u00e9 F. Medina &nbsp;Publicar o borrar, he ah\u00ed el dilema Mi\u00e9rcoles 19 de marzo de 2025 Nuevamente las malditas y benditas redes sociales la volvieron a hacer. Aunque la presidenta Sheinbaum afirme que menos del 20 por ciento de los mexicanos utilizan la red social X (antes Twitter), y que \u201cmuchos ni siquieran [&hellip;]<\/p>\n","protected":false},"author":1,"featured_media":26079,"comment_status":"open","ping_status":"open","sticky":false,"template":"","format":"standard","meta":{"content-type":"","footnotes":""},"categories":[122],"tags":[],"class_list":{"0":"post-26078","1":"post","2":"type-post","3":"status-publish","4":"format-standard","5":"has-post-thumbnail","7":"category-jose-felipe-medina"},"_links":{"self":[{"href":"https:\/\/www.regioncuatronoticias.com\/index.php\/wp-json\/wp\/v2\/posts\/26078","targetHints":{"allow":["GET"]}}],"collection":[{"href":"https:\/\/www.regioncuatronoticias.com\/index.php\/wp-json\/wp\/v2\/posts"}],"about":[{"href":"https:\/\/www.regioncuatronoticias.com\/index.php\/wp-json\/wp\/v2\/types\/post"}],"author":[{"embeddable":true,"href":"https:\/\/www.regioncuatronoticias.com\/index.php\/wp-json\/wp\/v2\/users\/1"}],"replies":[{"embeddable":true,"href":"https:\/\/www.regioncuatronoticias.com\/index.php\/wp-json\/wp\/v2\/comments?post=26078"}],"version-history":[{"count":1,"href":"https:\/\/www.regioncuatronoticias.com\/index.php\/wp-json\/wp\/v2\/posts\/26078\/revisions"}],"predecessor-version":[{"id":26080,"href":"https:\/\/www.regioncuatronoticias.com\/index.php\/wp-json\/wp\/v2\/posts\/26078\/revisions\/26080"}],"wp:featuredmedia":[{"embeddable":true,"href":"https:\/\/www.regioncuatronoticias.com\/index.php\/wp-json\/wp\/v2\/media\/26079"}],"wp:attachment":[{"href":"https:\/\/www.regioncuatronoticias.com\/index.php\/wp-json\/wp\/v2\/media?parent=26078"}],"wp:term":[{"taxonomy":"category","embeddable":true,"href":"https:\/\/www.regioncuatronoticias.com\/index.php\/wp-json\/wp\/v2\/categories?post=26078"},{"taxonomy":"post_tag","embeddable":true,"href":"https:\/\/www.regioncuatronoticias.com\/index.php\/wp-json\/wp\/v2\/tags?post=26078"}],"curies":[{"name":"wp","href":"https:\/\/api.w.org\/{rel}","templated":true}]}}