{"id":26075,"date":"2025-03-18T23:57:08","date_gmt":"2025-03-19T06:57:08","guid":{"rendered":"https:\/\/www.regioncuatronoticias.com\/?p=26075"},"modified":"2025-03-18T23:57:15","modified_gmt":"2025-03-19T06:57:15","slug":"se-le-mueve-una-patita-al-pri","status":"publish","type":"post","link":"https:\/\/www.regioncuatronoticias.com\/index.php\/2025\/03\/18\/se-le-mueve-una-patita-al-pri\/","title":{"rendered":"Se le mueve una patita al PRI"},"content":{"rendered":"\n<p><strong>Columna El Zancudo<\/strong><\/p>\n\n\n\n<p><strong>Arturo Soto Mungu\u00eda<\/strong><\/p>\n\n\n\n<p><strong>Se le mueve una patita al PRI<\/strong><\/p>\n\n\n\n<p><strong>Mi\u00e9rcoles 19 de marzo de 2025<\/strong><\/p>\n\n\n\n<p><strong>-Karla C\u00f3rdova: una nueva reelecci\u00f3n para la doctora<\/strong><\/p>\n\n\n\n<p>No es f\u00e1cil la tarea que le fue encomendada a Guadalupe Soto Holgu\u00edn en la dirigencia estatal del PRI, un partido que en los \u00faltimos tres procesos electorales &nbsp;ha sufrido reveses demoledores, comenzando por el de 2018 cuando a\u00fan gobernaba Sonora en la primera mitad del sexenio de Claudia Pavlovich Arellano.<\/p>\n\n\n\n<p>&nbsp;(Por cierto, me coment\u00f3 una fuente que presume de enterada, que la hoy C\u00f3nsul en Barcelona se encuentra en Hermosillo, aunque no me dijo si se quedar\u00e1 hasta el s\u00e1bado, cuando ande por estas tierras el dirigente nacional del PRI, Alito Moreno. Yo creo que no, o si est\u00e1, dif\u00edcilmente la veremos saludando a sus correligionarios\u2026 \u00bfo debo decir excorreligionarios?)<\/p>\n\n\n\n<p>&nbsp;Comerciales aparte, dec\u00edamos que a Lupita, que por cierto se desempe\u00f1\u00f3 durante todo el gobierno claudillero como diligente secretaria privada de la exgobernadora le tocaron tiempos adversos y asumi\u00f3 las riendas de un partido que atraviesa por una de sus peores crisis en todos los sentidos.<\/p>\n\n\n\n<p>Aun as\u00ed, frente a la adversidad, la huatabampense ha venido trabajando a contracorriente de la marea guinda y reci\u00e9n acaba de realizar una gira por el sur del estado tratando de reagrupar a las huestes tricolores que tampoco pasan por su mejor momento en t\u00e9rminos de convicci\u00f3n militante.<\/p>\n\n\n\n<p>&nbsp;En ese complicado escenario, Sonora ser\u00e1 sede el pr\u00f3ximo s\u00e1bado de un encuentro regional de evaluaci\u00f3n en el que participar\u00e1n dirigentes estatales, alcaldes, alcaldesas y legislador@s de Sonora, Sinaloa, Baja California, Baja California Sur, Nayarit, Chihuahua y el Estado de M\u00e9xico; estar\u00e1 presente tambi\u00e9n el dirigente nacional Alejandro Moreno C\u00e1rdenas, ante quien, junto a On\u00e9simo Aguilera, Lupita Soto rendir\u00e1 protesta formal como presidenta y secretario General respectivamente.<\/p>\n\n\n\n<p>&nbsp;Recordar\u00e1n que hace tres meses, ante una salida no por esperada, menos intempestiva de Rogelio D\u00edaz Brown de la dirigencia estatal, Lupita y On\u00e9simo asumieron esos cargos, pero hasta la fecha no se hab\u00eda dado el protocolo reglamentario, lo que ocurrir\u00e1 este s\u00e1bado.<\/p>\n\n\n\n<p>&nbsp;Total que este s\u00e1bado habr\u00e1 actividad por rumbos del viejo edificio de Kennedy y Colosio y ser\u00e1 interesante calibrar la capacidad de convocatoria y la animosidad con que los tricolores se preparan para afrontar las vicisitudes del horizontes que tienen enfrente.<\/p>\n\n\n\n<p><strong>&nbsp;II<\/strong><\/p>\n\n\n\n<p>En su segundo d\u00eda de gira por tierras californianas, el gobernador Alfonso Durazo sostuvo un encuentro con Jennifer Barrera, presidenta de la C\u00e1mara de Comercio de aquel estado de la Uni\u00f3n Americana para fortalecer las oportunidades de inversi\u00f3n en energ\u00edas sostenibles, electromovilidad y desarrollo tecnol\u00f3gico en la regi\u00f3n.<\/p>\n\n\n\n<p>&nbsp;El gobernador de Sonora anda por aquellas tierras con el Plan Sonora de Energ\u00edas Sostenibles bajo el brazo promocionando proyectos de generaci\u00f3n de energ\u00edas limpias, infraestructura para la electromovilidad y producci\u00f3n de semiconductores, temas en los que California ocupa un lugar important\u00edsimo en el vecino pa\u00eds del norte.<\/p>\n\n\n\n<p>&nbsp;Sonora, dijo el mandatario, es un destino clave para inversiones en este rubro dada su ubicaci\u00f3n geogr\u00e1fica privilegiada y su potencial en energ\u00edas renovables, temas que les fueron planteados tambi\u00e9n a l\u00edderes del Congreso californiano incluyendo al presidente de la Asamblea, Robert Rivas y el presidente Pro Tempore del Senado, Mike McGuire, as\u00ed como a asamble\u00edstas de la bancada latina del Capitolio de California, y Juan Carrillo, vicepresidente del Latino Caucus.<\/p>\n\n\n\n<p>&nbsp;El gobernador debi\u00f3 regresar ayer por la tarde de este periplo, y hoy por la ma\u00f1ana encabezar\u00e1 la Feria Nacional de Empleo de las Mujeres 2025 en la explanada del Centro de Gobierno.<\/p>\n\n\n\n<p><strong>&nbsp;III<\/strong><\/p>\n\n\n\n<p>Aun antes de tomar las calles, el magisterio mexicano mostr\u00f3 que sigue teniendo m\u00fasculo y ayer por la tarde trascendi\u00f3 que la presidenta Claudia Sheinbaum retir\u00f3 su iniciativa de reforma a la Ley del Issste que el personal al servicio de los poderes del estado, pero particularmente los docentes consideran nociva para sus condiciones laborales y contractuales.<\/p>\n\n\n\n<p>&nbsp;Sin embargo, los profes y las profes se mantienen en pie de lucha y siguen con sus planes de comenzar este jueves una jornada de movilizaci\u00f3n que culmina el viernes con un paro nacional. Habr\u00e1 manifestaciones en todo el pa\u00eds y hay que reconocer que Sheinbaum logr\u00f3 lo que nadie hab\u00eda logrado en d\u00e9cadas: sacar de sus aulas al magisterio organizado en todo el territorio nacional.<\/p>\n\n\n\n<p>&nbsp;Ayer en Hermosillo, un grupo de maestros en calidad de voceros de este movimiento dieron los pormenores de las movilizaciones y los or\u00edgenes de las mismas, fundamentalmente el tema de las pensiones y el de la atenci\u00f3n m\u00e9dica, apelando a la sensibilidad de los funcionarios federales y estatales, as\u00ed como a los y las legisladoras para que se solidaricen con este movimiento.<\/p>\n\n\n\n<p>Hicieron un llamado particularmente al secretario de Educaci\u00f3n y Cultura, Froyl\u00e1n G\u00e1mez, confiando en que su formaci\u00f3n de izquierda lo convoque a suscribir las demandas que est\u00e1 levantando el magisterio.<\/p>\n\n\n\n<p>&nbsp;Le pregunt\u00e9 a los voceros si la dirigencia formal del SNTE hab\u00eda quedado rebasada en este movimiento y uno de ellos solo dijo lac\u00f3nicamente que ellos (la dirigencia encabezada por F\u00e9lix Tabardillo) ten\u00edan sus propios m\u00e9todos y no iba a decir cu\u00e1les son \u201cpara no darle publicidad\u201d. Otro, m\u00e1s expl\u00edcito, dijo que los 26 mil profesores que tomaron las calles en Sonora durante la movilizaci\u00f3n de un par de semanas atr\u00e1s era suficiente para sacar conclusiones.<\/p>\n\n\n\n<p>&nbsp;Bueno.<\/p>\n\n\n\n<p><strong>IV<\/strong><\/p>\n\n\n\n<p>La que sigue ganando reconocimientos es la alcaldesa de Guaymas, Karla C\u00f3rdova Gonz\u00e1lez que ayer fue electa por sus hom\u00f3logos del resto de los municipios sonorenses como presidenta de la Red Sonorense de Municipios por la Salud, un cargo que ya hab\u00eda ocupado en 2021, cuando comenz\u00f3 su primera gesti\u00f3n como alcaldesa.<\/p>\n\n\n\n<p>&nbsp;O sea que a la doctora C\u00f3rdova no le bast\u00f3 con haber sido reelecta por abrumadora mayor\u00eda como alcaldesa en 2024, sino que tambi\u00e9n lo hizo en la presidencia de esa Red que tiene tareas para nada menores: desde all\u00ed se promueve la cooperaci\u00f3n, comunicaci\u00f3n y desarrollo de programas de trabajo para impulsar los trabajos de salud local, sobre todo en lo relacionado con la detecci\u00f3n temprana de enfermedades.<\/p>\n\n\n\n<p>&nbsp;Enhorabuena por la alcaldesa de Guaymas.<\/p>\n\n\n\n<p>&nbsp;<strong>Fe de erratas<\/strong><\/p>\n\n\n\n<p><strong>&nbsp;En la anterior columna mencion\u00e9 que Cuauht\u00e9moc Gonz\u00e1lez, uno de los candidatos a la rector\u00eda de la Universidad de Sonora, hab\u00eda perdido la elecci\u00f3n en el pasado proceso universitario para renovar los \u00f3rganos de gobierno. Se comunica a esta redacci\u00f3n para aclarar que \u00e9l no particip\u00f3 en dicho proceso. Se consigna lo anterior en atenci\u00f3n al derecho de r\u00e9plica.<\/strong><\/p>\n\n\n\n<p><strong>&nbsp;Tambi\u00e9n me puedes seguir en X: @Chaposoto<\/strong><\/p>\n\n\n\n<p><strong>&nbsp;Visita www.elzancudo.com.mx<\/strong><\/p>\n","protected":false},"excerpt":{"rendered":"<p>Columna El Zancudo Arturo Soto Mungu\u00eda Se le mueve una patita al PRI Mi\u00e9rcoles 19 de marzo de 2025 -Karla C\u00f3rdova: una nueva reelecci\u00f3n para la doctora No es f\u00e1cil la tarea que le fue encomendada a Guadalupe Soto Holgu\u00edn en la dirigencia estatal del PRI, un partido que en los \u00faltimos tres procesos electorales [&hellip;]<\/p>\n","protected":false},"author":1,"featured_media":26076,"comment_status":"open","ping_status":"open","sticky":false,"template":"","format":"standard","meta":{"content-type":"","footnotes":""},"categories":[125],"tags":[],"class_list":{"0":"post-26075","1":"post","2":"type-post","3":"status-publish","4":"format-standard","5":"has-post-thumbnail","7":"category-arturo-soto-munguia"},"_links":{"self":[{"href":"https:\/\/www.regioncuatronoticias.com\/index.php\/wp-json\/wp\/v2\/posts\/26075","targetHints":{"allow":["GET"]}}],"collection":[{"href":"https:\/\/www.regioncuatronoticias.com\/index.php\/wp-json\/wp\/v2\/posts"}],"about":[{"href":"https:\/\/www.regioncuatronoticias.com\/index.php\/wp-json\/wp\/v2\/types\/post"}],"author":[{"embeddable":true,"href":"https:\/\/www.regioncuatronoticias.com\/index.php\/wp-json\/wp\/v2\/users\/1"}],"replies":[{"embeddable":true,"href":"https:\/\/www.regioncuatronoticias.com\/index.php\/wp-json\/wp\/v2\/comments?post=26075"}],"version-history":[{"count":1,"href":"https:\/\/www.regioncuatronoticias.com\/index.php\/wp-json\/wp\/v2\/posts\/26075\/revisions"}],"predecessor-version":[{"id":26077,"href":"https:\/\/www.regioncuatronoticias.com\/index.php\/wp-json\/wp\/v2\/posts\/26075\/revisions\/26077"}],"wp:featuredmedia":[{"embeddable":true,"href":"https:\/\/www.regioncuatronoticias.com\/index.php\/wp-json\/wp\/v2\/media\/26076"}],"wp:attachment":[{"href":"https:\/\/www.regioncuatronoticias.com\/index.php\/wp-json\/wp\/v2\/media?parent=26075"}],"wp:term":[{"taxonomy":"category","embeddable":true,"href":"https:\/\/www.regioncuatronoticias.com\/index.php\/wp-json\/wp\/v2\/categories?post=26075"},{"taxonomy":"post_tag","embeddable":true,"href":"https:\/\/www.regioncuatronoticias.com\/index.php\/wp-json\/wp\/v2\/tags?post=26075"}],"curies":[{"name":"wp","href":"https:\/\/api.w.org\/{rel}","templated":true}]}}