{"id":26065,"date":"2025-03-18T22:34:46","date_gmt":"2025-03-19T05:34:46","guid":{"rendered":"https:\/\/www.regioncuatronoticias.com\/?p=26065"},"modified":"2025-03-18T22:34:48","modified_gmt":"2025-03-19T05:34:48","slug":"represion-crisis-y-dogmatismo-el-peligroso-experimento-de-milei","status":"publish","type":"post","link":"https:\/\/www.regioncuatronoticias.com\/index.php\/2025\/03\/18\/represion-crisis-y-dogmatismo-el-peligroso-experimento-de-milei\/","title":{"rendered":"Represi\u00f3n, crisis y dogmatismo: el peligroso experimento de Milei"},"content":{"rendered":"\n<p><strong>Columna Olor A Dinero<\/strong><\/p>\n\n\n\n<p><strong>Feliciano J. Espriella<\/strong><\/p>\n\n\n\n<p><strong>Represi\u00f3n, crisis y dogmatismo: el peligroso experimento de Milei<\/strong><\/p>\n\n\n\n<p><strong>Mi\u00e9rcoles 19 de marzo de 2025<\/strong><\/p>\n\n\n\n<p>Javier Milei lleg\u00f3 con promesas de una revoluci\u00f3n libertaria, pero en poco tiempo ha exhibido los rasgos m\u00e1s oscuros de la extrema derecha: represi\u00f3n, un ajuste econ\u00f3mico despiadado y un caos gubernamental que ha sumido a Argentina en la incertidumbre.<\/p>\n\n\n\n<p>Milei alcanz\u00f3 el poder en Argentina con la promesa de una revoluci\u00f3n libertaria, un discurso incendiario contra la &#8220;casta pol\u00edtica&#8221; y una visi\u00f3n radical del libre mercado. Sin embargo, su gobierno ha mostrado, en un tiempo r\u00e9cord, los rasgos m\u00e1s oscuros de la extrema derecha: represi\u00f3n a la protesta social, un ajuste econ\u00f3mico brutal que golpea a los sectores m\u00e1s vulnerables y una gesti\u00f3n err\u00e1tica que ha sumido al pa\u00eds en una espiral de incertidumbre.<\/p>\n\n\n\n<p>Desde su asunci\u00f3n, Milei ha optado por una estrategia de confrontaci\u00f3n con amplios sectores de la sociedad. Las protestas contra sus medidas de ajuste han sido respondidas con un endurecimiento represivo alarmante. La criminalizaci\u00f3n de la protesta y el uso desproporcionado de la fuerza recuerdan a experiencias pasadas en Am\u00e9rica Latina y Europa, donde gobiernos de extrema derecha han aplicado mano dura para sofocar el descontento social. La represi\u00f3n no es un s\u00edntoma aislado, sino un rasgo com\u00fan en reg\u00edmenes que buscan imponer medidas impopulares a cualquier costo.<\/p>\n\n\n\n<p>A esto se suma el paquete de medidas econ\u00f3micas que ha impulsado, con un ajuste feroz que impacta directamente sobre los m\u00e1s desprotegidos. La eliminaci\u00f3n de subsidios, la dolarizaci\u00f3n improvisada y los recortes a la seguridad social han empobrecido a\u00fan m\u00e1s a una sociedad ya golpeada por la crisis. Entre los sectores m\u00e1s afectados est\u00e1n los jubilados, quienes han visto una dr\u00e1stica reducci\u00f3n en sus ingresos, poniendo en riesgo su acceso a medicamentos y a necesidades b\u00e1sicas.<\/p>\n\n\n\n<p>Milei insiste en que su modelo econ\u00f3mico es la \u00fanica v\u00eda para &#8220;salvar&#8221; a Argentina, pero su dogmatismo lo ha llevado a ignorar las advertencias de economistas y organismos internacionales. En su obsesi\u00f3n por desmantelar el Estado, no solo ha recortado el gasto p\u00fablico, sino que ha debilitado la capacidad del gobierno para atender emergencias y garantizar derechos b\u00e1sicos. La historia ofrece ejemplos claros de c\u00f3mo pol\u00edticas ultraliberales extremas han fracasado, desde la Rusia de los a\u00f1os 90 hasta el Chile de Pinochet, donde los costos sociales fueron alt\u00edsimos y las desigualdades se profundizaron de manera irreversible.<\/p>\n\n\n\n<p>El problema de Milei no es solo su agenda econ\u00f3mica y represiva, sino su forma de ejercer el poder. Su desprecio por el di\u00e1logo, su hostilidad hacia la prensa cr\u00edtica y su tendencia a gobernar a trav\u00e9s de insultos y descalificaciones lo acercan m\u00e1s a l\u00edderes autoritarios que a verdaderos estadistas. Este estilo de liderazgo, basado en la confrontaci\u00f3n y el ataque constante, busca desviar la atenci\u00f3n de los fracasos de su gesti\u00f3n y polarizar a la sociedad para evitar rendir cuentas.<\/p>\n\n\n\n<p>Argentina ha sido testigo de c\u00f3mo las promesas de cambio pueden convertirse en pesadillas cuando se imponen desde la intolerancia y la insensibilidad social. La historia ha demostrado que los experimentos ultraderechistas, lejos de traer prosperidad, generan m\u00e1s pobreza, m\u00e1s desigualdad y m\u00e1s conflictos sociales. Javier Milei, con su dogmatismo y su desprecio por el bienestar de su pueblo, est\u00e1 siguiendo ese mismo camino, uno que ya ha dejado demasiadas cicatrices en la historia reciente.<\/p>\n\n\n\n<p>Si Argentina no frena a tiempo esta deriva, el costo ser\u00e1 alto y recaer\u00e1, como siempre, sobre los m\u00e1s indefensos. La ultraderecha no solo ha exhibido su rostro en el gobierno de Milei, sino que ha dejado claro cu\u00e1l es su verdadera esencia: represi\u00f3n, despojo y caos social. Y la historia, una vez m\u00e1s, ser\u00e1 la encargada de juzgarlo.<\/p>\n\n\n\n<p>M\u00e9xico tambi\u00e9n ha vivido episodios en los que gobiernos neoliberales impusieron medidas draconianas para salvaguardar los intereses de las \u00e9lites econ\u00f3micas a costa del sufrimiento popular. Basta recordar el Fobaproa, un rescate bancario que convirti\u00f3 las deudas privadas en deuda p\u00fablica, condenando a generaciones enteras a pagar los excesos financieros de unos cuantos privilegiados. Como en Argentina hoy, en M\u00e9xico se recurri\u00f3 al argumento de que \u201cno hab\u00eda alternativa\u201d, cuando en realidad la carga del ajuste se impuso sobre quienes menos ten\u00edan, mientras los verdaderos responsables sal\u00edan impunes. La historia demuestra que estos modelos de saqueo solo perpet\u00faan la desigualdad y erosionan la confianza en las instituciones.<\/p>\n\n\n\n<p>Por hoy fue todo. Gracias por su tolerancia y hasta la pr\u00f3xima.<\/p>\n\n\n\n<p><strong>Twitter: @fjespriella<\/strong><\/p>\n\n\n\n<p><strong>Correo: felicianoespriella@gmail.com<\/strong><\/p>\n","protected":false},"excerpt":{"rendered":"<p>Columna Olor A Dinero Feliciano J. Espriella Represi\u00f3n, crisis y dogmatismo: el peligroso experimento de Milei Mi\u00e9rcoles 19 de marzo de 2025 Javier Milei lleg\u00f3 con promesas de una revoluci\u00f3n libertaria, pero en poco tiempo ha exhibido los rasgos m\u00e1s oscuros de la extrema derecha: represi\u00f3n, un ajuste econ\u00f3mico despiadado y un caos gubernamental que [&hellip;]<\/p>\n","protected":false},"author":1,"featured_media":26066,"comment_status":"open","ping_status":"open","sticky":false,"template":"","format":"standard","meta":{"content-type":"","footnotes":""},"categories":[127],"tags":[],"class_list":{"0":"post-26065","1":"post","2":"type-post","3":"status-publish","4":"format-standard","5":"has-post-thumbnail","7":"category-olor-a-dinero"},"_links":{"self":[{"href":"https:\/\/www.regioncuatronoticias.com\/index.php\/wp-json\/wp\/v2\/posts\/26065","targetHints":{"allow":["GET"]}}],"collection":[{"href":"https:\/\/www.regioncuatronoticias.com\/index.php\/wp-json\/wp\/v2\/posts"}],"about":[{"href":"https:\/\/www.regioncuatronoticias.com\/index.php\/wp-json\/wp\/v2\/types\/post"}],"author":[{"embeddable":true,"href":"https:\/\/www.regioncuatronoticias.com\/index.php\/wp-json\/wp\/v2\/users\/1"}],"replies":[{"embeddable":true,"href":"https:\/\/www.regioncuatronoticias.com\/index.php\/wp-json\/wp\/v2\/comments?post=26065"}],"version-history":[{"count":1,"href":"https:\/\/www.regioncuatronoticias.com\/index.php\/wp-json\/wp\/v2\/posts\/26065\/revisions"}],"predecessor-version":[{"id":26067,"href":"https:\/\/www.regioncuatronoticias.com\/index.php\/wp-json\/wp\/v2\/posts\/26065\/revisions\/26067"}],"wp:featuredmedia":[{"embeddable":true,"href":"https:\/\/www.regioncuatronoticias.com\/index.php\/wp-json\/wp\/v2\/media\/26066"}],"wp:attachment":[{"href":"https:\/\/www.regioncuatronoticias.com\/index.php\/wp-json\/wp\/v2\/media?parent=26065"}],"wp:term":[{"taxonomy":"category","embeddable":true,"href":"https:\/\/www.regioncuatronoticias.com\/index.php\/wp-json\/wp\/v2\/categories?post=26065"},{"taxonomy":"post_tag","embeddable":true,"href":"https:\/\/www.regioncuatronoticias.com\/index.php\/wp-json\/wp\/v2\/tags?post=26065"}],"curies":[{"name":"wp","href":"https:\/\/api.w.org\/{rel}","templated":true}]}}