{"id":26000,"date":"2025-03-17T22:52:06","date_gmt":"2025-03-18T05:52:06","guid":{"rendered":"https:\/\/www.regioncuatronoticias.com\/?p=26000"},"modified":"2025-03-17T22:52:09","modified_gmt":"2025-03-18T05:52:09","slug":"mediante-lonas-habitantes-del-rio-sonora-reiteran-su-rechazo-a-construccion-de-presas","status":"publish","type":"post","link":"https:\/\/www.regioncuatronoticias.com\/index.php\/2025\/03\/17\/mediante-lonas-habitantes-del-rio-sonora-reiteran-su-rechazo-a-construccion-de-presas\/","title":{"rendered":"Mediante lonas, habitantes del R\u00edo Sonora reiteran su rechazo a construcci\u00f3n de presas"},"content":{"rendered":"\n<p><strong>Representan el denominado Movimiento en Defensa del Agua en Sonora, con la intenci\u00f3n de ejercer presi\u00f3n para que no se realicen esos proyectos hidr\u00e1ulicos<\/strong><\/p>\n\n\n\n<p>Tomado de El Sol de Hermosillo<\/p>\n\n\n\n<p>Gil Reyes<\/p>\n\n\n\n<p>Lunes 17 de marzo de 2025<\/p>\n\n\n\n<p>Por considerar que les generar\u00e1 afectaciones en la disposici\u00f3n de agua, habitantes de la zona rural oriente de Hermosillo iniciaron una campa\u00f1a en la que &nbsp;reiteran su desacuerdo con la construcci\u00f3n de un sistema de presas en esa zona.<\/p>\n\n\n\n<p>Desde la semana pasada se colocaron lonas por residentes de varias comunidades, quienes representan el denominado Movimiento en Defensa del Agua en Sonora, con la intenci\u00f3n de ejercer presi\u00f3n para que no se realicen esos proyectos hidr\u00e1ulicos.<\/p>\n\n\n\n<p>En escuelas, centros de salud, viviendas, negocios y dem\u00e1s espacios se aprecian esos materiales en las localidades de Buena vista, Topahue, Fructuoso M\u00e9ndez, Molino de Camou y Jacinto L\u00f3pez.<\/p>\n\n\n\n<p>Alfonso Durazo Monta\u00f1o confirm\u00f3 que la entidad pasa por un problema en el abasto de agua, por ello desde su gobierno en coordinaci\u00f3n con otros niveles \/ Carlos Villalba | El Sol de Hermosillo<\/p>\n\n\n\n<p>Tambi\u00e9n en el Ejido San Juan, San Bartolo, Mesa del Seri y El Realito mantienen esa lucha, luego de que se anunci\u00f3 hace tiempo la intenci\u00f3n de edificar tres embalses en Puerta del Sol en Ures, Sinoquipe y Las Chivas en San Miguel de Horcasitas.<\/p>\n\n\n\n<p>La obra que se contempla por parte del Gobierno de M\u00e9xico incluye tres presas que buscan garantizar agua para la ciudad de Hermosillo, esto mediante una inversi\u00f3n de m\u00e1s de 7 mil 500 millones de pesos.<\/p>\n\n\n\n<p>\u201cManifestamos nuestro profundo rechazo a la construcci\u00f3n de las tres presas del Plan H\u00eddrico. \u00a1Protejamos nuestros r\u00edos y ecosistemas!\u201d, es el mensaje central que se lee en los materiales de protesta.<\/p>\n\n\n\n<p>El representante del Molino de Camou, Ismael Lim\u00f3n coment\u00f3 a El Sol de Hermosillo que esos actos son una muestra de que no est\u00e1n de acuerdo con esas obras, ya que dejar\u00e1n de tener el suministro que requieren para cosechas y otras actividades esenciales.<\/p>\n\n\n\n<p>\u201cLa gente muestra su rechazo a las presas, porque ni siquiera hay estudios de impacto ambiental\u201d, pronunci\u00f3, cuyo procedimiento debe atenderse por parte de quienes promueven esos proyectos, que almacenar\u00e1n el agua que viene r\u00edo arriba.<\/p>\n\n\n\n<p>Desde el 14 marzo, en el marco de la conmemoraci\u00f3n del D\u00eda Internacional de Acci\u00f3n contra las Represas y la Defensa de los R\u00edos, la poblaci\u00f3n tom\u00f3 la decisi\u00f3n de hacer m\u00e1s evidente su descontento, aunado a que se envi\u00f3 un exhorto a la presidenta Claudia Sheinbaum para que reconsidere esas obras.<\/p>\n\n\n\n<p><strong>Se han realizado reuniones<\/strong><\/p>\n\n\n\n<p>A inicios de febrero, el gobernador de Sonora, Alfonso Durazo Monta\u00f1o, sostuvo una reuni\u00f3n con autoridades ejidales, as\u00ed como l\u00edderes y residentes de estas comunidades para dialogar sobre este proyecto que forma parte del Plan H\u00eddrico Nacional cuya inversi\u00f3n es de m\u00e1s de 7 mil millones de pesos.<\/p>\n\n\n\n<p>En la reuni\u00f3n se le entreg\u00f3 al titular del Ejecutivo Estatal un documento por parte de los pobladores donde presentaron propuestas para atender la problem\u00e1tica del &nbsp;agua, las cuales fueron recibidas por las autoridades estatales para su an\u00e1lisis.<\/p>\n\n\n\n<p>Mientras que el pasado 12 de marzo, el titular de la Comisi\u00f3n Nacional del Agua (Conagua), Efra\u00edn Morales L\u00f3pez, dio a conocer que el inicio de las obras est\u00e1n contempladas para julio, ya que en junio se prev\u00e9 salga la licitaci\u00f3n, adem\u00e1s de que est\u00e1n en proceso los estudios.<\/p>\n\n\n\n<p><a href=\"https:\/\/oem.com.mx\/elsoldehermosillo\/local\/mediante-lonas-habitantes-del-rio-sonora-reiteran-su-rechazo-a-construccion-de-presas-22216632\">https:\/\/oem.com.mx\/elsoldehermosillo\/local\/mediante-lonas-habitantes-del-rio-sonora-reiteran-su-rechazo-a-construccion-de-presas-22216632<\/a><\/p>\n","protected":false},"excerpt":{"rendered":"<p>Representan el denominado Movimiento en Defensa del Agua en Sonora, con la intenci\u00f3n de ejercer presi\u00f3n para que no se realicen esos proyectos hidr\u00e1ulicos Tomado de El Sol de Hermosillo Gil Reyes Lunes 17 de marzo de 2025 Por considerar que les generar\u00e1 afectaciones en la disposici\u00f3n de agua, habitantes de la zona rural oriente [&hellip;]<\/p>\n","protected":false},"author":1,"featured_media":26001,"comment_status":"open","ping_status":"open","sticky":false,"template":"","format":"standard","meta":{"content-type":"","footnotes":""},"categories":[8,115,105,9],"tags":[],"class_list":{"0":"post-26000","1":"post","2":"type-post","3":"status-publish","4":"format-standard","5":"has-post-thumbnail","7":"category-hermosillo","8":"category-politica","9":"category-principal","10":"category-sonora"},"_links":{"self":[{"href":"https:\/\/www.regioncuatronoticias.com\/index.php\/wp-json\/wp\/v2\/posts\/26000","targetHints":{"allow":["GET"]}}],"collection":[{"href":"https:\/\/www.regioncuatronoticias.com\/index.php\/wp-json\/wp\/v2\/posts"}],"about":[{"href":"https:\/\/www.regioncuatronoticias.com\/index.php\/wp-json\/wp\/v2\/types\/post"}],"author":[{"embeddable":true,"href":"https:\/\/www.regioncuatronoticias.com\/index.php\/wp-json\/wp\/v2\/users\/1"}],"replies":[{"embeddable":true,"href":"https:\/\/www.regioncuatronoticias.com\/index.php\/wp-json\/wp\/v2\/comments?post=26000"}],"version-history":[{"count":1,"href":"https:\/\/www.regioncuatronoticias.com\/index.php\/wp-json\/wp\/v2\/posts\/26000\/revisions"}],"predecessor-version":[{"id":26002,"href":"https:\/\/www.regioncuatronoticias.com\/index.php\/wp-json\/wp\/v2\/posts\/26000\/revisions\/26002"}],"wp:featuredmedia":[{"embeddable":true,"href":"https:\/\/www.regioncuatronoticias.com\/index.php\/wp-json\/wp\/v2\/media\/26001"}],"wp:attachment":[{"href":"https:\/\/www.regioncuatronoticias.com\/index.php\/wp-json\/wp\/v2\/media?parent=26000"}],"wp:term":[{"taxonomy":"category","embeddable":true,"href":"https:\/\/www.regioncuatronoticias.com\/index.php\/wp-json\/wp\/v2\/categories?post=26000"},{"taxonomy":"post_tag","embeddable":true,"href":"https:\/\/www.regioncuatronoticias.com\/index.php\/wp-json\/wp\/v2\/tags?post=26000"}],"curies":[{"name":"wp","href":"https:\/\/api.w.org\/{rel}","templated":true}]}}