{"id":25997,"date":"2025-03-17T22:35:13","date_gmt":"2025-03-18T05:35:13","guid":{"rendered":"https:\/\/www.regioncuatronoticias.com\/?p=25997"},"modified":"2025-03-17T22:35:16","modified_gmt":"2025-03-18T05:35:16","slug":"victimas-de-masacre-en-salamanca-pertenecian-a-grupo-religioso-esto-se-sabe-de-ellos","status":"publish","type":"post","link":"https:\/\/www.regioncuatronoticias.com\/index.php\/2025\/03\/17\/victimas-de-masacre-en-salamanca-pertenecian-a-grupo-religioso-esto-se-sabe-de-ellos\/","title":{"rendered":"V\u00edctimas de masacre en Salamanca pertenec\u00edan a grupo religioso; esto se sabe de ellos"},"content":{"rendered":"\n<p><strong>Adem\u00e1s de los j\u00f3venes, un ni\u00f1o de nueve a\u00f1os result\u00f3 gravemente herido.<\/strong><\/p>\n\n\n\n<p>Las siete v\u00edctimas de la masacre en la Salamanca pertenec\u00edan a un grupo religioso, otro de ellos era un ni\u00f1o de a\u00f1os. Foto: Cortes\u00eda<\/p>\n\n\n\n<p>Tomado de El Imparcial<\/p>\n\n\n\n<p>Pablo Rubio&nbsp;<\/p>\n\n\n\n<p>Lunes 17 de marzo de 2025<\/p>\n\n\n\n<p>SALAMANCA, Guanajuato.- La Fiscal\u00eda General del Estado (FGE) revel\u00f3 la identidad de los j\u00f3venes que fueron asesinados la noche del domingo en la comunidad de San Jos\u00e9 de Mendoza.<\/p>\n\n\n\n<p>Se confirm\u00f3 que el saldo del ataque fue de siete personas fallecidas, entre ellas dos adolescentes, y nueve heridos, de los cuales cinco permanecen en estado grave.<\/p>\n\n\n\n<p>De acuerdo con la informaci\u00f3n oficial, las v\u00edctimas fueron identificadas como Bruno Jes\u00fas, Miguel \u00c1ngel, Daniel, Juan Flavio y Fernando, adem\u00e1s de dos adolescentes cuyas iniciales corresponden a A.R.H. y E.Y.V.R.<\/p>\n\n\n\n<p>Desde tempranas horas de la ma\u00f1ana, agentes de la Investigaci\u00f3n Criminal continuaban en la escena realizando entrevistas con habitantes de la localidad.<\/p>\n\n\n\n<p>Sin embargo, la tensi\u00f3n en el ambiente era evidente, y los pobladores se mostraban reacios a brindar declaraciones sobre los hechos ocurridos.<\/p>\n\n\n\n<p>Mientras tanto, en el tramo carretero que conecta la comunidad de C\u00e1rdenas con San Jos\u00e9 de Mendoza, se instalaron tres puntos de control a cargo de la Guardia Nacional.<\/p>\n\n\n\n<p>Asimismo, personal de la Secretar\u00eda de la Defensa Nacional (Defensa) patrullaba la zona en un intento por reforzar la seguridad.<\/p>\n\n\n\n<p><strong>Alcalde de Salamanca muestra repudio por masacre<\/strong><\/p>\n\n\n\n<p>Ante este tr\u00e1gico suceso, el Gobierno Municipal y el alcalde C\u00e9sar Prieto manifestaron su repudio a la violencia a trav\u00e9s de sus redes sociales.<\/p>\n\n\n\n<p>Por medio de Internet ha circulado una imagen donde aparecen las siete v\u00edctimas. De acuerdo con informaci\u00f3n difundida en redes, estos j\u00f3venes eran integrantes de un grupo juvenil perteneciente a la parroquia de la comunidad.<\/p>\n\n\n\n<p>Adem\u00e1s, un ni\u00f1o de nueve a\u00f1os result\u00f3 gravemente herido, convirti\u00e9ndose en v\u00edctima colateral del ataque.<\/p>\n\n\n\n<p>Se ha dado a conocer que la congregaci\u00f3n a la que pertenec\u00edan los j\u00f3venes fallecidos es la Pastoral Juvenil de la Di\u00f3cesis de Irapuato.<\/p>\n\n\n\n<p><strong>Presidente municipal buscar\u00e1 recuperar la paz<\/strong><\/p>\n\n\n\n<p>El alcalde C\u00e9sar Prieto public\u00f3 un mensaje en su p\u00e1gina de Facebook en el que afirm\u00f3:<\/p>\n\n\n\n<p>No daremos un paso atr\u00e1s en nuestra lucha por recuperar la paz en Salamanca\u201d.<\/p>\n\n\n\n<p>\u201cEl atroz hecho que le arrebat\u00f3 la vida a personas inocentes en la comunidad de San Jos\u00e9 de Mendoza no quedar\u00e1 impune\u201d.<\/p>\n\n\n\n<p>As\u00ed mismo, reitero, que de la mano de las fuerzas estatales, de la Defensa, y de los 900 efectivos de la Guardia Nacional enviados por nuestra presidenta Claudia Sheinbaum Pardo, defenderemos la vida y la integridad de las y los salmantinos\u201d.<\/p>\n\n\n\n<p>El presidente municipal de Salamanca env\u00eda condolencias a las familias.<\/p>\n\n\n\n<p>\u201cSalamanca merece vivir en paz, nuestros hijos merecen un futuro mejor, y no descansaremos hasta lograrlo\u201d.<\/p>\n\n\n\n<p>Mi m\u00e1s sentido p\u00e9same a las familias de qui\u00e9nes perdieron la vida la tarde de este domingo, ellos y las personas que resultaron lesionadas, contar\u00e1n con todo nuestro apoyo\u201d.<\/p>\n\n\n\n<p><strong>Parroqu\u00eda a la que pertenec\u00edan los j\u00f3venes emite comunicado<\/strong><\/p>\n\n\n\n<p>Por otra parte, en redes sociales se difundi\u00f3 un comunicado en el que se menciona que los j\u00f3venes fallecidos pertenec\u00edan a un grupo parroquial local.<\/p>\n\n\n\n<p>En el mensaje expresaron su dolor por la tragedia y convocaron a la comunidad a unirse en oraci\u00f3n:<\/p>\n\n\n\n<p>Con mucho dolor, quiero informarles que anoche, en San Jos\u00e9 de Mendoza, nueve j\u00f3venes pertenecientes al grupo juvenil de dicha comunidad fueron asesinados en un acto de violencia que nos llena de consternaci\u00f3n y tristeza. Este hecho nos recuerda la urgente necesidad de orar y trabajar por la paz en nuestras comunidades\u201d.<\/p>\n\n\n\n<p>Los invitamos a unirnos en oraci\u00f3n por sus almas, pidiendo a Dios que los reciba en su infinita misericordia y brinde fortaleza a sus familias en este momento de sufrimiento. Tambi\u00e9n pedimos que cese la violencia y reine la justicia y la reconciliaci\u00f3n\u201d.<\/p>\n\n\n\n<p>\u201cQue el Se\u00f1or nos conceda ser instrumentos de su paz\u201d.<\/p>\n\n\n\n<p>A pesar de que este mensaje menciona a nueve v\u00edctimas mortales, las autoridades estatales han reiterado que el saldo oficial del ataque es de siete personas fallecidas: cuatro que murieron en el lugar y tres que fallecieron en el hospital mientras recib\u00edan atenci\u00f3n m\u00e9dica.<\/p>\n\n\n\n<p>Hasta el momento, la Fiscal\u00eda General del Estado no ha emitido una actualizaci\u00f3n sobre la cifra de fallecidos.<\/p>\n\n\n\n<figure class=\"wp-block-embed\"><div class=\"wp-block-embed__wrapper\">\nhttps:\/\/www.elimparcial.com\/mexico\/2025\/03\/18\/victimas-de-masacre-en-salamanca-pertenecian-a-un-grupo-religioso-esto-se-sabe-de-ellos\n<\/div><\/figure>\n","protected":false},"excerpt":{"rendered":"<p>Adem\u00e1s de los j\u00f3venes, un ni\u00f1o de nueve a\u00f1os result\u00f3 gravemente herido. Las siete v\u00edctimas de la masacre en la Salamanca pertenec\u00edan a un grupo religioso, otro de ellos era un ni\u00f1o de a\u00f1os. Foto: Cortes\u00eda Tomado de El Imparcial Pablo Rubio&nbsp; Lunes 17 de marzo de 2025 SALAMANCA, Guanajuato.- La Fiscal\u00eda General del Estado [&hellip;]<\/p>\n","protected":false},"author":1,"featured_media":25998,"comment_status":"open","ping_status":"open","sticky":false,"template":"","format":"standard","meta":{"content-type":"","footnotes":""},"categories":[3,105,113],"tags":[],"class_list":{"0":"post-25997","1":"post","2":"type-post","3":"status-publish","4":"format-standard","5":"has-post-thumbnail","7":"category-mexico","8":"category-principal","9":"category-seguridad"},"_links":{"self":[{"href":"https:\/\/www.regioncuatronoticias.com\/index.php\/wp-json\/wp\/v2\/posts\/25997","targetHints":{"allow":["GET"]}}],"collection":[{"href":"https:\/\/www.regioncuatronoticias.com\/index.php\/wp-json\/wp\/v2\/posts"}],"about":[{"href":"https:\/\/www.regioncuatronoticias.com\/index.php\/wp-json\/wp\/v2\/types\/post"}],"author":[{"embeddable":true,"href":"https:\/\/www.regioncuatronoticias.com\/index.php\/wp-json\/wp\/v2\/users\/1"}],"replies":[{"embeddable":true,"href":"https:\/\/www.regioncuatronoticias.com\/index.php\/wp-json\/wp\/v2\/comments?post=25997"}],"version-history":[{"count":1,"href":"https:\/\/www.regioncuatronoticias.com\/index.php\/wp-json\/wp\/v2\/posts\/25997\/revisions"}],"predecessor-version":[{"id":25999,"href":"https:\/\/www.regioncuatronoticias.com\/index.php\/wp-json\/wp\/v2\/posts\/25997\/revisions\/25999"}],"wp:featuredmedia":[{"embeddable":true,"href":"https:\/\/www.regioncuatronoticias.com\/index.php\/wp-json\/wp\/v2\/media\/25998"}],"wp:attachment":[{"href":"https:\/\/www.regioncuatronoticias.com\/index.php\/wp-json\/wp\/v2\/media?parent=25997"}],"wp:term":[{"taxonomy":"category","embeddable":true,"href":"https:\/\/www.regioncuatronoticias.com\/index.php\/wp-json\/wp\/v2\/categories?post=25997"},{"taxonomy":"post_tag","embeddable":true,"href":"https:\/\/www.regioncuatronoticias.com\/index.php\/wp-json\/wp\/v2\/tags?post=25997"}],"curies":[{"name":"wp","href":"https:\/\/api.w.org\/{rel}","templated":true}]}}