{"id":25982,"date":"2025-03-17T21:26:54","date_gmt":"2025-03-18T04:26:54","guid":{"rendered":"https:\/\/www.regioncuatronoticias.com\/?p=25982"},"modified":"2025-03-17T21:36:32","modified_gmt":"2025-03-18T04:36:32","slug":"sheinbaum-enviara-iniciativas-para-crear-base-forense-y-fortalecer-investigaciones-de-personas-desaparecidas-en-mexico","status":"publish","type":"post","link":"https:\/\/www.regioncuatronoticias.com\/index.php\/2025\/03\/17\/sheinbaum-enviara-iniciativas-para-crear-base-forense-y-fortalecer-investigaciones-de-personas-desaparecidas-en-mexico\/","title":{"rendered":"Sheinbaum enviar\u00e1 iniciativas para crear base forense y fortalecer investigaciones de personas desaparecidas en M\u00e9xico"},"content":{"rendered":"\n<p><strong>Desde Palacio Nacional, la presidenta anunci\u00f3 estrategia para la atenci\u00f3n en el delito de desaparici\u00f3n forzada en el pa\u00eds<\/strong><\/p>\n\n\n\n<p>Tomado de Infobae<\/p>\n\n\n\n<p>Alejandra Z\u00fa\u00f1iga<\/p>\n\n\n\n<p>Lunes 17 de marzo de 2025<\/p>\n\n\n\n<p>Claudia Sheinbaum Pardo, titular del Poder Ejecutivo en M\u00e9xico, comparti\u00f3 la estrategia nacional para la atenci\u00f3n de los casos de desaparici\u00f3n forzada que aquejan en impunidad a los ciudadanos; lo anterior en respuesta a las movilizaciones recientes por los hallazgos de fosas clandestinas en el pa\u00eds.<\/p>\n\n\n\n<p>Ante medios, la presidenta de la Rep\u00fablica refrend\u00f3 su compromiso al frente de M\u00e9xico para atender dichas problem\u00e1ticas como una \u2018prioridad nacional\u2019, pues se pretendeincentivar reformas constitucionales e iniciativas paraindagar en la resoluci\u00f3n de los casos, as\u00ed como exigir justicia en raz\u00f3n de los familiares y v\u00edctimas de desaparici\u00f3n:\u201cNo habr\u00e1 construcci\u00f3n de verdades a medias o falsedades\u201c.<\/p>\n\n\n\n<p>La gesti\u00f3n presidencial trabajar\u00e1 en colaboraci\u00f3n de las tres ordenes de gobierno con la finalidad de evitar la impunidad en las carpetas de investigaci\u00f3n de los casos, adem\u00e1s de que se buscar\u00e1 fortalecer la Comisi\u00f3n Nacional de B\u00fasqueda y la Comisi\u00f3n Ejecutiva de Atenci\u00f3n a V\u00edctimas para que cada autoridad estatal, municipal, federal, Fiscal\u00edas, Poder Judicial, ejerza su labor en indagar, localizar, identificar y sancionar a los presuntos responsables.<\/p>\n\n\n\n<p><strong>M\u00e9xico plantea estrategias en desaparici\u00f3n<\/strong><\/p>\n\n\n\n<p>En su discurso, Sheinbaum Pardo anunci\u00f3 la implementaci\u00f3n de seis medidas gubernamentales en relaci\u00f3n a las constantes desaparicionesvinculadas a la delincuencia organizada. Como ejemplo de ello se retom\u00f3 el caso del rancho de Teuchitl\u00e1n, donde las v\u00edctimas eran privadas de su libertad en sitios de reclutamiento bajo la direcci\u00f3n del C\u00e1rtel de Jalisco Nueva Generaci\u00f3n (CJNG).<\/p>\n\n\n\n<p><strong>As\u00ed se vivi\u00f3 el d\u00eda<\/strong><\/p>\n\n\n\n<p>En la gesti\u00f3n actual, se prev\u00e9 que los delitos por la privaci\u00f3n de la libertad se investiguen en el marco de la ley rumbo a una construcci\u00f3n de la paz y lucha de la impunidad, pues funge como un delito sumamente grave que debe prevenirse, atenderse y sancionarse. : \u201cSiempre estar\u00e9 del lado de las victimas y de la justicia\u201d.<\/p>\n\n\n\n<p>Desde su gesti\u00f3n,la presidenta Sheinbaum Pardo tom\u00f3 la decisi\u00f3n de llevar a cabo las siguientes acciones inmediatas para la erradicaci\u00f3n de dicha problem\u00e1tica y respaldar a los familiares que cuentan con alg\u00fan desparecido:<\/p>\n\n\n\n<p><strong>-Se firmar\u00e1 un decreto para fortalecer a la Comisi\u00f3n Nacional de B\u00fasqueda, a fin de ampliar su capacidad de atenci\u00f3n, an\u00e1lisis de contexto y la adquisici\u00f3n de equipos tecnol\u00f3gicos que acompa\u00f1en las b\u00fasquedas con evidencias cient\u00edficas.<\/strong><\/p>\n\n\n\n<p><strong>-Incorporar a la Ley nuevos protocolos que permitan generar una alerta de b\u00fasqueda inmediata, as\u00ed como abrir de inmediato carpetas de investigaci\u00f3n por el delito de desaparici\u00f3n o no localizaci\u00f3n, sin necesidad de esperar 72 horas.<\/strong><\/p>\n\n\n\n<p><strong>-Equiparar el delito de desaparici\u00f3n al de secuestro, y homologar tanto penas como procedimientos de investigaci\u00f3n del delito de desaparici\u00f3n en todas las Fiscal\u00edas estatales y la Fiscal\u00eda federal.<\/strong><\/p>\n\n\n\n<p><strong>-Establecer la publicaci\u00f3n mensual de las cifras de carpetas de investigaci\u00f3n sobre desapariciones de las Fiscal\u00edas estatales y la Fiscal\u00eda General de la Rep\u00fablica, por medio del Secretariado Ejecutivo del Sistema Nacional de Seguridad P\u00fablica.<\/strong><\/p>\n\n\n\n<p><strong>-Fortalecer la Comisi\u00f3n Ejecutiva de Atenci\u00f3n a V\u00edctimas para el acompa\u00f1amiento, apoyo y asesor\u00eda a todos los familiares que tienen alguna persona desaparecida.<\/strong><\/p>\n\n\n\n<p>De igual forma, la presidenta enviar\u00e1 m\u00faltiples varias iniciativas de reforma al Congreso de la Uni\u00f3n. Siendo la primera de ellas una modificaci\u00f3n a la Ley General de Poblaci\u00f3n, para consolidar el CURP como la fuente \u00fanica de identidad de las personas para generar alertas que faciliten la identificaci\u00f3n de indicios de vida de personas reportadas como desaparecidas.<\/p>\n\n\n\n<p><strong>As\u00ed se vivi\u00f3 el d\u00eda<\/strong><\/p>\n\n\n\n<p>Mientras que la segunda iniciativa fungir\u00e1 como una reforma constitucional a la actual Ley General en Materia de Desaparici\u00f3n Forzada de Personas, Desaparici\u00f3n Cometida por Particulares y del Sistema Nacional de B\u00fasqueda de Personas, donde se abordar\u00e1n los siguientes aspectos:<\/p>\n\n\n\n<p>&#8211;<strong>Crear la Base Nacional \u00danica de Informaci\u00f3n Forense que se alimente con datos de los servicios periciales de las 32 Fiscal\u00edas estatales y la Fiscal\u00eda General de la Rep\u00fablica.<\/strong>&#8211;<strong>Crear la Plataforma Nacional de Identificaci\u00f3n Humana que comunique y actualice la totalidad de registros administrativos y forenses de cualquier autoridad de todo el pa\u00eds; lo anterior para el cotejo de huellas dactilares, realizar consultas que identifiquen indicios de vida o incluso, a personas fallecidas.<\/strong><\/p>\n\n\n\n<p><strong>-Fortalecer el Centro Nacional de Identificaci\u00f3n Humana que incluir\u00e1 la Plataforma Nacional de Identificaci\u00f3n Humana, la cual contar\u00e1 con todas las t\u00e9cnicas, identificaci\u00f3n de ADN y el apoyo de Instituciones Cient\u00edficas, FGR, la Comisi\u00f3n Nacional de B\u00fasqueda, as\u00ed como la Agencia de Transformaci\u00f3n Digital.<\/strong><\/p>\n\n\n\n<p><a href=\"https:\/\/www.infobae.com\/mexico\/2025\/03\/17\/sheinbaum-enviara-iniciativas-para-crear-base-forense-y-fortalecer-investigaciones-de-personas-desaparecidas-en-mexico\">https:\/\/www.infobae.com\/mexico\/2025\/03\/17\/sheinbaum-enviara-iniciativas-para-crear-base-forense-y-fortalecer-investigaciones-de-personas-desaparecidas-en-mexico<\/a><\/p>\n\n\n\n<p><strong>EN MI GOBIERNO NO HABR\u00c1 CONSTRUCCI\u00d3N OSCURA DE \u201cVERDADES HIST\u00d3RICAS\u201d, AFIRMA SHEINBAUM SOBRE CASO TEUCHITL\u00c1N<\/strong><\/p>\n\n\n\n<p><strong>La mandataria federal reiter\u00f3 que la investigaci\u00f3n respecto al crematorio clandestino la encabeza la FGR<\/strong><\/p>\n\n\n\n<p>Tomado de Infobae<\/p>\n\n\n\n<p>Joel Cano<\/p>\n\n\n\n<p>Lunes 17 de marzo de 2025<\/p>\n\n\n\n<p>La presidenta de M\u00e9xico, Claudia Sheinbaum, advirti\u00f3 que no habr\u00e1 impunidad por el caso de Teuchitl\u00e1n, municipio de Jalisco donde se localiz\u00f3 un crematorio clandestino usado por un grupo del crimen organizado.<\/p>\n\n\n\n<p>En su conferencia matutina de este lunes, la mandataria federal anunci\u00f3 una serie de medidas para atender el fen\u00f3meno de las desapariciones en el pa\u00eds. Bajo ese tenor, se volvi\u00f3 a pronunciar por el hallazgo realizado en el rancho Izaguirre a inicios de marzo, donde se encontr\u00f3 un centro de adiestramiento que tambi\u00e9n era usado como crematorio clandestino.<\/p>\n\n\n\n<p>Al respecto, Claudia Sheinbaum reiter\u00f3 que la investigaci\u00f3n la encabeza la Fiscal\u00eda General de la Rep\u00fablica (FGR), con el acompa\u00f1amiento de la Comisi\u00f3n Nacional de B\u00fasqueda, cuyo personal se encuentra en el rancho mencionado.<\/p>\n\n\n\n<p>\u201cEstamos comprometidos a brindar certeza y verdad a las familias de las personas desaparecidas, esclarecer los hechos mediante la informaci\u00f3n que se obtenga de la evidencia cient\u00edfica y se persiga a los responsables\u201d, asever\u00f3.<\/p>\n\n\n\n<p>En ese sentido, Sheinbaum advirti\u00f3 que en su gobierno no se construir\u00e1n \u201cverdades hist\u00f3ricas\u201d, en referencia a lo sucedido en la administraci\u00f3n del expresidente Enrique Pe\u00f1a Nieto con el caso de los 43 normalistas desaparecidos de Ayotzinapa.<\/p>\n\n\n\n<p>\u201cNo habr\u00e1 impunidad. Nunca ocultaremos nada. La verdad debe prevalecer siempre. En mi gobierno no habr\u00e1 construcci\u00f3n oscura de verdades hist\u00f3ricas nunca. Desde el gobierno no se tolerar\u00e1 la construcci\u00f3n de verdades a medias o falsedades\u201d, advirti\u00f3.<\/p>\n\n\n\n<p>Debido a que el rancho Izaguirre ya hab\u00eda sido intervenido por la Guardia Nacional y la Fiscal\u00eda de Jalisco en septiembre de 2024, Sheinbaum indic\u00f3 que se le dar\u00e1 seguimiento para deslindar responsabilidades.<\/p>\n\n\n\n<p>Y es que en esa ocasi\u00f3n, las autoridades supuestamente no encontraron indicios que alertaran sobre el uso que se le daba al predio. Fue hasta el pasado 5 de marzo cuando integrantes del colectivo Guerreros Buscadores de Jalisco ingresaron al rancho y encontraron lotes con presuntos restos humanos.<\/p>\n\n\n\n<p>Por ello, se investiga si hubo una omisi\u00f3n por parte de las autoridades en la administraci\u00f3n del ahora exgobernador Enrique Alfaro.<\/p>\n\n\n\n<p><strong>Qu\u00e9 es la \u201cverdad hist\u00f3rica\u201d<\/strong><\/p>\n\n\n\n<p>En septiembre de 2014, 43 normalistas de Ayotzinapa fueron desaparecidos en Iguala, Guerrero. En ese entonces, el presidente era Enrique Pe\u00f1a Nieto.<\/p>\n\n\n\n<p>Desde el gobierno federal se construy\u00f3 la llamada \u201cverdad hist\u00f3rica\u201d para imponer una versi\u00f3n respecto a la incineraci\u00f3n de los 43 estudiantes en el basurero de Cocula, a manos de una agrupaci\u00f3n criminal llamada Guerreros Unidos.<\/p>\n\n\n\n<p>Supuestamente, los estudiantes fueron confundidos por los integrantes de un grupo rival conocido como Los Rojos.<\/p>\n\n\n\n<p>No obstante, la Comisi\u00f3n para la Verdad y Acceso a la Justicia en el Caso Ayotzinapa (CoVAJ) determin\u00f3 que autoridades federales, estatales, municipales y elementos del 27 y el 41 Batallones de Infanter\u00eda participaron en la desaparici\u00f3n de los estudiantes en colusi\u00f3n con los grupos criminales.<\/p>\n\n\n\n<p><a href=\"https:\/\/www.infobae.com\/mexico\/2025\/03\/17\/en-mi-gobierno-no-habra-construccion-oscura-de-verdades-historicas-afirma-sheinbaum-sobre-caso-teuchitlan\">https:\/\/www.infobae.com\/mexico\/2025\/03\/17\/en-mi-gobierno-no-habra-construccion-oscura-de-verdades-historicas-afirma-sheinbaum-sobre-caso-teuchitlan<\/a><\/p>\n\n\n\n<p><\/p>\n","protected":false},"excerpt":{"rendered":"<p>Desde Palacio Nacional, la presidenta anunci\u00f3 estrategia para la atenci\u00f3n en el delito de desaparici\u00f3n forzada en el pa\u00eds Tomado de Infobae Alejandra Z\u00fa\u00f1iga Lunes 17 de marzo de 2025 Claudia Sheinbaum Pardo, titular del Poder Ejecutivo en M\u00e9xico, comparti\u00f3 la estrategia nacional para la atenci\u00f3n de los casos de desaparici\u00f3n forzada que aquejan en [&hellip;]<\/p>\n","protected":false},"author":1,"featured_media":25983,"comment_status":"open","ping_status":"open","sticky":false,"template":"","format":"standard","meta":{"content-type":"","footnotes":""},"categories":[3,105,113],"tags":[],"class_list":{"0":"post-25982","1":"post","2":"type-post","3":"status-publish","4":"format-standard","5":"has-post-thumbnail","7":"category-mexico","8":"category-principal","9":"category-seguridad"},"_links":{"self":[{"href":"https:\/\/www.regioncuatronoticias.com\/index.php\/wp-json\/wp\/v2\/posts\/25982","targetHints":{"allow":["GET"]}}],"collection":[{"href":"https:\/\/www.regioncuatronoticias.com\/index.php\/wp-json\/wp\/v2\/posts"}],"about":[{"href":"https:\/\/www.regioncuatronoticias.com\/index.php\/wp-json\/wp\/v2\/types\/post"}],"author":[{"embeddable":true,"href":"https:\/\/www.regioncuatronoticias.com\/index.php\/wp-json\/wp\/v2\/users\/1"}],"replies":[{"embeddable":true,"href":"https:\/\/www.regioncuatronoticias.com\/index.php\/wp-json\/wp\/v2\/comments?post=25982"}],"version-history":[{"count":2,"href":"https:\/\/www.regioncuatronoticias.com\/index.php\/wp-json\/wp\/v2\/posts\/25982\/revisions"}],"predecessor-version":[{"id":25987,"href":"https:\/\/www.regioncuatronoticias.com\/index.php\/wp-json\/wp\/v2\/posts\/25982\/revisions\/25987"}],"wp:featuredmedia":[{"embeddable":true,"href":"https:\/\/www.regioncuatronoticias.com\/index.php\/wp-json\/wp\/v2\/media\/25983"}],"wp:attachment":[{"href":"https:\/\/www.regioncuatronoticias.com\/index.php\/wp-json\/wp\/v2\/media?parent=25982"}],"wp:term":[{"taxonomy":"category","embeddable":true,"href":"https:\/\/www.regioncuatronoticias.com\/index.php\/wp-json\/wp\/v2\/categories?post=25982"},{"taxonomy":"post_tag","embeddable":true,"href":"https:\/\/www.regioncuatronoticias.com\/index.php\/wp-json\/wp\/v2\/tags?post=25982"}],"curies":[{"name":"wp","href":"https:\/\/api.w.org\/{rel}","templated":true}]}}