{"id":25967,"date":"2025-03-17T19:47:00","date_gmt":"2025-03-18T02:47:00","guid":{"rendered":"https:\/\/www.regioncuatronoticias.com\/?p=25967"},"modified":"2025-03-17T19:47:02","modified_gmt":"2025-03-18T02:47:02","slug":"en-carne-propia","status":"publish","type":"post","link":"https:\/\/www.regioncuatronoticias.com\/index.php\/2025\/03\/17\/en-carne-propia\/","title":{"rendered":"En carne propia"},"content":{"rendered":"\n<p><strong>Columna Corren Rumores<\/strong><\/p>\n\n\n\n<p><strong>Hilario Olea<\/strong><\/p>\n\n\n\n<p><strong>En carne propia<\/strong><\/p>\n\n\n\n<p><strong>Lunes 17 de marzo de 2025<\/strong><\/p>\n\n\n\n<p><strong>VAYA SUSTO QUE SE LLEV\u00d3\u2026 <\/strong>El secretario de Turismo de Sonora, Roberto Gradillas, mientras circulaba en su veh\u00edculo por la autopista de Culiac\u00e1n y Mazatl\u00e1n, pues fue asaltado por un grupo armado, que seg\u00fan la versi\u00f3n que ha trascendido en redes, solo los detuvieron sin agredirlos f\u00edsicamente. Eso si, los dejaron limpios pues les \u2018volaron\u2019 las maletas, celulares y laptops. Adem\u00e1s les pegaron un susto que no se lo quita ni con ajo, pan birote y agua con az\u00facar.&nbsp; Ya se supo que iba por tierra para asistir a varios eventos para promover al estado. Este suceso deja varias lecturas que es interesante revisar. Primero que el funcionario parece que si entr\u00f3 a la onda de evitar derroches en gastos, porque igual pudo haberse ido por avi\u00f3n prestado como lo hacen cientos de funcionarios en otras partes del pa\u00eds. Esto habla bien de Gradillas, pero tambi\u00e9n dice que se excedi\u00f3 en lo temerario o en lo ingenuo, porque&nbsp; apenas se puede pensar que haya cre\u00eddo lo que dice el gobernador sinaloense Rub\u00e9n Rocha de que todo est\u00e1 tranquilo y que el ambiente de violencia es producto de los periodistas. H\u00e1ganme el \u201ccontra cabor fabror\u201d.<\/p>\n\n\n\n<p><strong>DEJA MAL PARADO\u2026 <\/strong>Por otro lado, lo que le pas\u00f3 a nuestro secretario de Turismo deja mal parado a ese estado, porque demuestra que circular por las carreteras de Sinaloa es un peligro y mucho riesgo. Ni modo que despu\u00e9s de esto vaya a recomendar que se den una vuelta por esos rumbos, en donde la violencia no para ni con los miles de solados y guardias nacionales que vigilan ese territorio controlado por los grupos criminales.&nbsp; Por cierto, acaba de pasar una carrera de 4X4&nbsp; donde estuvieron cientos de conductores, pero fueron custodiados por todos los niveles de gobierno.&nbsp; As\u00ed se puede, pero ni modo de estar vigilando todos los eventos que se den en Sinaloa.&nbsp; Pero bueno, as\u00ed est\u00e1 la violencia y esta no se detendr\u00e1 hasta que el gobierno no retome el control, y eso se ve que va para largo.<\/p>\n\n\n\n<p><strong>LA GUERRA DE LOS TADDEI\u2026 <\/strong>En columnas nacionales, mejor dicho en una columna, est\u00e1n manejando una versi\u00f3n muy jalada de los pelos, de que hay un enfrentamiento entre el gobernador Alfonso Durazo y el llamado Grupo Taddei por imponer candidatos para la elecci\u00f3n a gobernador en el 2027.&nbsp; En ese espacio le conceden mucho poder a Jorge Taddei, al grado de que sostienen que&nbsp; este grupo tiene el poder como para ganarle la candidatura al gobernador Durazo. Creo que se excedieron un poco en el an\u00e1lisis. Primero, porque creemos que Jorge aprendi\u00f3 la lecci\u00f3n de que en Sonora hay un jefe pol\u00edtico que tiene el control, sobre todo de su partido Morena. Y si bien es cierto que por protocolos gobernador no pone gobernador, si tiene capacidad para impulsar proyectos, como lo estamos viendo. Adem\u00e1s, puede vetar.&nbsp; Adem\u00e1s no creemos que despu\u00e9s de la pasada congelada,&nbsp; Jorge tenga humor como para enfrentar al palacio de gobierno.&nbsp; Estos comentarios manejados desde la capital del pa\u00eds no ayudan, por el contrario aumentan la confrontaci\u00f3n.&nbsp; Veremos si esto lo tomaron en serio o lo ven como un comentario de buenas intenciones.<\/p>\n\n\n\n<p><strong>\u00daLTIMA SEMANA DE CAMPA\u00d1A\u2026 <\/strong>T\u00e9cnicamente hablando esta es la \u00faltima semana de la campa\u00f1a para rector de la Universidad de Sonora, porque el 26 de marzo se&nbsp; har\u00e1 la consulta electr\u00f3nica a la comunidad universitaria, integrada por el alumnado, personal acad\u00e9mico y administrativo, para sacar una terna de donde el Colegio Universitario elegir\u00e1 al nuevo rector o rectora en su caso. Hay que destacar que las campa\u00f1as se han manejado sin confrontaciones, con buenas presentaciones. Lo malo que no se autorizaron los debates entre los aspirantes, esto le hubiera puesto sabor al caldo.&nbsp; Lo cierto es que ya est\u00e1 perfilada la terna y seguramente quedar\u00e1n como finalistas Cuauht\u00e9moc Gonz\u00e1lez, Aar\u00f3n Grageda y Dena Camarena.&nbsp; Esta semana ser\u00e1 clave para definir las preferencias electorales sobre todo en el sector estudiantil. Pero tambi\u00e9n puede ser la semana de los ataques. Veremos si se mantiene la calma.<\/p>\n\n\n\n<p><strong>PUENTE LARGO\u2026 <\/strong>Les recuerdo que hoy es puente largo por lo que no hay bancos, ni clases ni oficinas de gobierno. Pero si habr\u00e1 recolecci\u00f3n de basura para que no se les pase. Tambi\u00e9n importante&nbsp; recordar que en los hospitales p\u00fablicos se queda una guardia, por lo que no es recomendable que llegue la cig\u00fce\u00f1a porque atienden puros R. Ah, y es el regreso de los vacacionistas, para que manejen con cuidado.<\/p>\n\n\n\n<p><strong>En fin, por lo pronto recuerden lo que dec\u00eda el Tubo Gonz\u00e1lez, el que llega al \u00faltimo, a veces no alcanza ni tacos de frijoles. Sale.<\/strong><\/p>\n\n\n\n<p><strong>S\u00edganos en la cuenta de X o Twitter @hilarioolea.<\/strong><\/p>\n\n\n\n<p><strong>Pueden vernos de lunes a viernes de 8 a 9 de la noche en nuestro canal de YouTube \u201cEntre Todos Digital\u201d.<\/strong><\/p>\n\n\n\n<p><strong>Sigan nuestras redes sociales<\/strong><\/p>\n","protected":false},"excerpt":{"rendered":"<p>Columna Corren Rumores Hilario Olea En carne propia Lunes 17 de marzo de 2025 VAYA SUSTO QUE SE LLEV\u00d3\u2026 El secretario de Turismo de Sonora, Roberto Gradillas, mientras circulaba en su veh\u00edculo por la autopista de Culiac\u00e1n y Mazatl\u00e1n, pues fue asaltado por un grupo armado, que seg\u00fan la versi\u00f3n que ha trascendido en redes, [&hellip;]<\/p>\n","protected":false},"author":1,"featured_media":25968,"comment_status":"open","ping_status":"open","sticky":false,"template":"","format":"standard","meta":{"content-type":"","footnotes":""},"categories":[121],"tags":[],"class_list":{"0":"post-25967","1":"post","2":"type-post","3":"status-publish","4":"format-standard","5":"has-post-thumbnail","7":"category-hilarioolea"},"_links":{"self":[{"href":"https:\/\/www.regioncuatronoticias.com\/index.php\/wp-json\/wp\/v2\/posts\/25967","targetHints":{"allow":["GET"]}}],"collection":[{"href":"https:\/\/www.regioncuatronoticias.com\/index.php\/wp-json\/wp\/v2\/posts"}],"about":[{"href":"https:\/\/www.regioncuatronoticias.com\/index.php\/wp-json\/wp\/v2\/types\/post"}],"author":[{"embeddable":true,"href":"https:\/\/www.regioncuatronoticias.com\/index.php\/wp-json\/wp\/v2\/users\/1"}],"replies":[{"embeddable":true,"href":"https:\/\/www.regioncuatronoticias.com\/index.php\/wp-json\/wp\/v2\/comments?post=25967"}],"version-history":[{"count":1,"href":"https:\/\/www.regioncuatronoticias.com\/index.php\/wp-json\/wp\/v2\/posts\/25967\/revisions"}],"predecessor-version":[{"id":25969,"href":"https:\/\/www.regioncuatronoticias.com\/index.php\/wp-json\/wp\/v2\/posts\/25967\/revisions\/25969"}],"wp:featuredmedia":[{"embeddable":true,"href":"https:\/\/www.regioncuatronoticias.com\/index.php\/wp-json\/wp\/v2\/media\/25968"}],"wp:attachment":[{"href":"https:\/\/www.regioncuatronoticias.com\/index.php\/wp-json\/wp\/v2\/media?parent=25967"}],"wp:term":[{"taxonomy":"category","embeddable":true,"href":"https:\/\/www.regioncuatronoticias.com\/index.php\/wp-json\/wp\/v2\/categories?post=25967"},{"taxonomy":"post_tag","embeddable":true,"href":"https:\/\/www.regioncuatronoticias.com\/index.php\/wp-json\/wp\/v2\/tags?post=25967"}],"curies":[{"name":"wp","href":"https:\/\/api.w.org\/{rel}","templated":true}]}}