{"id":25958,"date":"2025-03-17T19:22:24","date_gmt":"2025-03-18T02:22:24","guid":{"rendered":"https:\/\/www.regioncuatronoticias.com\/?p=25958"},"modified":"2025-03-17T19:22:26","modified_gmt":"2025-03-18T02:22:26","slug":"y-si-los-influencers-tienen-razon","status":"publish","type":"post","link":"https:\/\/www.regioncuatronoticias.com\/index.php\/2025\/03\/17\/y-si-los-influencers-tienen-razon\/","title":{"rendered":"\u00bfY si los influencers tienen raz\u00f3n?"},"content":{"rendered":"\n<p><strong>Columna El Zancudo<\/strong><\/p>\n\n\n\n<p><strong>Arturo Soto Mungu\u00eda<\/strong><\/p>\n\n\n\n<p><strong>\u00bfY si los influencers tienen raz\u00f3n?<\/strong><\/p>\n\n\n\n<p><strong>Lunes 17 de marzo de 2025<\/strong><\/p>\n\n\n\n<p>Hace unos d\u00edas, apareci\u00f3 en mi \u2018time line\u2019 una imagen del alcalde Antonio Astiazar\u00e1n rodeado de un nutrido grupos de hombres y mujeres j\u00f3venes, en el &nbsp;rango de millennials y chavorrucos, todos ellos y ellas creadores de contenido. El alcalde agradec\u00eda en el pie de foto el trabajo de los all\u00ed presentes para difundir su obra de gobierno.<\/p>\n\n\n\n<p>&nbsp;Y est\u00e1 bien.<\/p>\n\n\n\n<p>&nbsp;Su servilleta, que ya est\u00e1 cruzando la frontera del chavorruquismo no pudo menos que sentirse, por decir lo menos, extempor\u00e1neo. Y es que al \u00fanico que pude identificar en esa foto es al buen Gallo Negro que, me consta, es un tipo muy aplicado y trabajador en lo que hace, que es la comedia y la publicidad de negocios dedicados a la gastronom\u00eda, pero no solo a ello, sino que su cartera de clientes es mucho m\u00e1s amplia.<\/p>\n\n\n\n<p>&nbsp;Del resto, dicho sea con el debido respeto, no tengo la m\u00e1s remota idea sobre su identidad o su trabajo, aunque entiendo que se mueven en el mundo de las redes sociales donde seguramente son exitosos.<\/p>\n\n\n\n<p>&nbsp;Al menos en X (antes Twitter), a los aludidos no les fue bien, pero hay que considerar que X es el reducto donde se concentra lo m\u00e1s granado de la cr\u00edtica \u00e1cida, demoledora y sanguinaria. De huevones, arrastrados y \u2018come-cuando-hay\u2019 no los bajaron, lo cual me pareci\u00f3 un exceso.<\/p>\n\n\n\n<p>D\u00edas antes, un amigo que tambi\u00e9n peina canas y que ha sido observador de la cosa p\u00fabica desde las \u00faltimas tres d\u00e9cadas del siglo pasado me solt\u00f3 a boca de jarro una pregunta que me dejo patidifuso por unos instantes:<\/p>\n\n\n\n<p>&nbsp;-De entre la clase pol\u00edtica en Sonora actualmente \u2013me pregunt\u00f3\u2013 \u00bfqu\u00e9 personajes crees que tengan la capacidad intelectual, el bagaje cultural, la contextura moral y pol\u00edtica para considerarse hombres o mujeres de Estado?<\/p>\n\n\n\n<p>&nbsp;La pregunta ten\u00eda que ver con una pl\u00e1tica sobre la sucesi\u00f3n gubernamental ya en marcha y me oblig\u00f3 a pasar revista de la cartelera pol\u00edtica en boga. Confieso que la pregunta me tom\u00f3 desprevenido y alcanc\u00e9 a mencionar dos o tres que, a juzgar por su expresi\u00f3n, no parecieron convencerlo mucho, por lo que intent\u00e9 una ruta de escape que quiso ser decorosa.<\/p>\n\n\n\n<p>&nbsp;Es que la pol\u00edtica se ha frivolizado mucho \u2013aventur\u00e9\u2013, y ahorita no es el concierto de las ideas o las propuestas lo que busca permear las conciencias, sino los \u2018likes\u2019, las \u2018vistas\u2019 o las \u2018reproducciones\u2019 en redes sociales, y por ello buena parte de la clase pol\u00edtica opta por aparecer al lado de un cantante famoso, una actriz reputada, un deportista glorioso o un(a) influencer que est\u00e1 en boca de todos (y esto tambi\u00e9n es un decir).<\/p>\n\n\n\n<p>&nbsp;Todo esto se me vino a la cabeza ayer que vi a mi compa Aar\u00f3n Grageda, candidato a la rector\u00eda de la Universidad de Sonora coprotagonizando un video con un grupo de \u2018influencers\u2019 (que honestamente no tengo ni puta idea de qui\u00e9nes se trate, pero que a decir del propio candidato, \u2018la est\u00e1n rompiendo en redes sociales\u2019) en un sketch para mi gusto un tanto rid\u00edculo. Pero insisto: lo que yo piense al respecto no vale porque tal video ya ten\u00eda 72 mil reproducciones en Facebook, cifra que equivale a m\u00e1s del doble de la poblaci\u00f3n estudiantil de la Unison, \u2018target\u2019 al que supongo, va dirigido el video.<\/p>\n\n\n\n<p>&nbsp;El grupo de influencers est\u00e1 compuesto por tres j\u00f3venes y una joven que jam\u00e1s ser\u00edan contratados por alguna marca de productos para adelgazar, salvo como los \u2018antes\u2019, pero que entiendo, son s\u00faper famosos. En alguna parte del video, uno de ellos, el m\u00e1s gordito, camina como si anduviera cagado, pero en realidad lo que trataba de ilustrar es que se le irritaron las ingles de tanto caminar porque no hay en la Unison un buen sistema de movilidad para los estudiantes, lo cual es cierto.<\/p>\n\n\n\n<p>Pero cuando se hace esa revelaci\u00f3n, aparece sorpresivamente Aar\u00f3n Grageda esgrimiendo su propuesta para resolver el problema de movilidad estudiantil.<\/p>\n\n\n\n<p>Y el esquema se repite en varios temas que aquejan a los estudiantes de la Unison.<\/p>\n\n\n\n<p>&nbsp;Juro por Dios y por Marx que el Aar\u00f3n me cae bien, lo conozco desde hace d\u00e9cadas, le respeto mucho su formaci\u00f3n acad\u00e9mica y creo que busca leg\u00edtimamente dirigir los destinos de nuestra Alma Mater.<\/p>\n\n\n\n<p>&nbsp;Pero cuando vi el video me asalt\u00f3 la duda. \u00bfSer\u00e1 que la comunidad estudiantil de la Unison sea fan de Los Kakamas Show y con este genial video Aar\u00f3n Grageda se ech\u00f3 a la bolsa el voto mayoritario? Puede ser, \u00bfPor qu\u00e9 no?<\/p>\n\n\n\n<p>&nbsp;Imagin\u00e9 tambi\u00e9n al Colegio Universitario, el m\u00e1ximo \u00f3rgano de gobierno en la Unison y la instancia que definir\u00e1 finalmente qui\u00e9n ser\u00e1 el nuevo rector o rectora observando con detenimiento y extrema atenci\u00f3n dicho video para definir su voto y las cuentas no me salen.<\/p>\n\n\n\n<p>&nbsp;Claro, siempre existe la posibilidad de que yo est\u00e9 equivocado y en el Colegio Universitario los Kakama Shows tengan tanta influencia \u2013como influencers que son\u2013 que tan creativo sketch defina finalmente su voto a favor de Aar\u00f3n Grageda y sea \u00e9l, definitivamente el indicado para ocupar la rector\u00eda durante los pr\u00f3ximos cuatro a\u00f1os.<\/p>\n\n\n\n<p>&nbsp;Porque aunque usted no lo crea, chavorruco lector, boomer lectora, milllennial sin Twitter, gente hay que con maestr\u00edas y doctorados alimentan sus decisiones pol\u00edticas con una historia de Whatsapp, Facebook, Instagram o con un Tik Tok.<\/p>\n\n\n\n<p>&nbsp;Personalmente, yo no lo hago, pero eso es irrelevante porque ante la marejada de \u2018likes\u2019 en redes sociales hasta las mentes m\u00e1s brillantes en la docencia, la investigaci\u00f3n y todas las labores sustantivas de la Universidad pueden hacer la ola t\u00edpica del grader\u00edo virtual y decir, sin vacilaciones ni dubitaciones: \u00a1Este es el bueno!<\/p>\n\n\n\n<p>&nbsp;Porque \u00bfqu\u00e9 tal si los influencers tienen raz\u00f3n?<\/p>\n\n\n\n<p><strong>&nbsp;II<\/strong><\/p>\n\n\n\n<p>Entiendo que el vacacionista lector, la ap\u00e1trida lectora aprovecharon el puente y se tiraron a perder rumbo a alg\u00fan destino de playa o bien, abdicando de cualquier examen de la renegociaci\u00f3n del T-MEC y el conflicto arancelario procedieron a dejar temblando la Ross y las tienditas de d\u00f3lar, en un deleznable acto de entreguismo al imperialismo yanqui mediante el cual se gastaron todo lo que les sobr\u00f3 del viaje al Z\u00f3calo capitalino a donde fueron a corear consignas a favor de la independencia, la soberan\u00eda y el no injerencismo, porque la patria se defiende. \u00a1A huevo!<\/p>\n\n\n\n<p>&nbsp;Pero no todos son as\u00ed, no crean. Ah\u00ed tienen por ejemplo al gobernador Alfonso Durazo, que en pleno puente andar\u00e1 por las tierras del T\u00edo Sam, concretamente en California, pero no para pegarle al shopping de rigor, sino para reunirse con actores clave en el \u00e1mbito pol\u00edtico empresarial, comenzando por el gobernador de aquel estado, Gavin Newsom.<\/p>\n\n\n\n<p>&nbsp;Esta gira del mandatario sonorense que se llevar\u00e1 a cabo los d\u00edas lunes y martes de esta semana tiene una agenda relacionada con la innovaci\u00f3n, la educaci\u00f3n y la sustentabilidad.<\/p>\n\n\n\n<p>&nbsp;Con el se\u00f1or Newsom formalizar\u00e1 un acuerdo de cooperaci\u00f3n que posicionar\u00e1 a Sonora como un socio clave en la transici\u00f3n energ\u00e9tica de Am\u00e9rica del Norte, buscando acuerdos con el estado de California, que es nada menos que la quinta econom\u00eda en el mundo y l\u00edder en acciones contra el cambio clim\u00e1tico, tema que en M\u00e9xico se ha venido trabajando a partir del Plan Sonora de Energ\u00edas Sostenibles.<\/p>\n\n\n\n<p>&nbsp;Como parte de la agenda a desahogar en aquel estado, se puede mencionar los encuentros con el presidente de la Asamblea de Caifornia, Robert Rivas; el presidente Pro Tempore del Senado, Mike McGuire, y la presidenta de la C\u00e1mara de Comercio de California, Jennifer Barrera con quienes abordar\u00e1 temas de inversi\u00f3n, comercio y movilidad empresarial.<\/p>\n\n\n\n<p>&nbsp;En esta gira habr\u00e1 encuentros con legisladores de la bancada latina del Capitolio de California.<\/p>\n\n\n\n<p><strong>&nbsp;Tambi\u00e9n me puedes seguir en X: @Chaposoto<\/strong><\/p>\n\n\n\n<p><strong>Visita www.elzancudo.com.mx<\/strong><\/p>\n","protected":false},"excerpt":{"rendered":"<p>Columna El Zancudo Arturo Soto Mungu\u00eda \u00bfY si los influencers tienen raz\u00f3n? Lunes 17 de marzo de 2025 Hace unos d\u00edas, apareci\u00f3 en mi \u2018time line\u2019 una imagen del alcalde Antonio Astiazar\u00e1n rodeado de un nutrido grupos de hombres y mujeres j\u00f3venes, en el &nbsp;rango de millennials y chavorrucos, todos ellos y ellas creadores de [&hellip;]<\/p>\n","protected":false},"author":1,"featured_media":25959,"comment_status":"open","ping_status":"open","sticky":false,"template":"","format":"standard","meta":{"content-type":"","footnotes":""},"categories":[125],"tags":[],"class_list":{"0":"post-25958","1":"post","2":"type-post","3":"status-publish","4":"format-standard","5":"has-post-thumbnail","7":"category-arturo-soto-munguia"},"_links":{"self":[{"href":"https:\/\/www.regioncuatronoticias.com\/index.php\/wp-json\/wp\/v2\/posts\/25958","targetHints":{"allow":["GET"]}}],"collection":[{"href":"https:\/\/www.regioncuatronoticias.com\/index.php\/wp-json\/wp\/v2\/posts"}],"about":[{"href":"https:\/\/www.regioncuatronoticias.com\/index.php\/wp-json\/wp\/v2\/types\/post"}],"author":[{"embeddable":true,"href":"https:\/\/www.regioncuatronoticias.com\/index.php\/wp-json\/wp\/v2\/users\/1"}],"replies":[{"embeddable":true,"href":"https:\/\/www.regioncuatronoticias.com\/index.php\/wp-json\/wp\/v2\/comments?post=25958"}],"version-history":[{"count":1,"href":"https:\/\/www.regioncuatronoticias.com\/index.php\/wp-json\/wp\/v2\/posts\/25958\/revisions"}],"predecessor-version":[{"id":25960,"href":"https:\/\/www.regioncuatronoticias.com\/index.php\/wp-json\/wp\/v2\/posts\/25958\/revisions\/25960"}],"wp:featuredmedia":[{"embeddable":true,"href":"https:\/\/www.regioncuatronoticias.com\/index.php\/wp-json\/wp\/v2\/media\/25959"}],"wp:attachment":[{"href":"https:\/\/www.regioncuatronoticias.com\/index.php\/wp-json\/wp\/v2\/media?parent=25958"}],"wp:term":[{"taxonomy":"category","embeddable":true,"href":"https:\/\/www.regioncuatronoticias.com\/index.php\/wp-json\/wp\/v2\/categories?post=25958"},{"taxonomy":"post_tag","embeddable":true,"href":"https:\/\/www.regioncuatronoticias.com\/index.php\/wp-json\/wp\/v2\/tags?post=25958"}],"curies":[{"name":"wp","href":"https:\/\/api.w.org\/{rel}","templated":true}]}}