{"id":25955,"date":"2025-03-17T00:13:01","date_gmt":"2025-03-17T07:13:01","guid":{"rendered":"https:\/\/www.regioncuatronoticias.com\/?p=25955"},"modified":"2025-03-17T00:13:04","modified_gmt":"2025-03-17T07:13:04","slug":"rechaza-sheinbaum-tener-miedo-de-trump-e-insiste-en-que-defendera-la-soberania-nacional","status":"publish","type":"post","link":"https:\/\/www.regioncuatronoticias.com\/index.php\/2025\/03\/17\/rechaza-sheinbaum-tener-miedo-de-trump-e-insiste-en-que-defendera-la-soberania-nacional\/","title":{"rendered":"Rechaza Sheinbaum tener miedo de Trump e insiste en que defender\u00e1 la soberan\u00eda nacional"},"content":{"rendered":"\n<p><strong>La declaraci\u00f3n de Sheinbaum ocurri\u00f3 en un evento p\u00fablico con pobladores de la comunidad de Las Margaritas, en el estado de Chiapas<\/strong><\/p>\n\n\n\n<p>Tomado de L+opez-D\u00f3riga Digitasl<\/p>\n\n\n\n<p>Redacci\u00f3n<\/p>\n\n\n\n<p>Domingo 16 de marzo de 2025<\/p>\n\n\n\n<p>La presidenta de M\u00e9xico, Claudia Sheinbaum, afirm\u00f3 este s\u00e1bado que no le tiene miedo al mandatario estadounidense, Donald Trump, e insisti\u00f3 en que su gobierno &nbsp;defender\u00e1 la soberan\u00eda e independencia del pa\u00eds ante cualquier naci\u00f3n.<\/p>\n\n\n\n<p>\u201cUna vez me pregunt\u00f3 un periodista: \u2018Oiga, \u00bfno le tiene miedo a Donald Trump?\u2019 Dije, \u2018\u00bfC\u00f3mo le voy a tener miedo? Si estamos juntos, el pueblo y el gobierno somos uno solo, tenemos un pueblo que nos respalda\u2019\u201d, expres\u00f3 Sheinbaum.<\/p>\n\n\n\n<p>Su declaraci\u00f3n ocurri\u00f3 en un evento p\u00fablico con pobladores de la comunidad de Las Margaritas, en el estado de Chiapas, donde subray\u00f3 que su administraci\u00f3n cuenta con el respaldo del pueblo mexicano para sostener una relaci\u00f3n de respeto con Estados Unidos.<\/p>\n\n\n\n<p>Enfatiz\u00f3 que su administraci\u00f3n representa un gobierno respaldado por el pueblo y que M\u00e9xico es una naci\u00f3n fuerte, capaz de negociar con cualquier pa\u00eds del mundo.<\/p>\n\n\n\n<p>\u201cNo va a haber nunca divorcio entre pueblo y gobierno. Somos uno solo y eso es lo que nos da la fuerza. Si no tuvi\u00e9ramos esa fuerza, no podr\u00edamos negociar con ning\u00fan pa\u00eds del mundo\u201d, dijo.<\/p>\n\n\n\n<p>Las palabras de la mandataria se producen en un momento de roces en la relaci\u00f3n bilateral entre M\u00e9xico y Estados Unidos, especialmente ante la posibilidad de que Trump implemente aranceles de 25% a exportaciones mexicanas, como tiene previsto el pr\u00f3ximo mes de abril.<\/p>\n\n\n\n<p>Aunque el republicano ha pausado sus intenciones de iniciar una guerra comercial con su principal socio, M\u00e9xico, no deja de lado sus demandas contra el tr\u00e1fico de drogas, en especial del fentanilo, y la migraci\u00f3n irregular.<\/p>\n\n\n\n<p>Leer tambi\u00e9n: Gobernador Rub\u00e9n Rocha Moya confirma pagos a productores de ma\u00edz y trigo<\/p>\n\n\n\n<p>Adem\u00e1s, Trump ha designado a siete c\u00e1rteles de la droga en M\u00e9xico como organizaciones terroristas y funcionarios estadounidenses han apuntado a operaciones en territorio mexicano para combatirles, lo que ya ha rechazado la presidenta Sheinbaum.<\/p>\n\n\n\n<p>No obstante, la mandataria recalc\u00f3 este d\u00eda que su gobierno mantendr\u00e1 una postura firme frente a cualquier intento de injerencia extranjera, subrayando que M\u00e9xico ha sido hist\u00f3ricamente un pa\u00eds con identidad y fuerza propias.<\/p>\n\n\n\n<p>Sheinbaum tambi\u00e9n destac\u00f3 la importancia de los pueblos originarios y la cultura mexicana como elementos que fortalecen la identidad nacional.<\/p>\n\n\n\n<p>\u201cM\u00e9xico es una potencia cultural. No tiene ning\u00fan pa\u00eds del mundo la fuerza que tiene M\u00e9xico, porque aqu\u00ed hay pueblos originarios que han resistido y que nos muestran todos los d\u00edas lo que representa el amor al pr\u00f3jimo, el amor a sus comunidades y el amor a la patria\u201d, concluy\u00f3.<\/p>\n\n\n\n<p>Con informaci\u00f3n de EFE.<\/p>\n\n\n\n<p><a href=\"https:\/\/lopezdoriga.com\/nacional\/rechaza-sheinbaum-tener-miedo-de-trump-e-insiste-en-que-defendera-la-soberania-nacional\/\">https:\/\/lopezdoriga.com\/nacional\/rechaza-sheinbaum-tener-miedo-de-trump-e-insiste-en-que-defendera-la-soberania-nacional\/<\/a><\/p>\n","protected":false},"excerpt":{"rendered":"<p>La declaraci\u00f3n de Sheinbaum ocurri\u00f3 en un evento p\u00fablico con pobladores de la comunidad de Las Margaritas, en el estado de Chiapas Tomado de L+opez-D\u00f3riga Digitasl Redacci\u00f3n Domingo 16 de marzo de 2025 La presidenta de M\u00e9xico, Claudia Sheinbaum, afirm\u00f3 este s\u00e1bado que no le tiene miedo al mandatario estadounidense, Donald Trump, e insisti\u00f3 en [&hellip;]<\/p>\n","protected":false},"author":1,"featured_media":25956,"comment_status":"open","ping_status":"open","sticky":false,"template":"","format":"standard","meta":{"content-type":"","footnotes":""},"categories":[3,115,105],"tags":[],"class_list":{"0":"post-25955","1":"post","2":"type-post","3":"status-publish","4":"format-standard","5":"has-post-thumbnail","7":"category-mexico","8":"category-politica","9":"category-principal"},"_links":{"self":[{"href":"https:\/\/www.regioncuatronoticias.com\/index.php\/wp-json\/wp\/v2\/posts\/25955","targetHints":{"allow":["GET"]}}],"collection":[{"href":"https:\/\/www.regioncuatronoticias.com\/index.php\/wp-json\/wp\/v2\/posts"}],"about":[{"href":"https:\/\/www.regioncuatronoticias.com\/index.php\/wp-json\/wp\/v2\/types\/post"}],"author":[{"embeddable":true,"href":"https:\/\/www.regioncuatronoticias.com\/index.php\/wp-json\/wp\/v2\/users\/1"}],"replies":[{"embeddable":true,"href":"https:\/\/www.regioncuatronoticias.com\/index.php\/wp-json\/wp\/v2\/comments?post=25955"}],"version-history":[{"count":1,"href":"https:\/\/www.regioncuatronoticias.com\/index.php\/wp-json\/wp\/v2\/posts\/25955\/revisions"}],"predecessor-version":[{"id":25957,"href":"https:\/\/www.regioncuatronoticias.com\/index.php\/wp-json\/wp\/v2\/posts\/25955\/revisions\/25957"}],"wp:featuredmedia":[{"embeddable":true,"href":"https:\/\/www.regioncuatronoticias.com\/index.php\/wp-json\/wp\/v2\/media\/25956"}],"wp:attachment":[{"href":"https:\/\/www.regioncuatronoticias.com\/index.php\/wp-json\/wp\/v2\/media?parent=25955"}],"wp:term":[{"taxonomy":"category","embeddable":true,"href":"https:\/\/www.regioncuatronoticias.com\/index.php\/wp-json\/wp\/v2\/categories?post=25955"},{"taxonomy":"post_tag","embeddable":true,"href":"https:\/\/www.regioncuatronoticias.com\/index.php\/wp-json\/wp\/v2\/tags?post=25955"}],"curies":[{"name":"wp","href":"https:\/\/api.w.org\/{rel}","templated":true}]}}