{"id":2594,"date":"2023-11-12T19:21:57","date_gmt":"2023-11-13T02:21:57","guid":{"rendered":"https:\/\/www.regioncuatronoticias.com\/?p=2594"},"modified":"2023-11-12T19:21:59","modified_gmt":"2023-11-13T02:21:59","slug":"amlo-anuncia-iniciativa-para-mantener-reduccion-del-iva-e-isr-al-50-en-las-fronteras","status":"publish","type":"post","link":"https:\/\/www.regioncuatronoticias.com\/index.php\/2023\/11\/12\/amlo-anuncia-iniciativa-para-mantener-reduccion-del-iva-e-isr-al-50-en-las-fronteras\/","title":{"rendered":"AMLO anuncia iniciativa para mantener reducci\u00f3n del IVA e ISR al 50% en las fronteras"},"content":{"rendered":"\n<p>Tomado de El Economista<\/p>\n\n\n\n<p>Domingo 12 de Noviembre de 2023 &#8211; 19:12<\/p>\n\n\n\n<p>El presidente de M\u00e9xico anunci\u00f3 un dec\u00e1logo de compromisos para Baja California, entre estos, aumentar nuevamente el salario m\u00ednimo.<\/p>\n\n\n\n<p>El presidente Andr\u00e9s Manuel L\u00f3pez Obrador enviar\u00e1 al Congreso una iniciativa de ley, para que en las fronteras norte y sur de M\u00e9xico se mantenga al 50% la reducci\u00f3n del Impuesto al Valor Agregado (IVA), y del Impuesto Sobre la Renta (ISR).<\/p>\n\n\n\n<p>&nbsp;\u201cAntes de concluir el mandato. Enviar\u00e9 una iniciativa de ley al Congreso, para mantener en la frontera norte y sur la reducci\u00f3n del IVA y el ISR al 50%\u201d, anunci\u00f3 este domingo 12 de noviembre.<\/p>\n\n\n\n<p>Al acompa\u00f1ar a Marina del Pilar en su Segundo Informe de Gobierno al frente de Baja California, el mandatario federal anunci\u00f3 tambi\u00e9n que \u201cse mantendr\u00e1 todo el apoyo a la frontera en cuanto a los precios de los combustibles, es decir, no van a haber aumentos en t\u00e9rminos reales\u201d.<\/p>\n\n\n\n<p>Lo anterior fue parte del dec\u00e1logo de compromisos que asumi\u00f3 para la entidad fronteriza, y que sostuvo cumplir\u00e1 antes de terminar su administraci\u00f3n.<\/p>\n\n\n\n<p>En este tenor, en el punto cuatro, destac\u00f3 que aumentar\u00e1 nuevamente el salario &nbsp;m\u00ednimo en la frontera norte, explicando que para el primero de enero de 2024 pasar\u00e1 de 312 a 400 pesos.<\/p>\n\n\n\n<p>No obstante, coment\u00f3 que todav\u00eda se debe acordar con el sector empresarial y sector obrero, pero se mostr\u00f3 optimista y sostuvo que no habr\u00e1 problema.<\/p>\n\n\n\n<p>De esta manera, refrend\u00f3 el apoyo de su Gobierno. Asimismo, indic\u00f3 que Baja California es el segundo estado en donde m\u00e1s ha bajado la pobreza, solo detr\u00e1s de Chiapas.<\/p>\n","protected":false},"excerpt":{"rendered":"<p>Tomado de El Economista Domingo 12 de Noviembre de 2023 &#8211; 19:12 El presidente de M\u00e9xico anunci\u00f3 un dec\u00e1logo de compromisos para Baja California, entre estos, aumentar nuevamente el salario m\u00ednimo. El presidente Andr\u00e9s Manuel L\u00f3pez Obrador enviar\u00e1 al Congreso una iniciativa de ley, para que en las fronteras norte y sur de M\u00e9xico se [&hellip;]<\/p>\n","protected":false},"author":1,"featured_media":2595,"comment_status":"open","ping_status":"open","sticky":false,"template":"","format":"standard","meta":{"content-type":"","footnotes":""},"categories":[3,115,105],"tags":[],"class_list":{"0":"post-2594","1":"post","2":"type-post","3":"status-publish","4":"format-standard","5":"has-post-thumbnail","7":"category-mexico","8":"category-politica","9":"category-principal"},"_links":{"self":[{"href":"https:\/\/www.regioncuatronoticias.com\/index.php\/wp-json\/wp\/v2\/posts\/2594","targetHints":{"allow":["GET"]}}],"collection":[{"href":"https:\/\/www.regioncuatronoticias.com\/index.php\/wp-json\/wp\/v2\/posts"}],"about":[{"href":"https:\/\/www.regioncuatronoticias.com\/index.php\/wp-json\/wp\/v2\/types\/post"}],"author":[{"embeddable":true,"href":"https:\/\/www.regioncuatronoticias.com\/index.php\/wp-json\/wp\/v2\/users\/1"}],"replies":[{"embeddable":true,"href":"https:\/\/www.regioncuatronoticias.com\/index.php\/wp-json\/wp\/v2\/comments?post=2594"}],"version-history":[{"count":1,"href":"https:\/\/www.regioncuatronoticias.com\/index.php\/wp-json\/wp\/v2\/posts\/2594\/revisions"}],"predecessor-version":[{"id":2596,"href":"https:\/\/www.regioncuatronoticias.com\/index.php\/wp-json\/wp\/v2\/posts\/2594\/revisions\/2596"}],"wp:featuredmedia":[{"embeddable":true,"href":"https:\/\/www.regioncuatronoticias.com\/index.php\/wp-json\/wp\/v2\/media\/2595"}],"wp:attachment":[{"href":"https:\/\/www.regioncuatronoticias.com\/index.php\/wp-json\/wp\/v2\/media?parent=2594"}],"wp:term":[{"taxonomy":"category","embeddable":true,"href":"https:\/\/www.regioncuatronoticias.com\/index.php\/wp-json\/wp\/v2\/categories?post=2594"},{"taxonomy":"post_tag","embeddable":true,"href":"https:\/\/www.regioncuatronoticias.com\/index.php\/wp-json\/wp\/v2\/tags?post=2594"}],"curies":[{"name":"wp","href":"https:\/\/api.w.org\/{rel}","templated":true}]}}