{"id":25936,"date":"2025-03-16T23:44:00","date_gmt":"2025-03-17T06:44:00","guid":{"rendered":"https:\/\/www.regioncuatronoticias.com\/?p=25936"},"modified":"2025-03-16T23:44:04","modified_gmt":"2025-03-17T06:44:04","slug":"eu-advierte-que-se-revocaran-las-visas-de-quienes-vayan-a-protestas-proterroristas","status":"publish","type":"post","link":"https:\/\/www.regioncuatronoticias.com\/index.php\/2025\/03\/16\/eu-advierte-que-se-revocaran-las-visas-de-quienes-vayan-a-protestas-proterroristas\/","title":{"rendered":"EU advierte que se revocar\u00e1n las visas de quienes vayan a protestas \u2018proterroristas\u2019"},"content":{"rendered":"\n<p><strong>El Departamento de Estado sigue buscando a gente \u2018a la que nunca se le deber\u00eda haber permitido el acceso al pa\u00eds con visado de estudiante de haber sabido que iban a hacer lo que han hecho\u2019, dijo su titular, Marco Rubio.<\/strong><\/p>\n\n\n\n<p>Tomado de Aristegui Noticias<\/p>\n\n\n\n<p>Redacci\u00f3n AN \/ MDS<\/p>\n\n\n\n<p>Domingo 16 de marzo de 2025<\/p>\n\n\n\n<p>El secretario de Estado de Estados Unidos, Marco Rubio, advirti\u00f3 este s\u00e1bado que se revocar\u00e1n o denegar\u00e1n las visas de quienes participen en una protesta \u201cproterrorista\u201d o lleguen al pa\u00eds con ese objetivo.<\/p>\n\n\n\n<p>\u201cEl presidente (Donald) Trump no es (Joe) Biden. Si vienes a Estados Unidos para participar en disturbios proterroristas te denegaremos la visa. Y si lo haces despu\u00e9s de mentir para entrar a nuestro pa\u00eds, te cancelaremos la visa y te enviaremos de vuelta a casa\u201d, dijo en X.<\/p>\n\n\n\n<p>El jefe de la diplomacia estadounidense ya hab\u00eda advertido el viernes de que tras el arresto del estudiante palestino Mahmoud Khalil iba a haber m\u00e1s detenciones.<\/p>\n\n\n\n<p>El joven, que termin\u00f3 sus estudios en la universidad de Columbia el pasado diciembre, fue detenido el s\u00e1bado pasado por el Servicio de Control de Inmigraci\u00f3n y Aduanas (ICE) por, seg\u00fan el gobierno, dirigir actividades \u201calineadas con Ham\u00e1s\u201d.<\/p>\n\n\n\n<p>Khalil fue uno de los l\u00edderes de las protestas propalestinas que tuvieron lugar el a\u00f1o pasado en ese campus.<\/p>\n\n\n\n<p>Rubio recalc\u00f3 el viernes que su Administraci\u00f3n sigue buscando a gente \u201ca la que nunca se le deber\u00eda haber permitido el acceso al pa\u00eds con visado de estudiante de haber sabido que iban a hacer lo que han hecho\u201d, en referencia a su presencia en esas manifestaciones.<\/p>\n\n\n\n<p>El Gobierno de Donald Trump, pero tambi\u00e9n el anterior del dem\u00f3crata Joe Biden (2021-2025), han equiparado las protestas contra Israel al antisemitismo, y eso pese a que una buena parte de los participantes formaban parte del grupo Jewish Voice for Peace (Voz jud\u00eda por la paz).<\/p>\n\n\n\n<p><a href=\"https:\/\/aristeguinoticias.com\/160325\/mundo\/eu-advierte-que-se-revocaran-las-visas-de-quienes-vayan-a-protestas-proterroristas\">https:\/\/aristeguinoticias.com\/160325\/mundo\/eu-advierte-que-se-revocaran-las-visas-de-quienes-vayan-a-protestas-proterroristas<\/a><\/p>\n","protected":false},"excerpt":{"rendered":"<p>El Departamento de Estado sigue buscando a gente \u2018a la que nunca se le deber\u00eda haber permitido el acceso al pa\u00eds con visado de estudiante de haber sabido que iban a hacer lo que han hecho\u2019, dijo su titular, Marco Rubio. Tomado de Aristegui Noticias Redacci\u00f3n AN \/ MDS Domingo 16 de marzo de 2025 [&hellip;]<\/p>\n","protected":false},"author":1,"featured_media":25937,"comment_status":"open","ping_status":"open","sticky":false,"template":"","format":"standard","meta":{"content-type":"","footnotes":""},"categories":[7,115,105],"tags":[],"class_list":{"0":"post-25936","1":"post","2":"type-post","3":"status-publish","4":"format-standard","5":"has-post-thumbnail","7":"category-internacional","8":"category-politica","9":"category-principal"},"_links":{"self":[{"href":"https:\/\/www.regioncuatronoticias.com\/index.php\/wp-json\/wp\/v2\/posts\/25936","targetHints":{"allow":["GET"]}}],"collection":[{"href":"https:\/\/www.regioncuatronoticias.com\/index.php\/wp-json\/wp\/v2\/posts"}],"about":[{"href":"https:\/\/www.regioncuatronoticias.com\/index.php\/wp-json\/wp\/v2\/types\/post"}],"author":[{"embeddable":true,"href":"https:\/\/www.regioncuatronoticias.com\/index.php\/wp-json\/wp\/v2\/users\/1"}],"replies":[{"embeddable":true,"href":"https:\/\/www.regioncuatronoticias.com\/index.php\/wp-json\/wp\/v2\/comments?post=25936"}],"version-history":[{"count":1,"href":"https:\/\/www.regioncuatronoticias.com\/index.php\/wp-json\/wp\/v2\/posts\/25936\/revisions"}],"predecessor-version":[{"id":25938,"href":"https:\/\/www.regioncuatronoticias.com\/index.php\/wp-json\/wp\/v2\/posts\/25936\/revisions\/25938"}],"wp:featuredmedia":[{"embeddable":true,"href":"https:\/\/www.regioncuatronoticias.com\/index.php\/wp-json\/wp\/v2\/media\/25937"}],"wp:attachment":[{"href":"https:\/\/www.regioncuatronoticias.com\/index.php\/wp-json\/wp\/v2\/media?parent=25936"}],"wp:term":[{"taxonomy":"category","embeddable":true,"href":"https:\/\/www.regioncuatronoticias.com\/index.php\/wp-json\/wp\/v2\/categories?post=25936"},{"taxonomy":"post_tag","embeddable":true,"href":"https:\/\/www.regioncuatronoticias.com\/index.php\/wp-json\/wp\/v2\/tags?post=25936"}],"curies":[{"name":"wp","href":"https:\/\/api.w.org\/{rel}","templated":true}]}}