{"id":25916,"date":"2025-03-15T19:55:24","date_gmt":"2025-03-16T02:55:24","guid":{"rendered":"https:\/\/www.regioncuatronoticias.com\/?p=25916"},"modified":"2025-03-15T19:55:27","modified_gmt":"2025-03-16T02:55:27","slug":"miles-de-hermosillenses-exigen-energia-electrica-como-derecho-humano","status":"publish","type":"post","link":"https:\/\/www.regioncuatronoticias.com\/index.php\/2025\/03\/15\/miles-de-hermosillenses-exigen-energia-electrica-como-derecho-humano\/","title":{"rendered":"Miles de hermosillenses exigen energ\u00eda el\u00e9ctrica como derecho humano"},"content":{"rendered":"\n<p><strong>Tambi\u00e9n se expuso la situaci\u00f3n del incremento a la tarifa del agua y la preparaci\u00f3n de un programa de asignaci\u00f3n de vivienda<\/strong><\/p>\n\n\n\n<p>Tomado de El Sol de Hermosillo<\/p>\n\n\n\n<p>Gil Reyes<\/p>\n\n\n\n<p>S\u00e1bado 15 de marzo de 2025<\/p>\n\n\n\n<p>Miles de hermosillenses salieron a las calles para exigir a las autoridades y representantes populares que eleven a rango constitucional la energ\u00eda el\u00e9ctrica como derecho humano, al ser una demanda que no se ha cumplido desde hace a\u00f1os.<\/p>\n\n\n\n<p>La se\u00f1ora Virginia Ramos se\u00f1al\u00f3 que, es tiempo de que los legisladores federales, tanto en el Senado de la Rep\u00fablica como C\u00e1mara de Diputados piensen en los ciudadanos y aprueben modificar el sistema tarifario para que todos tengan ese beneficio.<\/p>\n\n\n\n<p>Alrededor de las 16:30 horas inici\u00f3 el mitin organizado por la Uni\u00f3n de Usuarios, justo frente a las oficinas centrales de la Comisi\u00f3n Federal de Electricidad (CFE) en la calle Matamoros en el Centro de Hermosillo, donde personas de todas las edades se dieron cita para sumarse a la lucha por ese y otros temas.<\/p>\n\n\n\n<p>Durante su discurso, el dirigente estatal, Ignacio Peinado Luna reiter\u00f3 que se acompa\u00f1a y respalda a los ciudadanos en este tema, para muestra ha sostenido reuniones con senadores sonorenses para que adopten esta misi\u00f3n y se logre aprobar en el Congreso de la Uni\u00f3n.<\/p>\n\n\n\n<p>\u201cEstamos cerca de lograr cosas superiores, hace unos d\u00edas abord\u00e9 este tema con autoridades estatales, ante la incertidumbre de la firma del convenio para el verano de este 2025; me aseguraron que no tendr\u00edamos que preocuparnos, de lo contrario estaremos donde estuvimos el a\u00f1o pasado para que se materialice\u201d, extern\u00f3.<\/p>\n\n\n\n<p>Otro reto que tienen programado gestionar es que el subsidio de invierno se incremente de 400 a 1200 kilowatts bimestrales, debido a que hay muchos usuarios que reciben altas facturas por utilizar dispositivos para mitigar las bajas temperaturas.<\/p>\n\n\n\n<p>Tambi\u00e9n se expuso la situaci\u00f3n del incremento a la tarifa del agua y la preparaci\u00f3n de un programa de asignaci\u00f3n de vivienda, para hacer patente que las familias sin casa puedan tenerla.<\/p>\n\n\n\n<p><a href=\"https:\/\/oem.com.mx\/elsoldehermosillo\/local\/hermosillo-exige-energia-electrica-como-derecho-humano-detalles-de-la-demanda-22188769\">https:\/\/oem.com.mx\/elsoldehermosillo\/local\/hermosillo-exige-energia-electrica-como-derecho-humano-detalles-de-la-demanda-22188769<\/a><\/p>\n","protected":false},"excerpt":{"rendered":"<p>Tambi\u00e9n se expuso la situaci\u00f3n del incremento a la tarifa del agua y la preparaci\u00f3n de un programa de asignaci\u00f3n de vivienda Tomado de El Sol de Hermosillo Gil Reyes S\u00e1bado 15 de marzo de 2025 Miles de hermosillenses salieron a las calles para exigir a las autoridades y representantes populares que eleven a rango [&hellip;]<\/p>\n","protected":false},"author":1,"featured_media":25917,"comment_status":"open","ping_status":"open","sticky":false,"template":"","format":"standard","meta":{"content-type":"","footnotes":""},"categories":[8,115,105],"tags":[],"class_list":{"0":"post-25916","1":"post","2":"type-post","3":"status-publish","4":"format-standard","5":"has-post-thumbnail","7":"category-hermosillo","8":"category-politica","9":"category-principal"},"_links":{"self":[{"href":"https:\/\/www.regioncuatronoticias.com\/index.php\/wp-json\/wp\/v2\/posts\/25916","targetHints":{"allow":["GET"]}}],"collection":[{"href":"https:\/\/www.regioncuatronoticias.com\/index.php\/wp-json\/wp\/v2\/posts"}],"about":[{"href":"https:\/\/www.regioncuatronoticias.com\/index.php\/wp-json\/wp\/v2\/types\/post"}],"author":[{"embeddable":true,"href":"https:\/\/www.regioncuatronoticias.com\/index.php\/wp-json\/wp\/v2\/users\/1"}],"replies":[{"embeddable":true,"href":"https:\/\/www.regioncuatronoticias.com\/index.php\/wp-json\/wp\/v2\/comments?post=25916"}],"version-history":[{"count":1,"href":"https:\/\/www.regioncuatronoticias.com\/index.php\/wp-json\/wp\/v2\/posts\/25916\/revisions"}],"predecessor-version":[{"id":25918,"href":"https:\/\/www.regioncuatronoticias.com\/index.php\/wp-json\/wp\/v2\/posts\/25916\/revisions\/25918"}],"wp:featuredmedia":[{"embeddable":true,"href":"https:\/\/www.regioncuatronoticias.com\/index.php\/wp-json\/wp\/v2\/media\/25917"}],"wp:attachment":[{"href":"https:\/\/www.regioncuatronoticias.com\/index.php\/wp-json\/wp\/v2\/media?parent=25916"}],"wp:term":[{"taxonomy":"category","embeddable":true,"href":"https:\/\/www.regioncuatronoticias.com\/index.php\/wp-json\/wp\/v2\/categories?post=25916"},{"taxonomy":"post_tag","embeddable":true,"href":"https:\/\/www.regioncuatronoticias.com\/index.php\/wp-json\/wp\/v2\/tags?post=25916"}],"curies":[{"name":"wp","href":"https:\/\/api.w.org\/{rel}","templated":true}]}}