{"id":25912,"date":"2025-03-15T19:36:25","date_gmt":"2025-03-16T02:36:25","guid":{"rendered":"https:\/\/www.regioncuatronoticias.com\/?p=25912"},"modified":"2025-03-15T19:36:31","modified_gmt":"2025-03-16T02:36:31","slug":"asaltan-en-carretera-de-sinaloa-a-roberto-gradillas-secretario-de-economia-y-turismo-de-sonora","status":"publish","type":"post","link":"https:\/\/www.regioncuatronoticias.com\/index.php\/2025\/03\/15\/asaltan-en-carretera-de-sinaloa-a-roberto-gradillas-secretario-de-economia-y-turismo-de-sonora\/","title":{"rendered":"Asaltan en carretera de Sinaloa a Roberto Gradillas, secretario de Econom\u00eda y Turismo de Sonora"},"content":{"rendered":"\n<p><strong>El asalto al titular de Econom\u00eda y Turismo de Sonora ocurri\u00f3 cuando se dirig\u00eda por carretera a Mazatl\u00e1n, en Sinaloa<\/strong><\/p>\n\n\n\n<p>Tomado de L\u00f3pez-D\u00f3riga Digital<\/p>\n\n\n\n<p>Redacci\u00f3n<\/p>\n\n\n\n<p>S\u00e1bado 15 de marzo de 2025<\/p>\n\n\n\n<p>Roberto Gradillas Pineda, secretario de Econom\u00eda y Turismo de Sonora, y su equipo de trabajo fueron asaltados cuando se trasladaban por una carretera de Sinaloa.<\/p>\n\n\n\n<p>Medios locales apuntaron que el hecho ocurri\u00f3 mientras el funcionario estatal y su equipo transitaban por la carretera que va de Culiac\u00e1n a Mazatl\u00e1n, para un encuentro con empresarios e inversionistas del sector gastron\u00f3mico<\/p>\n\n\n\n<p>Se apunt\u00f3 que tanto Gradillas Pineda como su equipo de trabajo se encuentran en buen estado de salud y que no pas\u00f3 del susto.<\/p>\n\n\n\n<p>Comunicaci\u00f3n social de la dependencia estatal detall\u00f3 que el caso ya est\u00e1 siendo atendido por las autoridades ministeriales.<\/p>\n\n\n\n<p>Este asalto al funcionario sonorense se enmarca en la ola de violencia que vive Sinaloa desde inicios de septiembre debido a las pugnas entre Los Mayos y Los Chapitos, derivado de la detenci\u00f3n en un aeropuerto de Nuevo M\u00e9xico, en EE.UU., del narcotraficante Ismael Mayo Zambada, ocurrida el 25 de julio de 2024.<\/p>\n\n\n\n<p><a href=\"https:\/\/lopezdoriga.com\/nacional\/asaltan-roberto-gradillas-secretario-economia-turismo-de-sonora-carretera-sinaloa\/\">https:\/\/lopezdoriga.com\/nacional\/asaltan-roberto-gradillas-secretario-economia-turismo-de-sonora-carretera-sinaloa\/<\/a><\/p>\n","protected":false},"excerpt":{"rendered":"<p>El asalto al titular de Econom\u00eda y Turismo de Sonora ocurri\u00f3 cuando se dirig\u00eda por carretera a Mazatl\u00e1n, en Sinaloa Tomado de L\u00f3pez-D\u00f3riga Digital Redacci\u00f3n S\u00e1bado 15 de marzo de 2025 Roberto Gradillas Pineda, secretario de Econom\u00eda y Turismo de Sonora, y su equipo de trabajo fueron asaltados cuando se trasladaban por una carretera de [&hellip;]<\/p>\n","protected":false},"author":1,"featured_media":25914,"comment_status":"open","ping_status":"open","sticky":false,"template":"","format":"standard","meta":{"content-type":"","footnotes":""},"categories":[105,113,9],"tags":[],"class_list":{"0":"post-25912","1":"post","2":"type-post","3":"status-publish","4":"format-standard","5":"has-post-thumbnail","7":"category-principal","8":"category-seguridad","9":"category-sonora"},"_links":{"self":[{"href":"https:\/\/www.regioncuatronoticias.com\/index.php\/wp-json\/wp\/v2\/posts\/25912","targetHints":{"allow":["GET"]}}],"collection":[{"href":"https:\/\/www.regioncuatronoticias.com\/index.php\/wp-json\/wp\/v2\/posts"}],"about":[{"href":"https:\/\/www.regioncuatronoticias.com\/index.php\/wp-json\/wp\/v2\/types\/post"}],"author":[{"embeddable":true,"href":"https:\/\/www.regioncuatronoticias.com\/index.php\/wp-json\/wp\/v2\/users\/1"}],"replies":[{"embeddable":true,"href":"https:\/\/www.regioncuatronoticias.com\/index.php\/wp-json\/wp\/v2\/comments?post=25912"}],"version-history":[{"count":1,"href":"https:\/\/www.regioncuatronoticias.com\/index.php\/wp-json\/wp\/v2\/posts\/25912\/revisions"}],"predecessor-version":[{"id":25915,"href":"https:\/\/www.regioncuatronoticias.com\/index.php\/wp-json\/wp\/v2\/posts\/25912\/revisions\/25915"}],"wp:featuredmedia":[{"embeddable":true,"href":"https:\/\/www.regioncuatronoticias.com\/index.php\/wp-json\/wp\/v2\/media\/25914"}],"wp:attachment":[{"href":"https:\/\/www.regioncuatronoticias.com\/index.php\/wp-json\/wp\/v2\/media?parent=25912"}],"wp:term":[{"taxonomy":"category","embeddable":true,"href":"https:\/\/www.regioncuatronoticias.com\/index.php\/wp-json\/wp\/v2\/categories?post=25912"},{"taxonomy":"post_tag","embeddable":true,"href":"https:\/\/www.regioncuatronoticias.com\/index.php\/wp-json\/wp\/v2\/tags?post=25912"}],"curies":[{"name":"wp","href":"https:\/\/api.w.org\/{rel}","templated":true}]}}