{"id":25909,"date":"2025-03-14T20:00:35","date_gmt":"2025-03-15T03:00:35","guid":{"rendered":"https:\/\/www.regioncuatronoticias.com\/?p=25909"},"modified":"2025-03-14T20:00:39","modified_gmt":"2025-03-15T03:00:39","slug":"colocan-veladoras-donde-fueron-atropelladas-las-dos-madres-de-familias-tras-dejar-a-sus-hijas-en-escuela-privada","status":"publish","type":"post","link":"https:\/\/www.regioncuatronoticias.com\/index.php\/2025\/03\/14\/colocan-veladoras-donde-fueron-atropelladas-las-dos-madres-de-familias-tras-dejar-a-sus-hijas-en-escuela-privada\/","title":{"rendered":"Colocan veladoras donde fueron atropelladas las dos madres de familias tras dejar a sus hijas en escuela privada"},"content":{"rendered":"\n<p>Tomado de Dossier Pol\u00edtico<\/p>\n\n\n\n<p>Santiago Garc\u00eda C.<\/p>\n\n\n\n<p>Viernes 14 de marzo de 2025<\/p>\n\n\n\n<p>Hermosillo, Sonora.- Veladoras, flores y fotograf\u00edas de las dos v\u00edctimas que perdieron la vida al ser atropelladas, fueron colocadas en el lugar del accidente, sobre la calle Perimetral y Antonio Quiroga.<\/p>\n\n\n\n<p>Perla Patricia Ruiz L\u00f3pez y Mayra Guti\u00e9rrez Higuera son las dos madres de familia que fallecieron en el accidente tras dejar a sus hijas en el instituto Alem\u00e1n Multicultural, ubicado sobre el bulevar.<\/p>\n\n\n\n<p>Hoy viernes por la ma\u00f1ana, se distribuy\u00f3 en el lugar de los hechos un folleto cuyo contenido textual es \u201cT\u00fa eres responsable de mi muerte\u201d.<\/p>\n\n\n\n<p>\u201cTu Protecci\u00f3n Civil que autorizas el funcionamiento de escuelas en \u00e1reas no apropiadas, t\u00fa que no supervisas el acceso de los alumnos, t\u00fa que permites el crecimiento de escuelas\u201d.<\/p>\n\n\n\n<p>\u201cTu municipio que ahorcas el tr\u00e1fico al solo existir una salida de miles de personas solo por una calle y permites que sigan creciendo el n\u00famero de colonias en la zona\u201d.<\/p>\n\n\n\n<p>\u201cTu direcci\u00f3n de Tr\u00e1nsito que no programas los sem\u00e1foros con tiempos suficientes para el cruce \u00e1gil de veh\u00edculos y dise\u00f1as carriles inoperantes para veh\u00edculos, dos carriles a la izquierda y una sola hacia la derecha\u201d.<\/p>\n\n\n\n<p>Al calce del folleto vienen los nombres de las dos v\u00edctimas.<\/p>\n\n\n\n<p>Como se recordar\u00e1 el accidente ocurri\u00f3 a las 7:30 horas y a pesar de que ambas mujeres de 44 a\u00f1os fueron trasladadas a recibir atenci\u00f3n m\u00e9dica, murieron en el nosocomio debido a las m\u00faltiples lesiones.<\/p>\n\n\n\n<p>Este viernes las clases en la escuela particular no se suspendieron, sin embargo hubo ausencia de alumnos cuyos padres decidieron no enviarlos por la situaci\u00f3n presentada el jueves por la ma\u00f1ana y varios de los alumnos presenciaron el accidente fatal.<\/p>\n\n\n\n<p>El caso sigue su curso legal para determinar responsabilidad por parte de la persona detenida, Michelle Guadalupe, de 25 a\u00f1os de edad, conductora del veh\u00edculo que atropell\u00f3 a las dos mujeres.<\/p>\n\n\n\n<p><a href=\"https:\/\/dossierpolitico.com\/2025\/03\/14\/colocan-veladoras-donde-fueron-atropelladas-las-dos-madres-de-familias-tras-dejar-a-sus-hijas-en-escuela-privada\/\">https:\/\/dossierpolitico.com\/2025\/03\/14\/colocan-veladoras-donde-fueron-atropelladas-las-dos-madres-de-familias-tras-dejar-a-sus-hijas-en-escuela-privada\/<\/a><\/p>\n","protected":false},"excerpt":{"rendered":"<p>Tomado de Dossier Pol\u00edtico Santiago Garc\u00eda C. Viernes 14 de marzo de 2025 Hermosillo, Sonora.- Veladoras, flores y fotograf\u00edas de las dos v\u00edctimas que perdieron la vida al ser atropelladas, fueron colocadas en el lugar del accidente, sobre la calle Perimetral y Antonio Quiroga. Perla Patricia Ruiz L\u00f3pez y Mayra Guti\u00e9rrez Higuera son las dos [&hellip;]<\/p>\n","protected":false},"author":1,"featured_media":25910,"comment_status":"open","ping_status":"open","sticky":false,"template":"","format":"standard","meta":{"content-type":"","footnotes":""},"categories":[8,113],"tags":[],"class_list":{"0":"post-25909","1":"post","2":"type-post","3":"status-publish","4":"format-standard","5":"has-post-thumbnail","7":"category-hermosillo","8":"category-seguridad"},"_links":{"self":[{"href":"https:\/\/www.regioncuatronoticias.com\/index.php\/wp-json\/wp\/v2\/posts\/25909","targetHints":{"allow":["GET"]}}],"collection":[{"href":"https:\/\/www.regioncuatronoticias.com\/index.php\/wp-json\/wp\/v2\/posts"}],"about":[{"href":"https:\/\/www.regioncuatronoticias.com\/index.php\/wp-json\/wp\/v2\/types\/post"}],"author":[{"embeddable":true,"href":"https:\/\/www.regioncuatronoticias.com\/index.php\/wp-json\/wp\/v2\/users\/1"}],"replies":[{"embeddable":true,"href":"https:\/\/www.regioncuatronoticias.com\/index.php\/wp-json\/wp\/v2\/comments?post=25909"}],"version-history":[{"count":1,"href":"https:\/\/www.regioncuatronoticias.com\/index.php\/wp-json\/wp\/v2\/posts\/25909\/revisions"}],"predecessor-version":[{"id":25911,"href":"https:\/\/www.regioncuatronoticias.com\/index.php\/wp-json\/wp\/v2\/posts\/25909\/revisions\/25911"}],"wp:featuredmedia":[{"embeddable":true,"href":"https:\/\/www.regioncuatronoticias.com\/index.php\/wp-json\/wp\/v2\/media\/25910"}],"wp:attachment":[{"href":"https:\/\/www.regioncuatronoticias.com\/index.php\/wp-json\/wp\/v2\/media?parent=25909"}],"wp:term":[{"taxonomy":"category","embeddable":true,"href":"https:\/\/www.regioncuatronoticias.com\/index.php\/wp-json\/wp\/v2\/categories?post=25909"},{"taxonomy":"post_tag","embeddable":true,"href":"https:\/\/www.regioncuatronoticias.com\/index.php\/wp-json\/wp\/v2\/tags?post=25909"}],"curies":[{"name":"wp","href":"https:\/\/api.w.org\/{rel}","templated":true}]}}